{"id":12212,"date":"2023-12-21T05:38:11","date_gmt":"2023-12-21T05:38:11","guid":{"rendered":"https:\/\/fmamiga909.com.ar\/?p=12212"},"modified":"2023-12-21T05:38:11","modified_gmt":"2023-12-21T05:38:11","slug":"talleres-ya-tiene-tecnico-walter-ribonetto-reemplazara-a-gandolfi","status":"publish","type":"post","link":"https:\/\/fmamiga909.com.ar\/?p=12212","title":{"rendered":"Talleres ya tiene t\u00e9cnico: Walter Ribonetto reemplazar\u00e1 a Gandolfi"},"content":{"rendered":"<div>\n<figure class=\"mb-3\"><img decoding=\"async\" src=\"https:\/\/www.telam.com.ar\/thumbs\/bluesteel\/advf\/imagenes\/2023\/12\/658336265c4e0_1200.jpg\" class=\" lazy \" width=\"100%\" height=\"100%\" alt=\"Ribonetto llega desde la Reserva de la T para ser el entrenador principal Foto X CATalleresdecba\"\/><figcaption> Ribonetto llega desde la Reserva de la \u00abT\u00bb para ser el entrenador principal | Foto: X @CATalleresdecba <\/figcaption><\/figure>\n<p><strong>Walter Ribonetto <\/strong>se convirti\u00f3 este mi\u00e9rcoles en el nuevo entrenador de Talleres de C\u00f3rdoba, en reemplazo del saliente Javier Gandolfi, con miras a la pr\u00f3xima temporada, en la que tendr\u00e1 a la Copa Libertadores de Am\u00e9rica como m\u00e1ximo objetivo deportivo.<\/p>\n<p>Ribonetto, de 49 a\u00f1os, viene de dirigir la reserva del club \u00abtallar\u00edn\u00bb y estar\u00e1 acompa\u00f1ado en este nueva etapa por el exarquero <strong>Mauricio Caranta<\/strong> como ayudante de campo.<\/p>\n<p>El flamante DT fue presentado de manera oficial este mediod\u00eda luego del entrenamiento matutino con la presencia del presidente de la instituci\u00f3n cordobesa, Andr\u00e9s Fassi; el capit\u00e1n del equipo, Guido Herrera; y la comisi\u00f3n directiva \u00abalbiazul\u00bb,<\/p>\n<p>\u00abEstoy preparado para este nuevo desaf\u00edo. S\u00e9 que es algo muy importante, que estamos en una de las instituciones m\u00e1s importantes de Sudam\u00e9rica y el mundo\u00bb, dijo en conferencia de prensa el t\u00e9cnico, que ya se ven\u00eda desempe\u00f1ando de manera interina al frente del plantel de la \u00abT\u00bb tras la salida de Gandolfi.<\/p>\n<p>Adem\u00e1s de la confirmaci\u00f3n de Ribonetto, el exmediocampista de Talleres Pablo Gui\u00f1az\u00fa fue designado como nuevo Director Deportivo.<\/p>\n<blockquote class=\"twitter-tweet\">\n<p lang=\"es\" dir=\"ltr\">\ud83d\udc99 <a href=\"https:\/\/twitter.com\/hashtag\/ADNALBIAZUL?src=hash&amp;ref_src=twsrc%5Etfw\">#ADNALBIAZUL<\/a> para el cuerpo t\u00e9cnico Temporada 2024<\/p>\n<p>\u270d\ufe0f La Comisi\u00f3n Directiva resolvi\u00f3 ratificar la confianza en el cuerpo t\u00e9cnico institucional conducido por Walter Ribonetto y la incorporaci\u00f3n de Pablo Gui\u00f1az\u00fa y Mauricio Caranta a los equipos de trabajo para las competencias\u2026 <a href=\"https:\/\/t.co\/uDjFNAtofu\">pic.twitter.com\/uDjFNAtofu<\/a><\/p>\n<p>\u2014 Club Atl\u00e9tico Talleres (@CATalleresdecba) <a href=\"https:\/\/twitter.com\/CATalleresdecba\/status\/1737512375727595776?ref_src=twsrc%5Etfw\">December 20, 2023<\/a><\/p><\/blockquote>\n<p> Tallares de C\u00f3rdoba volver\u00e1 a participar del m\u00e1ximo torneo continental en la pr\u00f3xima temporada y adem\u00e1s afrontar\u00e1 la Copa de la Liga y la Copa Argentina. <\/div>\n<p><script async src=\"\/\/platform.twitter.com\/widgets.js\" charset=\"utf-8\"><\/script><script async defer crossorigin=\"anonymous\" src=\"https:\/\/connect.facebook.net\/es_LA\/sdk.js#xfbml=1&#038;version=v12.0\" nonce=\"SBlHQzIF\"><\/script><br \/><a href=\"https:\/\/www.telam.com.ar\/notas\/202312\/650128-walter-ribonetto-nuevo-tecnico-talleres-de-cordoba-javier-gandolfi.html\">source<\/a><\/p>\n","protected":false},"excerpt":{"rendered":"<p>Ribonetto llega desde la Reserva de la \u00abT\u00bb para ser el entrenador principal | Foto:&#8230;<\/p>\n","protected":false},"author":3,"featured_media":12213,"comment_status":"closed","ping_status":"closed","sticky":false,"template":"","format":"standard","meta":{"footnotes":""},"categories":[21],"tags":[],"class_list":["post-12212","post","type-post","status-publish","format-standard","has-post-thumbnail","hentry","category-deportes"],"featured_image_urls":{"full":["https:\/\/fmamiga909.com.ar\/wp-content\/uploads\/2023\/12\/wp-header-logo-139.png",1200,675,false],"thumbnail":["https:\/\/fmamiga909.com.ar\/wp-content\/uploads\/2023\/12\/wp-header-logo-139-150x150.png",150,150,true],"medium":["https:\/\/fmamiga909.com.ar\/wp-content\/uploads\/2023\/12\/wp-header-logo-139-300x169.png",300,169,true],"medium_large":["https:\/\/fmamiga909.com.ar\/wp-content\/uploads\/2023\/12\/wp-header-logo-139.png",1200,675,false],"large":["https:\/\/fmamiga909.com.ar\/wp-content\/uploads\/2023\/12\/wp-header-logo-139-1024x576.png",640,360,true],"1536x1536":["https:\/\/fmamiga909.com.ar\/wp-content\/uploads\/2023\/12\/wp-header-logo-139.png",1200,675,false],"2048x2048":["https:\/\/fmamiga909.com.ar\/wp-content\/uploads\/2023\/12\/wp-header-logo-139.png",1200,675,false],"newsium-slider-full":["https:\/\/fmamiga909.com.ar\/wp-content\/uploads\/2023\/12\/wp-header-logo-139.png",1200,675,false],"newsium-featured":["https:\/\/fmamiga909.com.ar\/wp-content\/uploads\/2023\/12\/wp-header-logo-139-1024x576.png",1024,576,true],"newsium-medium":["https:\/\/fmamiga909.com.ar\/wp-content\/uploads\/2023\/12\/wp-header-logo-139-720x475.png",720,475,true]},"author_info":{"display_name":"Fredy Giuliano","author_link":"https:\/\/fmamiga909.com.ar\/?author=3"},"category_info":"<a href=\"https:\/\/fmamiga909.com.ar\/?cat=21\" rel=\"category\">Deportes<\/a>","tag_info":"Deportes","comment_count":"0","_links":{"self":[{"href":"https:\/\/fmamiga909.com.ar\/index.php?rest_route=\/wp\/v2\/posts\/12212","targetHints":{"allow":["GET"]}}],"collection":[{"href":"https:\/\/fmamiga909.com.ar\/index.php?rest_route=\/wp\/v2\/posts"}],"about":[{"href":"https:\/\/fmamiga909.com.ar\/index.php?rest_route=\/wp\/v2\/types\/post"}],"author":[{"embeddable":true,"href":"https:\/\/fmamiga909.com.ar\/index.php?rest_route=\/wp\/v2\/users\/3"}],"replies":[{"embeddable":true,"href":"https:\/\/fmamiga909.com.ar\/index.php?rest_route=%2Fwp%2Fv2%2Fcomments&post=12212"}],"version-history":[{"count":0,"href":"https:\/\/fmamiga909.com.ar\/index.php?rest_route=\/wp\/v2\/posts\/12212\/revisions"}],"wp:featuredmedia":[{"embeddable":true,"href":"https:\/\/fmamiga909.com.ar\/index.php?rest_route=\/wp\/v2\/media\/12213"}],"wp:attachment":[{"href":"https:\/\/fmamiga909.com.ar\/index.php?rest_route=%2Fwp%2Fv2%2Fmedia&parent=12212"}],"wp:term":[{"taxonomy":"category","embeddable":true,"href":"https:\/\/fmamiga909.com.ar\/index.php?rest_route=%2Fwp%2Fv2%2Fcategories&post=12212"},{"taxonomy":"post_tag","embeddable":true,"href":"https:\/\/fmamiga909.com.ar\/index.php?rest_route=%2Fwp%2Fv2%2Ftags&post=12212"}],"curies":[{"name":"wp","href":"https:\/\/api.w.org\/{rel}","templated":true}]}}