{"id":12216,"date":"2023-12-21T09:41:07","date_gmt":"2023-12-21T09:41:07","guid":{"rendered":"https:\/\/fmamiga909.com.ar\/?p=12216"},"modified":"2023-12-21T09:41:07","modified_gmt":"2023-12-21T09:41:07","slug":"internaron-al-pocho-lavezzi-en-punta-del-este","status":"publish","type":"post","link":"https:\/\/fmamiga909.com.ar\/?p=12216","title":{"rendered":"Internaron al &quot;Pocho&quot; Lavezzi en Punta del Este"},"content":{"rendered":"<div>\n<figure class=\"mb-3\"><img decoding=\"async\" src=\"https:\/\/www.telam.com.ar\/thumbs\/bluesteel\/advf\/imagenes\/2018\/04\/5ae4bd1eeba8e_1200.jpg\" class=\" lazy \" width=\"100%\" height=\"100%\" alt=\"Foto Archivo\"\/><figcaption> Foto: Archivo. <\/figcaption><\/figure>\n<p> El exfutbolista de la selecci\u00f3n argentina <strong>Ezequiel \u201cPocho\u201d Lavezzi<\/strong> fue internado esta madrugada en un sanatorio privado de la ciudad uruguaya de Punta del Este <strong>con una fractura de om\u00f3plato<\/strong>, informaron fuentes policiales.<\/p>\n<p>Si bien las circunstancias en las que se produjo la lesi\u00f3n no fueron informadas, fuentes de la Jefatura de Polic\u00eda de Maldonado reportaron que est\u00e1n bajo investigaci\u00f3n.<\/p>\n<p>Un parte de la polic\u00eda local al que accedi\u00f3 T\u00e9lam indic\u00f3 que a las 5 de hoy \u201cconcurre m\u00f3vil policial a Arenas de Jos\u00e9 Ignacio, Jurisdicci\u00f3n de Seccional 13 donde solicitan apoyo a La Emergencia\u201d.<\/p>\n<p>El informe se\u00f1ala que, al arribo del m\u00f3vil, se encontr\u00f3 a la \u201cv\u00edctima\u201d, Lavezzi, \u201clesionado siendo atendido por m\u00f3vil de la Emergencia\u201d cuyo m\u00e9dico \u201cdiagnostica fractura de om\u00f3plato traslad\u00e1ndolo a Sanatorio Cantegril\u201d.<\/p>\n<p><strong>\u201cSe desconoce al momento c\u00f3mo se realiz\u00f3 la lesi\u00f3n, el mismo se encontraba en una fiesta\u201d<\/strong>, concluye el parte.<\/p>\n<p>Paola Hern\u00e1ndez, oficial principal de la Jefatura de Polic\u00eda de Maldonado, reiter\u00f3 esta ma\u00f1ana al canal de noticias TN, la informaci\u00f3n oficial del parte y, <strong>pese a la versi\u00f3n de algunos medios uruguayos que mencionan que Lavezzi tambi\u00e9n hab\u00eda sido apu\u00f1alado, aclar\u00f3 que \u201cal momento no se constata por parte de los m\u00e9dicos una lesi\u00f3n de arma blanca\u201d<\/strong>.<\/p>\n<p>Al respecto, el diario El Observador titul\u00f3: \u201cApu\u00f1alaron al exfutbolista argentino Ezequiel Lavezzi en Punta del Este: fue una discusi\u00f3n familiar\u201d, y se\u00f1ala que fuentes policiales le confirmaron que el hecho fue \u201cpor un asunto de dinero\u201d.<\/p>\n<p>\u201cSe desconoce al momento (c\u00f3mo fueron) los hechos. Se est\u00e1 trabajando tomando declaraciones a los testigos del lugar, caseros y empleados. Al momento, no se sabe el motivo de la lesi\u00f3n\u201d, agreg\u00f3 la funcionaria policial.<\/p>\n<p>Hern\u00e1ndez agreg\u00f3 que, entrevistado por el personal policial, Lavezzi les dijo que hab\u00eda tenido \u00abuna fiesta\u00bb y que, al irse a acostar, sinti\u00f3 \u00abun dolor\u00bb.<\/p>\n<p>\u00abPor eso llaman a la emergencia y al m\u00f3vil y ah\u00ed<strong> se diagnostica la fractura y lo trasladan<\/strong>\u201d, asegur\u00f3 la oficial principal de la Jefatura de Polic\u00eda de Maldonado.<\/p>\n<p>\u201cSe van a tomar declaraciones durante el d\u00eda para esclarecer los hechos\u201d, concluy\u00f3 la vocera policial.<\/p>\n<p>Lavezzi (38), oriundo de la localidad santafesina de Villa Gobernador G\u00e1lvez, surgi\u00f3 en el club Estudiantes de Buenos Aires, pero fue figura en San Lorenzo de Almagro, luego se fue a jugar a Europa, donde se destac\u00f3 en el N\u00e1poli de Italia y el Paris Saint German y se retir\u00f3 en 2019, a los 34 a\u00f1os, luego de jugar en el Hebei Fortune de China.<\/p>\n<p>En la selecci\u00f3n argentina de f\u00fatbol, obtuvo la medalla de oro en los juegos ol\u00edmpicos de Beijing 2008 y jug\u00f3 la final del mundial Brasil 2014, donde sali\u00f3 subcampe\u00f3n.<\/p>\n<\/div>\n<p><script async defer crossorigin=\"anonymous\" src=\"https:\/\/connect.facebook.net\/es_LA\/sdk.js#xfbml=1&#038;version=v12.0\" nonce=\"SBlHQzIF\"><\/script><br \/><a href=\"https:\/\/www.telam.com.ar\/notas\/202312\/650112-ezequiel-lavezzi-internado-punta-del-este.html\">source<\/a><\/p>\n","protected":false},"excerpt":{"rendered":"<p>Foto: Archivo. El exfutbolista de la selecci\u00f3n argentina Ezequiel \u201cPocho\u201d Lavezzi fue internado esta madrugada&#8230;<\/p>\n","protected":false},"author":3,"featured_media":12217,"comment_status":"closed","ping_status":"closed","sticky":false,"template":"","format":"standard","meta":{"footnotes":""},"categories":[21],"tags":[],"class_list":["post-12216","post","type-post","status-publish","format-standard","has-post-thumbnail","hentry","category-deportes"],"featured_image_urls":{"full":["https:\/\/fmamiga909.com.ar\/wp-content\/uploads\/2023\/12\/wp-header-logo-141.png",1004,565,false],"thumbnail":["https:\/\/fmamiga909.com.ar\/wp-content\/uploads\/2023\/12\/wp-header-logo-141-150x150.png",150,150,true],"medium":["https:\/\/fmamiga909.com.ar\/wp-content\/uploads\/2023\/12\/wp-header-logo-141-300x169.png",300,169,true],"medium_large":["https:\/\/fmamiga909.com.ar\/wp-content\/uploads\/2023\/12\/wp-header-logo-141.png",1004,565,false],"large":["https:\/\/fmamiga909.com.ar\/wp-content\/uploads\/2023\/12\/wp-header-logo-141.png",640,360,false],"1536x1536":["https:\/\/fmamiga909.com.ar\/wp-content\/uploads\/2023\/12\/wp-header-logo-141.png",1004,565,false],"2048x2048":["https:\/\/fmamiga909.com.ar\/wp-content\/uploads\/2023\/12\/wp-header-logo-141.png",1004,565,false],"newsium-slider-full":["https:\/\/fmamiga909.com.ar\/wp-content\/uploads\/2023\/12\/wp-header-logo-141.png",1004,565,false],"newsium-featured":["https:\/\/fmamiga909.com.ar\/wp-content\/uploads\/2023\/12\/wp-header-logo-141.png",1004,565,false],"newsium-medium":["https:\/\/fmamiga909.com.ar\/wp-content\/uploads\/2023\/12\/wp-header-logo-141-720x475.png",720,475,true]},"author_info":{"display_name":"Fredy Giuliano","author_link":"https:\/\/fmamiga909.com.ar\/?author=3"},"category_info":"<a href=\"https:\/\/fmamiga909.com.ar\/?cat=21\" rel=\"category\">Deportes<\/a>","tag_info":"Deportes","comment_count":"0","_links":{"self":[{"href":"https:\/\/fmamiga909.com.ar\/index.php?rest_route=\/wp\/v2\/posts\/12216","targetHints":{"allow":["GET"]}}],"collection":[{"href":"https:\/\/fmamiga909.com.ar\/index.php?rest_route=\/wp\/v2\/posts"}],"about":[{"href":"https:\/\/fmamiga909.com.ar\/index.php?rest_route=\/wp\/v2\/types\/post"}],"author":[{"embeddable":true,"href":"https:\/\/fmamiga909.com.ar\/index.php?rest_route=\/wp\/v2\/users\/3"}],"replies":[{"embeddable":true,"href":"https:\/\/fmamiga909.com.ar\/index.php?rest_route=%2Fwp%2Fv2%2Fcomments&post=12216"}],"version-history":[{"count":0,"href":"https:\/\/fmamiga909.com.ar\/index.php?rest_route=\/wp\/v2\/posts\/12216\/revisions"}],"wp:featuredmedia":[{"embeddable":true,"href":"https:\/\/fmamiga909.com.ar\/index.php?rest_route=\/wp\/v2\/media\/12217"}],"wp:attachment":[{"href":"https:\/\/fmamiga909.com.ar\/index.php?rest_route=%2Fwp%2Fv2%2Fmedia&parent=12216"}],"wp:term":[{"taxonomy":"category","embeddable":true,"href":"https:\/\/fmamiga909.com.ar\/index.php?rest_route=%2Fwp%2Fv2%2Fcategories&post=12216"},{"taxonomy":"post_tag","embeddable":true,"href":"https:\/\/fmamiga909.com.ar\/index.php?rest_route=%2Fwp%2Fv2%2Ftags&post=12216"}],"curies":[{"name":"wp","href":"https:\/\/api.w.org\/{rel}","templated":true}]}}