{"id":12218,"date":"2023-12-21T13:43:52","date_gmt":"2023-12-21T13:43:52","guid":{"rendered":"https:\/\/fmamiga909.com.ar\/?p=12218"},"modified":"2023-12-21T13:43:52","modified_gmt":"2023-12-21T13:43:52","slug":"quimsa-fue-mucho-mas-que-gimnasia-de-comodoro-y-se-consagro-campeon-de-la-supercopa","status":"publish","type":"post","link":"https:\/\/fmamiga909.com.ar\/?p=12218","title":{"rendered":"Quimsa fue mucho m\u00e1s que Gimnasia de Comodoro y se consagr\u00f3 campe\u00f3n de la Supercopa"},"content":{"rendered":"<div>\n<figure class=\"mb-3\"><img decoding=\"async\" src=\"https:\/\/www.telam.com.ar\/thumbs\/bluesteel\/advf\/imagenes\/2023\/12\/6583c72c9a6c0_1200.jpg\" class=\" lazy \" width=\"100%\" height=\"100%\" alt=\"Foto Edgardo Valera\"\/><figcaption> Foto Edgardo Valera <\/figcaption><\/figure>\n<p> Quimsa, de Santiago del Estero, campe\u00f3n vigente de la Liga Nacional de B\u00e1squetbol, se qued\u00f3 este mi\u00e9rcoles con la Supercopa de la temporada ante el ganador del S\u00faper 20, Gimnasia y Esgrima, de Comodoro Rivadavia, al que derrot\u00f3 con holgura, por 86 a 71, en el encuentro definitorio que tuvo lugar en el estadio Federaci\u00f3n, de San Salvador de Jujuy.<\/p>\n<p>Esta fue la quinta edici\u00f3n de la Supercopa, que se desarrolla desde 2017 bajo la organizaci\u00f3n de la Asociaci\u00f3n de Clubes de B\u00e1squetbol (AdC).<\/p>\n<p>\u00a0<\/p>\n<blockquote class=\"twitter-tweet\" data-media-max-width=\"560\">\n<p lang=\"es\" dir=\"ltr\">\ud83d\udd25 Todo a pedir de <a href=\"https:\/\/twitter.com\/BrussinoJuan?ref_src=twsrc%5Etfw\">@BrussinoJuan<\/a> <a href=\"https:\/\/twitter.com\/AAQuimsa?ref_src=twsrc%5Etfw\">@AAQuimsa<\/a> <\/p>\n<p>\ud83d\udcca <a href=\"https:\/\/t.co\/eg5et4kSww\">https:\/\/t.co\/eg5et4kSww<\/a><br \/>\ud83d\udcfa En vivo por <a href=\"https:\/\/twitter.com\/TyCSports?ref_src=twsrc%5Etfw\">@TyCSports<\/a> <a href=\"https:\/\/t.co\/DQKbjV9lnW\">pic.twitter.com\/DQKbjV9lnW<\/a><\/p>\n<p>\u2014 #LaLiga40 (@LigaNacional) <a href=\"https:\/\/twitter.com\/LigaNacional\/status\/1737650769145602361?ref_src=twsrc%5Etfw\">December 21, 2023<\/a><\/p><\/blockquote>\n<p> Quimsa gan\u00f3 la Supercopa por segunda vez, ya que la hab\u00eda obtenido en 2021 la tercera edici\u00f3n cuando \u00abdestron\u00f3\u00bb a San Lorenzo, que hab\u00eda ganado las dos primeras en 2017 (super\u00f3 a Regatas Corrientes) y 2018 (a otro correntino como San Mart\u00edn).<\/p>\n<p>Despu\u00e9s, en 2019 y 2020 no se jug\u00f3 por la pandemia de coronavirus, y reci\u00e9n se reanud\u00f3 el a\u00f1o pasado, cuando Quimsa tambi\u00e9n volvi\u00f3 a jugarla, pero termin\u00f3 cayendo ante Instituto, de C\u00f3rdoba.<\/p>\n<p>Por lo tanto ahora, al cabo de cinco ediciones, Quimsa comparte con San Lorenzo la estad\u00edstica de m\u00e1ximos ganadores de la Supercopa con dos t\u00edtulos cada uno.<\/p>\n<blockquote class=\"twitter-tweet\">\n<p lang=\"es\" dir=\"ltr\">\ud83c\udf89 \u00a1<a href=\"https:\/\/twitter.com\/AAQuimsa?ref_src=twsrc%5Etfw\">@AAQuimsa<\/a> es el campe\u00f3n de la \ud835\udc12\ud835\udc2e\ud835\udc29\ud835\udc1e\ud835\udc2b\ud835\udc1c\ud835\udc28\ud835\udc29\ud835\udc1a \ud835\udfd0\ud835\udfce\ud835\udfd0\ud835\udfd1! \ud83c\udfc6 <a href=\"https:\/\/t.co\/Nm41kwfKwC\">pic.twitter.com\/Nm41kwfKwC<\/a><\/p>\n<p>\u2014 #LaLiga40 (@LigaNacional) <a href=\"https:\/\/twitter.com\/LigaNacional\/status\/1737654020091805975?ref_src=twsrc%5Etfw\">December 21, 2023<\/a><\/p><\/blockquote>\n<p><figure class=\"mb-3\"><img decoding=\"async\" src=\"https:\/\/www.telam.com.ar\/thumbs\/bluesteel\/advf\/imagenes\/2023\/12\/6583c72c77f4a_1200.jpg\" class=\" lazy \" width=\"100%\" height=\"100%\" alt=\"Foto Edgardo Valera\"\/><figcaption> Foto Edgardo Valera <\/figcaption><\/figure>\n<p><\/p>\n<figure class=\"mb-3\"><img decoding=\"async\" src=\"https:\/\/www.telam.com.ar\/thumbs\/bluesteel\/advf\/imagenes\/2023\/12\/6583c72c54110_1200.jpg\" class=\" lazy \" width=\"100%\" height=\"100%\" alt=\"Foto Edgardo Valera\"\/><figcaption> Foto Edgardo Valera <\/figcaption><\/figure>\n<\/p>\n<\/div>\n<p><script async src=\"\/\/platform.twitter.com\/widgets.js\" charset=\"utf-8\"><\/script><script async defer crossorigin=\"anonymous\" src=\"https:\/\/connect.facebook.net\/es_LA\/sdk.js#xfbml=1&#038;version=v12.0\" nonce=\"SBlHQzIF\"><\/script><br \/><a href=\"https:\/\/www.telam.com.ar\/notas\/202312\/650170-quimsa-gimnasia-y-esgrima-de-comodoro-supercopa-basquet-liga-nacional-de-basquet-villagran-ramella.html\">source<\/a><\/p>\n","protected":false},"excerpt":{"rendered":"<p>Foto Edgardo Valera Quimsa, de Santiago del Estero, campe\u00f3n vigente de la Liga Nacional de&#8230;<\/p>\n","protected":false},"author":3,"featured_media":12219,"comment_status":"closed","ping_status":"closed","sticky":false,"template":"","format":"standard","meta":{"footnotes":""},"categories":[21],"tags":[],"class_list":["post-12218","post","type-post","status-publish","format-standard","has-post-thumbnail","hentry","category-deportes"],"featured_image_urls":{"full":["https:\/\/fmamiga909.com.ar\/wp-content\/uploads\/2023\/12\/wp-header-logo-142.png",1200,675,false],"thumbnail":["https:\/\/fmamiga909.com.ar\/wp-content\/uploads\/2023\/12\/wp-header-logo-142-150x150.png",150,150,true],"medium":["https:\/\/fmamiga909.com.ar\/wp-content\/uploads\/2023\/12\/wp-header-logo-142-300x169.png",300,169,true],"medium_large":["https:\/\/fmamiga909.com.ar\/wp-content\/uploads\/2023\/12\/wp-header-logo-142.png",1200,675,false],"large":["https:\/\/fmamiga909.com.ar\/wp-content\/uploads\/2023\/12\/wp-header-logo-142-1024x576.png",640,360,true],"1536x1536":["https:\/\/fmamiga909.com.ar\/wp-content\/uploads\/2023\/12\/wp-header-logo-142.png",1200,675,false],"2048x2048":["https:\/\/fmamiga909.com.ar\/wp-content\/uploads\/2023\/12\/wp-header-logo-142.png",1200,675,false],"newsium-slider-full":["https:\/\/fmamiga909.com.ar\/wp-content\/uploads\/2023\/12\/wp-header-logo-142.png",1200,675,false],"newsium-featured":["https:\/\/fmamiga909.com.ar\/wp-content\/uploads\/2023\/12\/wp-header-logo-142-1024x576.png",1024,576,true],"newsium-medium":["https:\/\/fmamiga909.com.ar\/wp-content\/uploads\/2023\/12\/wp-header-logo-142-720x475.png",720,475,true]},"author_info":{"display_name":"Fredy Giuliano","author_link":"https:\/\/fmamiga909.com.ar\/?author=3"},"category_info":"<a href=\"https:\/\/fmamiga909.com.ar\/?cat=21\" rel=\"category\">Deportes<\/a>","tag_info":"Deportes","comment_count":"0","_links":{"self":[{"href":"https:\/\/fmamiga909.com.ar\/index.php?rest_route=\/wp\/v2\/posts\/12218","targetHints":{"allow":["GET"]}}],"collection":[{"href":"https:\/\/fmamiga909.com.ar\/index.php?rest_route=\/wp\/v2\/posts"}],"about":[{"href":"https:\/\/fmamiga909.com.ar\/index.php?rest_route=\/wp\/v2\/types\/post"}],"author":[{"embeddable":true,"href":"https:\/\/fmamiga909.com.ar\/index.php?rest_route=\/wp\/v2\/users\/3"}],"replies":[{"embeddable":true,"href":"https:\/\/fmamiga909.com.ar\/index.php?rest_route=%2Fwp%2Fv2%2Fcomments&post=12218"}],"version-history":[{"count":0,"href":"https:\/\/fmamiga909.com.ar\/index.php?rest_route=\/wp\/v2\/posts\/12218\/revisions"}],"wp:featuredmedia":[{"embeddable":true,"href":"https:\/\/fmamiga909.com.ar\/index.php?rest_route=\/wp\/v2\/media\/12219"}],"wp:attachment":[{"href":"https:\/\/fmamiga909.com.ar\/index.php?rest_route=%2Fwp%2Fv2%2Fmedia&parent=12218"}],"wp:term":[{"taxonomy":"category","embeddable":true,"href":"https:\/\/fmamiga909.com.ar\/index.php?rest_route=%2Fwp%2Fv2%2Fcategories&post=12218"},{"taxonomy":"post_tag","embeddable":true,"href":"https:\/\/fmamiga909.com.ar\/index.php?rest_route=%2Fwp%2Fv2%2Ftags&post=12218"}],"curies":[{"name":"wp","href":"https:\/\/api.w.org\/{rel}","templated":true}]}}