{"id":12233,"date":"2023-12-22T03:51:59","date_gmt":"2023-12-22T03:51:59","guid":{"rendered":"https:\/\/fmamiga909.com.ar\/?p=12233"},"modified":"2023-12-22T03:51:59","modified_gmt":"2023-12-22T03:51:59","slug":"river-plate-y-rosario-central-definen-el-trofeo-de-campeones","status":"publish","type":"post","link":"https:\/\/fmamiga909.com.ar\/?p=12233","title":{"rendered":"River Plate y Rosario Central definen el Trofeo de Campeones"},"content":{"rendered":"<div>\n<figure class=\"mb-3\"><img decoding=\"async\" src=\"https:\/\/www.telam.com.ar\/thumbs\/bluesteel\/advf\/imagenes\/2023\/12\/657517f659297_1200.jpg\" class=\" lazy \" width=\"100%\" height=\"100%\" alt=\"Foto Daniel Cceres\"\/><figcaption> Foto: Daniel C\u00e1ceres. <\/figcaption><\/figure>\n<p><strong>River Plate, campe\u00f3n de la Liga Profesional, y Rosario Central, ganador de la Copa de la Liga<\/strong>, se enfrentar\u00e1n este viernes para definir al vencedor del <strong>Trofeo de Campeones 2023<\/strong>, \u00faltimo t\u00edtulo oficial de la temporada.<\/p>\n<p>El partido se jugar\u00e1 desde las 21.00 en el Estadio Madre de Ciudades de Santiago del Estero, contar\u00e1 con el arbitraje de Facundo Tello, H\u00e9ctor Paletta en el VAR y Lucas Novelli en AVAR y la transmisi\u00f3n estar\u00e1 a cargo de las se\u00f1ales de cable TNT Sports y ESPN Premium.<\/p>\n<p>Si el trofeo no tiene ganador al final de los 90 minutos reglamentarios, se definir\u00e1 en una pr\u00f3rroga de media hora o en tanda de penales, de ser necesario.<\/p>\n<blockquote class=\"twitter-tweet\">\n<p lang=\"es\" dir=\"ltr\"><a href=\"https:\/\/twitter.com\/hashtag\/TrofeoDeCampeones?src=hash&amp;ref_src=twsrc%5Etfw\">#TrofeoDeCampeones<\/a> \ud83c\udfc6 | Informaci\u00f3n sobre los ingresos para las parcialidades de <a href=\"https:\/\/twitter.com\/RosarioCentral?ref_src=twsrc%5Etfw\">@RosarioCentral<\/a> y <a href=\"https:\/\/twitter.com\/RiverPlate?ref_src=twsrc%5Etfw\">@RiverPlate<\/a><a href=\"https:\/\/t.co\/GpH4pTaRaC\">https:\/\/t.co\/GpH4pTaRaC<\/a> <a href=\"https:\/\/t.co\/rDeENDLPUp\">pic.twitter.com\/rDeENDLPUp<\/a><\/p>\n<p>\u2014 Liga Profesional de F\u00fatbol (@LigaAFA) <a href=\"https:\/\/twitter.com\/LigaAFA\/status\/1737841350606004364?ref_src=twsrc%5Etfw\">December 21, 2023<\/a><\/p><\/blockquote>\n<p><strong>Esta ser\u00e1 la tercera edici\u00f3n de la competencia<\/strong>. River gan\u00f3 la primera en 2021 en una final ante Col\u00f3n de Santa Fe y Racing se impuso sobre Boca Juniors en la segunda, el a\u00f1o pasado.<\/p>\n<p>El conjunto \u00abmillonario\u00bb se consagr\u00f3 campe\u00f3n de la pasada Liga Profesional, disputada entre el 27 de enero y el 28 de julio de 2023, con un total de 61 puntos, tras 27 encuentros disputados con 19 triunfos, cuatro empates y cuatro derrotas.<\/p>\n<h2 class=\"\">El \u00faltimo baile<\/h2>\n<p>\u00a0La final de este viernes <a href=\"https:\/\/www.telam.com.ar\/notas\/202312\/650201-futbol-trofeo-campeones-river-varios-historicos-rosario-central-santiago-del-estero.html\" target=\"_blank\" rel=\"noopener\"><strong>ser\u00e1 la \u00faltima funci\u00f3n con la camiseta de River<\/strong><\/a> para varios futbolistas hist\u00f3ricos del plantel como <strong>Enzo P\u00e9rez y Nicol\u00e1s De la Cruz<\/strong> y adem\u00e1s, el pr\u00f3ximo 31 de diciembre, se terminan los contratos de <strong>Emanuel Mammana, Jonatan Maidana, Bruno Zuculini, Mat\u00edas Su\u00e1rez y Leandro Gonz\u00e1lez P\u00edrez<\/strong>.<\/p>\n<p>El entrenador del equipo de N\u00fa\u00f1ez, <strong>Mart\u00edn Demichelis<\/strong>, realizar\u00e1 una sola modificaci\u00f3n en comparaci\u00f3n al once inicial que par\u00f3 en la semifinal del pasado s\u00e1bado 9 de diciembre en la que cay\u00f3 por penales por 2-0 tras empatar sin goles en el tiempo regular.<\/p>\n<blockquote class=\"twitter-tweet\">\n<p lang=\"qme\" dir=\"ltr\">\ud83d\udcaa\ud83c\udffc\ud83d\udd1b <a href=\"https:\/\/t.co\/x0vcUZosEs\">pic.twitter.com\/x0vcUZosEs<\/a><\/p>\n<p>\u2014 River Plate (@RiverPlate) <a href=\"https:\/\/twitter.com\/RiverPlate\/status\/1737594221958504535?ref_src=twsrc%5Etfw\">December 20, 2023<\/a><\/p><\/blockquote>\n<p> El delantero colombiano <strong>Miguel Borja<\/strong> ingresar\u00eda en lugar del venezolano <strong>Salom\u00f3n Rond\u00f3n<\/strong>, quien pidi\u00f3 rescindir anticipadamente el contrato por problemas de adaptaci\u00f3n de su familia. El resto del equipo ser\u00e1 el mismo que aline\u00f3 ante el \u00abCanalla\u00bb en la pasada semifinal.<\/p>\n<h2 class=\"\">Segunda final consecutiva en Santiago<\/h2>\n<p>\u00a0Rosario Central, por su parte, viene de imponerse en la pasada Copa de la Liga luego de la victoria por 1 a 0 ante Platense el domingo 16 de diciembre en un encuentro que tambi\u00e9n se jug\u00f3 en el estadio \u00danico Madre de Ciudades, ubicado en la capital santiague\u00f1a.<\/p>\n<p><strong>El conjunto rosarino volvi\u00f3 a gritar campe\u00f3n en el f\u00fatbol argentino<\/strong> tras la consagraci\u00f3n de la Copa Argentina en 2018 en la que se impuso 4 a 1 por penales luego del empate 1 a 1 en tiempo reglamentario, con el entrenador Edgardo Bauza en el banco de suplentes.<\/p>\n<blockquote class=\"twitter-tweet\">\n<p lang=\"es\" dir=\"ltr\">\u00a1Ac\u00e1 vamos de nuevo! \ud83d\udeeb<br \/>\ud83d\udd1c Santiago del Estero <a href=\"https:\/\/t.co\/y0yynQsKR5\">pic.twitter.com\/y0yynQsKR5<\/a><\/p>\n<p>\u2014 Rosario Central (@RosarioCentral) <a href=\"https:\/\/twitter.com\/RosarioCentral\/status\/1737838437334671831?ref_src=twsrc%5Etfw\">December 21, 2023<\/a><\/p><\/blockquote>\n<p> El t\u00e9cnico del \u00abCanalla\u00bb, <strong>Miguel \u00c1ngel Russo<\/strong>, quien al respecto del choque ante River Plate sostuvo en la conferencia de prensa del mi\u00e9rcoles que<a href=\"https:\/\/www.telam.com.ar\/notas\/202312\/650116-miguel-angel-russo-rosario-central-trofeo-campeones.html\" target=\"_blank\" rel=\"noopener\"> \u00ablas finales son todas iguales y nadie que llega a una final dice que no le interesa\u00bb<\/a>, tendr\u00e1 que realizar una modificaci\u00f3n de manera obligada con respecto al once titular que par\u00f3 en el choque decisivo ante el \u00abCalamar\u00bb de Vicente L\u00f3pez.<\/p>\n<p>El marcador lateral derecho <strong>Dami\u00e1n Mart\u00ednez<\/strong>, quien sufri\u00f3 un esguince en la rodilla izquierda, que lo dejar\u00e1 seis semanas fuera de la cancha no estar\u00e1 a disposici\u00f3n y en su lugar ingresar\u00e1 <strong>Juan Cruz Komar<\/strong>.<\/p>\n<p>Adem\u00e1s, el ext\u00e9cnico de Boca Juniors y Racing Club, entre otros equipos, tendr\u00e1 que decidir si mantendr\u00e1 entre los once al mediapunta Maximiliano Lovera -la figura de la final que Central gan\u00f3 con su golazo- o volver\u00e1 a reforzar el mediocampo con Agust\u00edn Toledo, como lo hizo en los partidos contra la \u00abAcademia\u00bb y el \u00abMillonario\u00bb, en cuartos de final y semifinal del pasado certamen, respectivamente.<\/p>\n<p><iframe loading=\"lazy\" src=\"https:\/\/estdeportes.telam.com.ar\/html\/v3\/minapp\/modules\/futbol\/gamecast\/gamecast.html?channel=deportes.futbol.trofeocampeones.4482666&amp;lang=es_LA&amp;page=gamecast&amp;hidePagesMenu=true\" width=\"100%\" height=\"1150\" scrolling=\"auto\" style=\"width: 1px; min-width: 100%; *width: 100%;\" class=\"\"><\/iframe> <\/p>\n<\/div>\n<p><script async src=\"\/\/platform.twitter.com\/widgets.js\" charset=\"utf-8\"><\/script><script async defer crossorigin=\"anonymous\" src=\"https:\/\/connect.facebook.net\/es_LA\/sdk.js#xfbml=1&#038;version=v12.0\" nonce=\"SBlHQzIF\"><\/script><br \/><a href=\"https:\/\/www.telam.com.ar\/notas\/202312\/650235-river-rosario-central-trofeo-campeones.html\">source<\/a><\/p>\n","protected":false},"excerpt":{"rendered":"<p>Foto: Daniel C\u00e1ceres. River Plate, campe\u00f3n de la Liga Profesional, y Rosario Central, ganador de&#8230;<\/p>\n","protected":false},"author":3,"featured_media":12234,"comment_status":"closed","ping_status":"closed","sticky":false,"template":"","format":"standard","meta":{"footnotes":""},"categories":[21],"tags":[],"class_list":["post-12233","post","type-post","status-publish","format-standard","has-post-thumbnail","hentry","category-deportes"],"featured_image_urls":{"full":["https:\/\/fmamiga909.com.ar\/wp-content\/uploads\/2023\/12\/wp-header-logo-148.png",1200,675,false],"thumbnail":["https:\/\/fmamiga909.com.ar\/wp-content\/uploads\/2023\/12\/wp-header-logo-148-150x150.png",150,150,true],"medium":["https:\/\/fmamiga909.com.ar\/wp-content\/uploads\/2023\/12\/wp-header-logo-148-300x169.png",300,169,true],"medium_large":["https:\/\/fmamiga909.com.ar\/wp-content\/uploads\/2023\/12\/wp-header-logo-148.png",1200,675,false],"large":["https:\/\/fmamiga909.com.ar\/wp-content\/uploads\/2023\/12\/wp-header-logo-148-1024x576.png",640,360,true],"1536x1536":["https:\/\/fmamiga909.com.ar\/wp-content\/uploads\/2023\/12\/wp-header-logo-148.png",1200,675,false],"2048x2048":["https:\/\/fmamiga909.com.ar\/wp-content\/uploads\/2023\/12\/wp-header-logo-148.png",1200,675,false],"newsium-slider-full":["https:\/\/fmamiga909.com.ar\/wp-content\/uploads\/2023\/12\/wp-header-logo-148.png",1200,675,false],"newsium-featured":["https:\/\/fmamiga909.com.ar\/wp-content\/uploads\/2023\/12\/wp-header-logo-148-1024x576.png",1024,576,true],"newsium-medium":["https:\/\/fmamiga909.com.ar\/wp-content\/uploads\/2023\/12\/wp-header-logo-148-720x475.png",720,475,true]},"author_info":{"display_name":"Fredy Giuliano","author_link":"https:\/\/fmamiga909.com.ar\/?author=3"},"category_info":"<a href=\"https:\/\/fmamiga909.com.ar\/?cat=21\" rel=\"category\">Deportes<\/a>","tag_info":"Deportes","comment_count":"0","_links":{"self":[{"href":"https:\/\/fmamiga909.com.ar\/index.php?rest_route=\/wp\/v2\/posts\/12233","targetHints":{"allow":["GET"]}}],"collection":[{"href":"https:\/\/fmamiga909.com.ar\/index.php?rest_route=\/wp\/v2\/posts"}],"about":[{"href":"https:\/\/fmamiga909.com.ar\/index.php?rest_route=\/wp\/v2\/types\/post"}],"author":[{"embeddable":true,"href":"https:\/\/fmamiga909.com.ar\/index.php?rest_route=\/wp\/v2\/users\/3"}],"replies":[{"embeddable":true,"href":"https:\/\/fmamiga909.com.ar\/index.php?rest_route=%2Fwp%2Fv2%2Fcomments&post=12233"}],"version-history":[{"count":0,"href":"https:\/\/fmamiga909.com.ar\/index.php?rest_route=\/wp\/v2\/posts\/12233\/revisions"}],"wp:featuredmedia":[{"embeddable":true,"href":"https:\/\/fmamiga909.com.ar\/index.php?rest_route=\/wp\/v2\/media\/12234"}],"wp:attachment":[{"href":"https:\/\/fmamiga909.com.ar\/index.php?rest_route=%2Fwp%2Fv2%2Fmedia&parent=12233"}],"wp:term":[{"taxonomy":"category","embeddable":true,"href":"https:\/\/fmamiga909.com.ar\/index.php?rest_route=%2Fwp%2Fv2%2Fcategories&post=12233"},{"taxonomy":"post_tag","embeddable":true,"href":"https:\/\/fmamiga909.com.ar\/index.php?rest_route=%2Fwp%2Fv2%2Ftags&post=12233"}],"curies":[{"name":"wp","href":"https:\/\/api.w.org\/{rel}","templated":true}]}}