{"id":12278,"date":"2023-12-27T00:06:54","date_gmt":"2023-12-27T00:06:54","guid":{"rendered":"https:\/\/fmamiga909.com.ar\/?p=12278"},"modified":"2023-12-27T00:06:54","modified_gmt":"2023-12-27T00:06:54","slug":"river-es-el-mas-campeon-del-ano-y-boca-otra-vez-en-la-puerta-de-la-septima","status":"publish","type":"post","link":"https:\/\/fmamiga909.com.ar\/?p=12278","title":{"rendered":"River es el m\u00e1s campe\u00f3n del a\u00f1o y Boca, otra vez en la puerta de la &quot;S\u00e9ptima&quot;"},"content":{"rendered":"<div>\n<figure class=\"mb-3\"><img decoding=\"async\" src=\"https:\/\/www.telam.com.ar\/thumbs\/bluesteel\/advf\/imagenes\/2023\/07\/64c4f5c537158_1200.jpg\" class=\" lazy \" width=\"100%\" height=\"100%\" alt=\"Foto Fernando Gens\"\/><figcaption> Foto: Fernando Gens. <\/figcaption><\/figure>\n<p> El a\u00f1o del f\u00fatbol argentino termin\u00f3 con River Plate como el m\u00e1s campe\u00f3n aunque con algunas dudas sobre su funcionamiento, mientras que Boca Juniors se dedic\u00f3 al sue\u00f1o de la \u00abS\u00e9ptima\u00bb y qued\u00f3 otra vez en la puerta de la gloria.<\/p>\n<p>El <strong>\u00abMillonario\u00bb <\/strong>cerr\u00f3 el 2023 con el t\u00edtulo de Liga m\u00e1s el Trofeo de Campeones, lo que reafirm\u00f3 su supremac\u00eda hist\u00f3rica en el \u00e1mbito local.<\/p>\n<p>Los dos t\u00edtulos, sin embargo, no alcanzaron para tapar del todo las dudas en torno al<strong> primer a\u00f1o de Mart\u00edn Demichelis <\/strong>tras el exitoso ciclo de Marcelo Gallardo.<\/p>\n<p><strong>Boca<\/strong>, en cambio, complet\u00f3 un a\u00f1o muy movido y tomado por las <a href=\"https:\/\/www.telam.com.ar\/notas\/202312\/649724-futbol-boca-celebrara-elecciones-bombonera-riquelme-ibarra-macri.html\" target=\"_blank\" rel=\"noopener\">elecciones<\/a> con el sue\u00f1o frustrado de la <strong>Libertadores<\/strong>, un solo trofeo (la <strong>Supercopa 2022<\/strong>) y sin entrenador designado para 2024.<\/p>\n<p><figure class=\"mb-3\"><img decoding=\"async\" src=\"https:\/\/www.telam.com.ar\/thumbs\/bluesteel\/advf\/imagenes\/2023\/12\/6578b2a78b14c_1200.jpg\" class=\" lazy \" width=\"100%\" height=\"100%\" alt=\"Romn Riquelme se convirti en el tercer presidente de Boca que fue jugador del club Foto Julin lvarez\"\/><figcaption> Rom\u00e1n Riquelme se convirti\u00f3 en el tercer presidente de Boca que fue jugador del club \/ Foto: Juli\u00e1n \u00c1lvarez. <\/figcaption><\/figure>\n<p><strong>San Lorenzo<\/strong> cumpli\u00f3 con su objetivo de volver a la Copa Libertadores pero se qued\u00f3 con el amargo sabor de la <a href=\"https:\/\/www.telam.com.ar\/notas\/202311\/647380-copa-de-la-liga-san-lorenzo-defensa-justicia-semifinal.html\" target=\"_blank\" rel=\"noopener\">derrota en semifinales de la Copa Argentina<\/a>, mientras que los grandes de Avellaneda,<strong> Independiente y Racing Club, quedaron afuera de la escena<\/strong>.<\/p>\n<p>La etapa de Fernando Gago en la \u00abAcademia\u00bb se termin\u00f3 despu\u00e9s de perder <a href=\"https:\/\/www.telam.com.ar\/notas\/202309\/641585-racing-independiente-clasico-avellaneda-copa-de-la-liga.html\" target=\"_blank\" rel=\"noopener\">el cl\u00e1sico<\/a> ante el Independiente de Carlos Tevez, quien despu\u00e9s de ese triunfo se olvid\u00f3 de la lucha por el descenso.<\/p>\n<p>Entre los<strong> seis t\u00edtulos que hubo en disputa durante el 2023 <\/strong>del desprolijo f\u00fatbol argentino tambi\u00e9n se destacan los festejos de dos clubes convocantes como <a href=\"https:\/\/www.telam.com.ar\/notas\/202312\/649780-rosario-central-platense-final-campeon-copa-de-la-liga-santiago-del-estero.html\" target=\"_blank\" rel=\"noopener\">Rosario Central<\/a>, ganador de la Copa de la Liga, y <a href=\"https:\/\/www.telam.com.ar\/notas\/202312\/649556-estudiantes-la-plata-proyeccion-2024.html\" target=\"_blank\" rel=\"noopener\">Estudiantes de La Plata<\/a>, campe\u00f3n de la Copa Argentina.<\/p>\n<p>El premio consuelo de ser la revelaci\u00f3n qued\u00f3 para <strong>Defensa y Justicia<\/strong>, que adem\u00e1s de terminar <strong>entre los diez mejores del a\u00f1o<\/strong>, fue semifinalista de la Copa Sudamericana y subcampe\u00f3n de la Copa Argentina.<\/p>\n<p><figure class=\"mb-3\"><img decoding=\"async\" src=\"https:\/\/www.telam.com.ar\/thumbs\/bluesteel\/advf\/imagenes\/2023\/12\/657f109ce2e9e_1200.jpg\" class=\" lazy \" width=\"100%\" height=\"100%\" alt=\"Foto Sebastin Granata\"\/><figcaption> Foto: Sebasti\u00e1n Granata. <\/figcaption><\/figure>\n<p>El a\u00f1o, en t\u00e9rminos futbol\u00edsticos, arranc\u00f3 con la <a href=\"https:\/\/www.telam.com.ar\/notas\/202301\/617829-racing-campeon-supercopa-internacional.html\" target=\"_blank\" rel=\"noopener\">primera edici\u00f3n de la Supercopa Internacional<\/a> disputada el 20 de enero en Emiratos \u00c1rabes.<\/p>\n<p>Racing, ganador del trofeo de Campeones y l\u00edder de la tabla anual 2022, venci\u00f3 por 2-1 a Boca Juniors, que hab\u00eda sido el segundo de la general.<\/p>\n<p>El \u00abXeneize\u00bb, por aquel entonces todav\u00eda dirigido por Hugo Ibarra, tuvo su desquite el 1 de marzo cuando super\u00f3 por 3-0 a Patronato, que ya se preparaba para la Primera Nacional luego del hist\u00f3rico t\u00edtulo de Copa Argentina.<\/p>\n<p>A fines de enero comenz\u00f3 la <strong>Liga 2023 <\/strong>que tuvo a River Plate como dominador de principio a fin.<\/p>\n<p>Con un f\u00fatbol, por muchos momentos, de alto vuelo, el equipo de Demichelis se adue\u00f1\u00f3 del liderazgo en la fecha 8 y no lo solt\u00f3 hasta que se coron\u00f3 con dos jornadas de anticipaci\u00f3n.<\/p>\n<p><figure class=\"mb-3\"><img decoding=\"async\" src=\"https:\/\/www.telam.com.ar\/thumbs\/bluesteel\/advf\/imagenes\/2023\/12\/657ad3a8a574c_1200.jpg\" class=\" lazy \" width=\"100%\" height=\"100%\" alt=\"Foto Maximiliano Luna\"\/><figcaption> Foto: Maximiliano Luna. <\/figcaption><\/figure>\n<p>Boca, ya sin el \u00abNegro\u00bb Ibarra, era el defensor del t\u00edtulo pero termin\u00f3 desdibujado en el s\u00e9ptimo puesto y con derrota en <a href=\"https:\/\/www.telam.com.ar\/notas\/202305\/627619-futbol-liga-profesional-super-clasico-river-boca-nuniez-monumental.html\" target=\"_blank\" rel=\"noopener\">un Supercl\u00e1sico caliente que se defini\u00f3 sobre el final con un gol de penal<\/a> del colombiano Miguel Borja.<\/p>\n<p>Tras un breve interinato de Mariano Herr\u00f3n, <strong>el consejo liderado por Juan Rom\u00e1n Riquelme se decidi\u00f3 sorpresivamente por Jorge Almir\u00f3n<\/strong> tras la negativa del primer candidato, Gerardo Martino.<\/p>\n<p>Con una campa\u00f1a in\u00e9dita en la fase eliminatoria respaldada por su arquero Sergio \u00abChiquito\u00bb Romero, <a href=\"https:\/\/www.telam.com.ar\/notas\/202311\/645490-boca-fluminense-copa-libertadores-campeon-septima-futbol-sergio-romero-benedetto-german-cano-futbol-maracana.html\" target=\"_blank\" rel=\"noopener\">Boca lleg\u00f3 hasta la definici\u00f3n del m\u00e1ximo torneo sudamericano<\/a> pero se qued\u00f3 en la puerta de la gloria tras perder ante Fluminense.<\/p>\n<p>Despu\u00e9s de la ca\u00edda de su cl\u00e1sico rival, el a\u00f1o de River tom\u00f3 otro color y la <a href=\"https:\/\/www.telam.com.ar\/notas\/202312\/650235-river-rosario-central-trofeo-campeones.html\" target=\"_blank\" rel=\"noopener\">conquista del Trofeo de Campeones<\/a> sobre el cierre del calendario decor\u00f3 las heridas por la pronta eliminaci\u00f3n en la Libertadores y los conflictos internos.<\/p>\n<p><figure class=\"mb-3\"><img decoding=\"async\" src=\"https:\/\/www.telam.com.ar\/thumbs\/bluesteel\/advf\/imagenes\/2023\/12\/6589b3007a051_1200.jpg\" class=\" lazy \" width=\"100%\" height=\"100%\" alt=\"Foto Cris Sille\"\/><figcaption> Foto: Cris Sille. <\/figcaption><\/figure>\n<p><strong>La parte final de la competencia fue la m\u00e1s emotiva ya que se definieron los t\u00edtulos y tambi\u00e9n los descensos.<\/strong><\/p>\n<p>Luego de un cierre atrapante de la Copa de la Liga con cinco equipos involucrados en la lucha por la permanencia, el segundo y \u00faltimo descenso (iban a ser tres pero en octubre se decidi\u00f3 sacar uno) se resolvi\u00f3 en un desempate en el que Gimnasia conden\u00f3 a Col\u00f3n de Santa Fe, que jugar\u00e1 la Primera Nacional junto a Arsenal.<\/p>\n<p>Luego de varias semanas de incertidumbre en torno a la fecha y la sede, <strong>Estudiantes de La Plata se coron\u00f3 campe\u00f3n de la Copa Argentina tras derrotar a Defensa y Justicia y festej\u00f3 un t\u00edtulo local despu\u00e9s de trece a\u00f1os<\/strong>.<\/p>\n<p>Y el campe\u00f3n de la Copa de la Liga fue <strong>Rosario Central<\/strong>, que dej\u00f3 en el camino a Racing Club y a River Plate y <strong>en la final super\u00f3 a Platense, que volv\u00eda a disputar un t\u00edtulo despu\u00e9s de 80 a\u00f1os<\/strong>.<\/p>\n<p><strong>Con un formato muchas veces criticado por propios y ajenos, se cerr\u00f3 un nuevo a\u00f1o del f\u00fatbol del pa\u00eds campe\u00f3n del mundo con River como el m\u00e1s campe\u00f3n, Boca en la puerta de la gloria internacional y con el festejo de \u00abpinchas\u00bb y \u00abcanallas\u00bb.<\/strong> <\/div>\n<p><script async defer crossorigin=\"anonymous\" src=\"https:\/\/connect.facebook.net\/es_LA\/sdk.js#xfbml=1&#038;version=v12.0\" nonce=\"SBlHQzIF\"><\/script><br \/><a href=\"https:\/\/www.telam.com.ar\/notas\/202312\/650558-futbol-argentino-logros-anio-2023.html\">source<\/a><\/p>\n","protected":false},"excerpt":{"rendered":"<p>Foto: Fernando Gens. El a\u00f1o del f\u00fatbol argentino termin\u00f3 con River Plate como el m\u00e1s&#8230;<\/p>\n","protected":false},"author":3,"featured_media":12279,"comment_status":"closed","ping_status":"closed","sticky":false,"template":"","format":"standard","meta":{"footnotes":""},"categories":[21],"tags":[],"class_list":["post-12278","post","type-post","status-publish","format-standard","has-post-thumbnail","hentry","category-deportes"],"featured_image_urls":{"full":["https:\/\/fmamiga909.com.ar\/wp-content\/uploads\/2023\/12\/wp-header-logo-169.png",1200,675,false],"thumbnail":["https:\/\/fmamiga909.com.ar\/wp-content\/uploads\/2023\/12\/wp-header-logo-169-150x150.png",150,150,true],"medium":["https:\/\/fmamiga909.com.ar\/wp-content\/uploads\/2023\/12\/wp-header-logo-169-300x169.png",300,169,true],"medium_large":["https:\/\/fmamiga909.com.ar\/wp-content\/uploads\/2023\/12\/wp-header-logo-169.png",1200,675,false],"large":["https:\/\/fmamiga909.com.ar\/wp-content\/uploads\/2023\/12\/wp-header-logo-169-1024x576.png",640,360,true],"1536x1536":["https:\/\/fmamiga909.com.ar\/wp-content\/uploads\/2023\/12\/wp-header-logo-169.png",1200,675,false],"2048x2048":["https:\/\/fmamiga909.com.ar\/wp-content\/uploads\/2023\/12\/wp-header-logo-169.png",1200,675,false],"newsium-slider-full":["https:\/\/fmamiga909.com.ar\/wp-content\/uploads\/2023\/12\/wp-header-logo-169.png",1200,675,false],"newsium-featured":["https:\/\/fmamiga909.com.ar\/wp-content\/uploads\/2023\/12\/wp-header-logo-169-1024x576.png",1024,576,true],"newsium-medium":["https:\/\/fmamiga909.com.ar\/wp-content\/uploads\/2023\/12\/wp-header-logo-169-720x475.png",720,475,true]},"author_info":{"display_name":"Fredy Giuliano","author_link":"https:\/\/fmamiga909.com.ar\/?author=3"},"category_info":"<a href=\"https:\/\/fmamiga909.com.ar\/?cat=21\" rel=\"category\">Deportes<\/a>","tag_info":"Deportes","comment_count":"0","_links":{"self":[{"href":"https:\/\/fmamiga909.com.ar\/index.php?rest_route=\/wp\/v2\/posts\/12278","targetHints":{"allow":["GET"]}}],"collection":[{"href":"https:\/\/fmamiga909.com.ar\/index.php?rest_route=\/wp\/v2\/posts"}],"about":[{"href":"https:\/\/fmamiga909.com.ar\/index.php?rest_route=\/wp\/v2\/types\/post"}],"author":[{"embeddable":true,"href":"https:\/\/fmamiga909.com.ar\/index.php?rest_route=\/wp\/v2\/users\/3"}],"replies":[{"embeddable":true,"href":"https:\/\/fmamiga909.com.ar\/index.php?rest_route=%2Fwp%2Fv2%2Fcomments&post=12278"}],"version-history":[{"count":0,"href":"https:\/\/fmamiga909.com.ar\/index.php?rest_route=\/wp\/v2\/posts\/12278\/revisions"}],"wp:featuredmedia":[{"embeddable":true,"href":"https:\/\/fmamiga909.com.ar\/index.php?rest_route=\/wp\/v2\/media\/12279"}],"wp:attachment":[{"href":"https:\/\/fmamiga909.com.ar\/index.php?rest_route=%2Fwp%2Fv2%2Fmedia&parent=12278"}],"wp:term":[{"taxonomy":"category","embeddable":true,"href":"https:\/\/fmamiga909.com.ar\/index.php?rest_route=%2Fwp%2Fv2%2Fcategories&post=12278"},{"taxonomy":"post_tag","embeddable":true,"href":"https:\/\/fmamiga909.com.ar\/index.php?rest_route=%2Fwp%2Fv2%2Ftags&post=12278"}],"curies":[{"name":"wp","href":"https:\/\/api.w.org\/{rel}","templated":true}]}}