{"id":12280,"date":"2023-12-27T06:39:42","date_gmt":"2023-12-27T06:39:42","guid":{"rendered":"https:\/\/fmamiga909.com.ar\/?p=12280"},"modified":"2023-12-27T06:39:42","modified_gmt":"2023-12-27T06:39:42","slug":"copa-davis-rosario-sera-sede-de-la-serie-entre-argentina-y-kazajistan","status":"publish","type":"post","link":"https:\/\/fmamiga909.com.ar\/?p=12280","title":{"rendered":"Copa Davis: Rosario ser\u00e1 sede de la serie entre Argentina y Kazajist\u00e1n"},"content":{"rendered":"<div>\n<figure class=\"mb-3\"><img decoding=\"async\" src=\"https:\/\/www.telam.com.ar\/thumbs\/bluesteel\/advf\/imagenes\/2023\/09\/6506284f2fc52_1200.jpg\" class=\" lazy \" width=\"100%\" height=\"100%\" alt=\"Foto XAATenis \"\/><figcaption> Foto: X@AATenis <\/figcaption><\/figure>\n<p> El equipo argentino de Copa Davis recibir\u00e1 a Kazajist\u00e1n el 3 y 4 de febrero pr\u00f3ximos en la serie correspondiente a los Qualifiers 2024 y el cruce tendr\u00e1 una sede in\u00e9dita, porque por primera vez se disputar\u00e1 en Rosario.<\/p>\n<p>La Asociaci\u00f3n Argentina de Tenis confirm\u00f3 este martes al Jockey Club de la ciudad santafesina como escenario para el compromiso en el que Argentina buscar\u00e1 el ascenso a las Finales 2024.<\/p>\n<p>El equipo liderado por Guillermo Coria logr\u00f3 el pase a esta instancia en septiembre de este a\u00f1o, luego de vencer 4-0 a Lituania en el Buenos Aires Lawn Tennis Club.<\/p>\n<p>Este ser\u00e1 el tercer enfrentamiento entre los dos equipos luego de los cruces en 2011 y 2017.<\/p>\n<p>En la primera serie, disputada en el Parque Roca, el equipo argentino gan\u00f3 5-0 con los triunfos en singles de Juan M\u00f3naco y Juan Mart\u00edn Del Potro. En dobles, Juan Ignacio Chela y Eduardo Schwank le dieron el tercer punto al equipo nacional, mientras que M\u00f3naco y Chela sellaron el resultado final de la serie correspondiente a los cuartos de final.<\/p>\n<p>Ya en 2017, de visitante, Kazajist\u00e1n se impuso por 3-1. El \u00fanico punto argentino lo consigui\u00f3 Diego Schwartzman y la serie determin\u00f3 el descenso de Argentina luego de 16 a\u00f1os ininterrumpidos en el Grupo Mundial.<\/p>\n<blockquote class=\"twitter-tweet\">\n<p lang=\"es\" dir=\"ltr\">\u00a1Qu\u00e9 lindo va a ser jugar la <a href=\"https:\/\/twitter.com\/hashtag\/CopaDavis?src=hash&amp;ref_src=twsrc%5Etfw\">#CopaDavis<\/a> en Rosario! \ud83d\ude0d\ud83c\udde6\ud83c\uddf7<\/p>\n<p>Argentina recibir\u00e1 a Kazajist\u00e1n\ud83c\uddf0\ud83c\uddff en el Jockey Club de Rosario y marcar\u00e1 un hito para la competencia, que por 1\u00aa vez desembarcar\u00e1 en la provincia de Santa Fe.<\/p>\n<p>\ud83d\uddd3\ufe0f 3-4\/2<br \/>\ud83d\udd1c Pr\u00f3ximamente, info sobre la venta de entradas <a href=\"https:\/\/t.co\/NR9fRGeW6m\">pic.twitter.com\/NR9fRGeW6m<\/a><\/p>\n<p>\u2014 Asociaci\u00f3n Argentina de Tenis (@AATenis) <a href=\"https:\/\/twitter.com\/AATenis\/status\/1739746996812980559?ref_src=twsrc%5Etfw\">December 26, 2023<\/a><\/p><\/blockquote>\n<p> En lo referido a la posible formaci\u00f3n del equipo argentino, el capit\u00e1n Coria dar\u00eda a conocer los nombres durante el Abierto de Australia, programado desde el 15 al 28 de enero.<\/p>\n<p>Los singlistas ser\u00edan Francisco Cer\u00fandolo (21) y Sebasti\u00e1n B\u00e1ez (28), m\u00e1s un tercero que surgir\u00e1 entre Tom\u00e1s Mart\u00edn Etcheverry (30) y el cordob\u00e9s Pedro Cach\u00edn (70).<\/p>\n<p>Para el dobles, estar\u00e1 el tandilense M\u00e1ximo Gonz\u00e1lez (13\u00ba de la especialidad) y es casi un hecho el regreso al equipo del marplatense Horacio Zeballos (5), luego de casi un a\u00f1o y medio de ausencia, desde septiembre de 2022, cuando Argentina jug\u00f3 las Finales y comparti\u00f3 grupo con Suecia, Italia y Croacia en la ciudad italiana de Bologna.<\/p>\n<p>Es que el marplatense necesita jugar al menos una serie de Copa Davis para Argentina y de esa manera podr\u00e1 ser tenido en cuenta para los Juegos Ol\u00edmpicos de Par\u00eds 2024. As\u00ed, el \u00abMago\u00bb Coria contar\u00eda con el m\u00e1ximo exponente argentino de la actualidad en dobles y piensa incluirlo en el equipo en reemplazo de Andr\u00e9s Molteni. <\/p>\n<\/div>\n<p><script async src=\"\/\/platform.twitter.com\/widgets.js\" charset=\"utf-8\"><\/script><script async defer crossorigin=\"anonymous\" src=\"https:\/\/connect.facebook.net\/es_LA\/sdk.js#xfbml=1&#038;version=v12.0\" nonce=\"SBlHQzIF\"><\/script><br \/><a href=\"https:\/\/www.telam.com.ar\/notas\/202312\/650704-rosario-sede-copa-davis-argentina-kazajistan.html\">source<\/a><\/p>\n","protected":false},"excerpt":{"rendered":"<p>Foto: X@AATenis El equipo argentino de Copa Davis recibir\u00e1 a Kazajist\u00e1n el 3 y 4&#8230;<\/p>\n","protected":false},"author":3,"featured_media":12281,"comment_status":"closed","ping_status":"closed","sticky":false,"template":"","format":"standard","meta":{"footnotes":""},"categories":[21],"tags":[],"class_list":["post-12280","post","type-post","status-publish","format-standard","has-post-thumbnail","hentry","category-deportes"],"featured_image_urls":{"full":["https:\/\/fmamiga909.com.ar\/wp-content\/uploads\/2023\/12\/wp-header-logo-170.png",1200,675,false],"thumbnail":["https:\/\/fmamiga909.com.ar\/wp-content\/uploads\/2023\/12\/wp-header-logo-170-150x150.png",150,150,true],"medium":["https:\/\/fmamiga909.com.ar\/wp-content\/uploads\/2023\/12\/wp-header-logo-170-300x169.png",300,169,true],"medium_large":["https:\/\/fmamiga909.com.ar\/wp-content\/uploads\/2023\/12\/wp-header-logo-170.png",1200,675,false],"large":["https:\/\/fmamiga909.com.ar\/wp-content\/uploads\/2023\/12\/wp-header-logo-170-1024x576.png",640,360,true],"1536x1536":["https:\/\/fmamiga909.com.ar\/wp-content\/uploads\/2023\/12\/wp-header-logo-170.png",1200,675,false],"2048x2048":["https:\/\/fmamiga909.com.ar\/wp-content\/uploads\/2023\/12\/wp-header-logo-170.png",1200,675,false],"newsium-slider-full":["https:\/\/fmamiga909.com.ar\/wp-content\/uploads\/2023\/12\/wp-header-logo-170.png",1200,675,false],"newsium-featured":["https:\/\/fmamiga909.com.ar\/wp-content\/uploads\/2023\/12\/wp-header-logo-170-1024x576.png",1024,576,true],"newsium-medium":["https:\/\/fmamiga909.com.ar\/wp-content\/uploads\/2023\/12\/wp-header-logo-170-720x475.png",720,475,true]},"author_info":{"display_name":"Fredy Giuliano","author_link":"https:\/\/fmamiga909.com.ar\/?author=3"},"category_info":"<a href=\"https:\/\/fmamiga909.com.ar\/?cat=21\" rel=\"category\">Deportes<\/a>","tag_info":"Deportes","comment_count":"0","_links":{"self":[{"href":"https:\/\/fmamiga909.com.ar\/index.php?rest_route=\/wp\/v2\/posts\/12280","targetHints":{"allow":["GET"]}}],"collection":[{"href":"https:\/\/fmamiga909.com.ar\/index.php?rest_route=\/wp\/v2\/posts"}],"about":[{"href":"https:\/\/fmamiga909.com.ar\/index.php?rest_route=\/wp\/v2\/types\/post"}],"author":[{"embeddable":true,"href":"https:\/\/fmamiga909.com.ar\/index.php?rest_route=\/wp\/v2\/users\/3"}],"replies":[{"embeddable":true,"href":"https:\/\/fmamiga909.com.ar\/index.php?rest_route=%2Fwp%2Fv2%2Fcomments&post=12280"}],"version-history":[{"count":0,"href":"https:\/\/fmamiga909.com.ar\/index.php?rest_route=\/wp\/v2\/posts\/12280\/revisions"}],"wp:featuredmedia":[{"embeddable":true,"href":"https:\/\/fmamiga909.com.ar\/index.php?rest_route=\/wp\/v2\/media\/12281"}],"wp:attachment":[{"href":"https:\/\/fmamiga909.com.ar\/index.php?rest_route=%2Fwp%2Fv2%2Fmedia&parent=12280"}],"wp:term":[{"taxonomy":"category","embeddable":true,"href":"https:\/\/fmamiga909.com.ar\/index.php?rest_route=%2Fwp%2Fv2%2Fcategories&post=12280"},{"taxonomy":"post_tag","embeddable":true,"href":"https:\/\/fmamiga909.com.ar\/index.php?rest_route=%2Fwp%2Fv2%2Ftags&post=12280"}],"curies":[{"name":"wp","href":"https:\/\/api.w.org\/{rel}","templated":true}]}}