{"id":12284,"date":"2023-12-27T12:44:08","date_gmt":"2023-12-27T12:44:08","guid":{"rendered":"https:\/\/fmamiga909.com.ar\/?p=12284"},"modified":"2023-12-27T12:44:08","modified_gmt":"2023-12-27T12:44:08","slug":"riquelme-asume-como-nuevo-presidente-de-boca","status":"publish","type":"post","link":"https:\/\/fmamiga909.com.ar\/?p=12284","title":{"rendered":"Riquelme asume como nuevo presidente de Boca"},"content":{"rendered":"<div>\n<figure class=\"mb-3\"><img decoding=\"async\" src=\"https:\/\/www.telam.com.ar\/thumbs\/bluesteel\/advf\/imagenes\/2023\/12\/6578b2a78b14c_1200.jpg\" class=\" lazy \" width=\"100%\" height=\"100%\" alt=\"Juan Romn Riquelme Foto Julin lvarez\"\/><figcaption> Juan Rom\u00e1n Riquelme \/ Foto: Juli\u00e1n \u00c1lvarez. <\/figcaption><\/figure>\n<p><strong>Juan Rom\u00e1n Riquelme<\/strong> asumir\u00e1 este mi\u00e9rcoles a las 19 como <strong>nuevo presidente de Boca Juniors<\/strong> con cuatro a\u00f1os de mandato, tras su contundente triunfo electoral del 17 de diciembre pasado ante la f\u00f3rmula Andr\u00e9s Ibarra y Mauricio Macri, al tiempo que ya fue confirmado por el club que <strong>Diego Mart\u00ednez<\/strong> ser\u00e1 el nuevo entrenador.<\/p>\n<p>La ceremonia ser\u00e1 en el recinto de reuniones de la Bombonera, sin acceso para los medios de prensa, y estar\u00e1n los miembros salientes de la directiva encabezados por el saliente presidente Jorge Ameal, compa\u00f1ero de f\u00f3rmula de Riquelme y ahora vicepresidente boquense.<\/p>\n<p>De inmediato, se reunir\u00e1 la nueva comisi\u00f3n directiva, donde se designar\u00e1n a los nuevos miembros y tambi\u00e9n a quienes ser\u00e1n los vicepresidentes segundo y tercero, aunque el plazo para completar todos los cargos ser\u00e1 hasta el 3 de enero.<\/p>\n<blockquote class=\"twitter-tweet\" data-media-max-width=\"560\">\n<p lang=\"es\" dir=\"ltr\">ELECCIONES en BOCA JUNIORS | Transmisi\u00f3n oficial de El Canal de Boca <a href=\"https:\/\/t.co\/1fcqKhyDHo\">https:\/\/t.co\/1fcqKhyDHo<\/a><\/p>\n<p>\u2014 Boca Juniors (@BocaJrsOficial) <a href=\"https:\/\/twitter.com\/BocaJrsOficial\/status\/1736512918077018180?ref_src=twsrc%5Etfw\">December 17, 2023<\/a><\/p><\/blockquote>\n<p> El \u00eddolo \u00abxeneize\u00bb y Ameal ganaron las elecciones por un amplio margen (31 puntos de diferencia) al binomio conformado por el ex funcionario del gobierno macrista Andr\u00e9s Ibarra y el ex presidente de Boca y de la Naci\u00f3n Mauricio Macri.<\/p>\n<p>Se ver\u00e1 con el transcurrir de los d\u00edas si Rom\u00e1n se ubica en su nuevo despacho presidencial, en Brandsen 805, o sigue en el d\u00eda a d\u00eda -como hasta ahora- en su oficina en el predio de Ezeiza.<\/p>\n<p>Tambi\u00e9n ser\u00e1 importante este mi\u00e9rcoles saber quienes ser\u00e1n los vicepresidentes segundo y tercero: uno de los candidatos para el primer cargo es <strong>Ricardo Rosica<\/strong>, actual secretario general y el dirigente m\u00e1s cercano a Riquelme.<\/p>\n<h2 class=\"\">Diego Mart\u00ednez, el nuevo DT<\/h2>\n<p>\u00a0En tanto, <a href=\"https:\/\/www.telam.com.ar\/notas\/202312\/650612-futbol-boca-nuevo-dt-diego-martinez-inicio-pretemporada.html\" target=\"_blank\" rel=\"noopener\">Diego Mart\u00ednez fue anunciado este martes como nuevo entrenador de Boca Juniors<\/a>, y asumir\u00e1 la conducci\u00f3n del plantel el 2 de enero pr\u00f3ximo para iniciar la pretemporada.<\/p>\n<p>\u00abBoca Juniors y Diego Mart\u00ednez llegaron a un acuerdo. El club y el entrenador trabajan en la formalizaci\u00f3n del contrato\u00bb, fue el comunicado oficial emitido por la entidad \u00abxeneize\u00bb en su cuenta de la red social X (exTwitter).<\/p>\n<p><figure class=\"mb-3\"><img decoding=\"async\" src=\"https:\/\/www.telam.com.ar\/thumbs\/bluesteel\/advf\/imagenes\/2023\/12\/658adaca4a0ff_1200.jpg\" class=\" lazy \" width=\"100%\" height=\"100%\" alt=\"Diego Martnez Foto Facebook\"\/><figcaption> Diego Mart\u00ednez \/ Foto: Facebook. <\/figcaption><\/figure>\n<p>Mart\u00ednez, de 45 a\u00f1os y ex DT de Estudiantes de Buenos Aires, Godoy Cruz, Tigre y Hurac\u00e1n, entre otros clubes, firmar\u00e1 en las pr\u00f3ximas horas su contrato con Boca hasta el 31 de diciembre de 2024 y con la opci\u00f3n de extenderlo por una temporada m\u00e1s.<\/p>\n<p><strong>El entrenador se sumar\u00e1 a Boca para la sucesi\u00f3n oficial de Jorge Almir\u00f3n y tras el interinato de Mariano Herr\u00f3n.<\/strong><\/p>\n<p>Mart\u00ednez estar\u00e1 acompa\u00f1ado por un cuerpo t\u00e9cnico integrado por Cristian Bardaro, Adri\u00e1n Gonz\u00e1lez y Gustavo Rodr\u00edguez (ayudantes de campo); Juan Manuel Conte y Leandro Mazziotti (preparadores f\u00edsicos); Pablo Campod\u00f3nico (entrenador de arqueros); Omar Mateo (videoanalista) y Patricio Ciavarella (coaching).<\/p>\n<p>Sin embargo, <strong>el presidente de Hurac\u00e1n, David Garz\u00f3n, advirti\u00f3 el martes que Diego Mart\u00ednez todav\u00eda no se desvincul\u00f3 del \u00abGlobo\u00bb<\/strong> y reiter\u00f3 su enojo con la dirigencia de Boca por el anuncio en redes sociales.<\/p>\n<p>\u00abAc\u00e1 no hay nada acordado. Estamos esperando que (el DT) se presente, renuncie o que pague el resarcimiento que tiene que pagar. Despu\u00e9s de eso quedar\u00e1 libre\u00bb, asegur\u00f3 Garz\u00f3n en di\u00e1logo con radio La Red.<\/p>\n<p>\u00ab<strong>Ni loco vuelvo a contratar a Mart\u00ednez. Se port\u00f3 mal con Hurac\u00e1n<\/strong>. Trabaj\u00f3 muy bien en el club, pero yo entiendo: los llama Boca, se mean, se van desesperados y no respetan a un club que les dio todo\u00bb, expres\u00f3.<\/p>\n<p>En tanto, seg\u00fan confi\u00f3 a T\u00e9lam una fuente del club, el hist\u00f3rico entrenador de arqueros Fernando Gayoso seguir\u00e1 en Boca, alejando los rumores que se generaron debido a que Mart\u00ednez tiene en su cuerpo t\u00e9cnico a Campod\u00f3nico, exarquero de Temperley, Aldosivi de Mar del Plata y Platense, entre otros clubes.<\/p>\n<p>En cuanto a los refuerzos, los que est\u00e1n m\u00e1s cerca son Ever Banega, quien retornar\u00e1 a Boca cuando se desvincule de su club en Arabia Saudita en los pr\u00f3ximos d\u00edas, y el mediocampista por izquierda de Uni\u00f3n, de Santa Fe, Kevin Zen\u00f3n, de 22 a\u00f1os. Por el volante, el club \u00abtatengue\u00bb pide 4 millones de d\u00f3lares por el 80% de su pase.<\/p>\n<p><figure class=\"mb-3\"><img decoding=\"async\" src=\"https:\/\/www.telam.com.ar\/thumbs\/bluesteel\/advf\/imagenes\/2023\/10\/651f6e6ac7fa4_1200.jpg\" class=\" lazy \" width=\"100%\" height=\"100%\" alt=\"Marcos Rojo Foto Cris Sille\"\/><figcaption> Marcos Rojo \/ Foto: Cris Sille. <\/figcaption><\/figure>\n<p>En el rubro salidas, crece el inter\u00e9s del Inter Miami por <strong>Marcos Rojo<\/strong>, aunque tambi\u00e9n Palmeiras lo pretender\u00eda. En los \u00faltimos d\u00edas, el DT Gerardo Martino, y el propio Lionel Messi, figura del conjunto de la MLS, se pusieron en contacto con el capit\u00e1n boquense.<\/p>\n<p>Seg\u00fan dijeron a T\u00e9lam allegados al ex defensor de la selecci\u00f3n Argentina, su idea por ahora es seguir en Boca, en donde tiene contrato hasta diciembre del 2025.<\/p>\n<p>Tambi\u00e9n hubo un ofrecimiento del Botafogo por <strong>Cristian Medina<\/strong>: el club carioca ofreci\u00f3 por el volante -de 22 a\u00f1os- 7 millones de d\u00f3lares por el 80 por ciento de su contrato.<\/p>\n<p>En Boca desecharon la oferta, ya que la cl\u00e1usula de salida del futbolista es de 15 millones de d\u00f3lares, pero no cerraron las negociaciones.<\/p>\n<p>En tanto, y en silencio, las nuevas autoridades de Boca siguen las conversaciones con Carlos Bianchi para que se incorpore en alguna funci\u00f3n de asesor\u00eda, al tiempo que persiste la idea de ponerle su nombre al predio que el club tiene en Ezeiza.<\/p>\n<\/div>\n<p><script async src=\"\/\/platform.twitter.com\/widgets.js\" charset=\"utf-8\"><\/script><script async defer crossorigin=\"anonymous\" src=\"https:\/\/connect.facebook.net\/es_LA\/sdk.js#xfbml=1&#038;version=v12.0\" nonce=\"SBlHQzIF\"><\/script><br \/><a href=\"https:\/\/www.telam.com.ar\/notas\/202312\/650682-juan-roman-riquelme-asume-tecnico-boca-juniors.html\">source<\/a><\/p>\n","protected":false},"excerpt":{"rendered":"<p>Juan Rom\u00e1n Riquelme \/ Foto: Juli\u00e1n \u00c1lvarez. Juan Rom\u00e1n Riquelme asumir\u00e1 este mi\u00e9rcoles a las&#8230;<\/p>\n","protected":false},"author":3,"featured_media":12285,"comment_status":"closed","ping_status":"closed","sticky":false,"template":"","format":"standard","meta":{"footnotes":""},"categories":[21],"tags":[],"class_list":["post-12284","post","type-post","status-publish","format-standard","has-post-thumbnail","hentry","category-deportes"],"featured_image_urls":{"full":["https:\/\/fmamiga909.com.ar\/wp-content\/uploads\/2023\/12\/wp-header-logo-172.png",1200,675,false],"thumbnail":["https:\/\/fmamiga909.com.ar\/wp-content\/uploads\/2023\/12\/wp-header-logo-172-150x150.png",150,150,true],"medium":["https:\/\/fmamiga909.com.ar\/wp-content\/uploads\/2023\/12\/wp-header-logo-172-300x169.png",300,169,true],"medium_large":["https:\/\/fmamiga909.com.ar\/wp-content\/uploads\/2023\/12\/wp-header-logo-172.png",1200,675,false],"large":["https:\/\/fmamiga909.com.ar\/wp-content\/uploads\/2023\/12\/wp-header-logo-172-1024x576.png",640,360,true],"1536x1536":["https:\/\/fmamiga909.com.ar\/wp-content\/uploads\/2023\/12\/wp-header-logo-172.png",1200,675,false],"2048x2048":["https:\/\/fmamiga909.com.ar\/wp-content\/uploads\/2023\/12\/wp-header-logo-172.png",1200,675,false],"newsium-slider-full":["https:\/\/fmamiga909.com.ar\/wp-content\/uploads\/2023\/12\/wp-header-logo-172.png",1200,675,false],"newsium-featured":["https:\/\/fmamiga909.com.ar\/wp-content\/uploads\/2023\/12\/wp-header-logo-172-1024x576.png",1024,576,true],"newsium-medium":["https:\/\/fmamiga909.com.ar\/wp-content\/uploads\/2023\/12\/wp-header-logo-172-720x475.png",720,475,true]},"author_info":{"display_name":"Fredy Giuliano","author_link":"https:\/\/fmamiga909.com.ar\/?author=3"},"category_info":"<a href=\"https:\/\/fmamiga909.com.ar\/?cat=21\" rel=\"category\">Deportes<\/a>","tag_info":"Deportes","comment_count":"0","_links":{"self":[{"href":"https:\/\/fmamiga909.com.ar\/index.php?rest_route=\/wp\/v2\/posts\/12284","targetHints":{"allow":["GET"]}}],"collection":[{"href":"https:\/\/fmamiga909.com.ar\/index.php?rest_route=\/wp\/v2\/posts"}],"about":[{"href":"https:\/\/fmamiga909.com.ar\/index.php?rest_route=\/wp\/v2\/types\/post"}],"author":[{"embeddable":true,"href":"https:\/\/fmamiga909.com.ar\/index.php?rest_route=\/wp\/v2\/users\/3"}],"replies":[{"embeddable":true,"href":"https:\/\/fmamiga909.com.ar\/index.php?rest_route=%2Fwp%2Fv2%2Fcomments&post=12284"}],"version-history":[{"count":0,"href":"https:\/\/fmamiga909.com.ar\/index.php?rest_route=\/wp\/v2\/posts\/12284\/revisions"}],"wp:featuredmedia":[{"embeddable":true,"href":"https:\/\/fmamiga909.com.ar\/index.php?rest_route=\/wp\/v2\/media\/12285"}],"wp:attachment":[{"href":"https:\/\/fmamiga909.com.ar\/index.php?rest_route=%2Fwp%2Fv2%2Fmedia&parent=12284"}],"wp:term":[{"taxonomy":"category","embeddable":true,"href":"https:\/\/fmamiga909.com.ar\/index.php?rest_route=%2Fwp%2Fv2%2Fcategories&post=12284"},{"taxonomy":"post_tag","embeddable":true,"href":"https:\/\/fmamiga909.com.ar\/index.php?rest_route=%2Fwp%2Fv2%2Ftags&post=12284"}],"curies":[{"name":"wp","href":"https:\/\/api.w.org\/{rel}","templated":true}]}}