{"id":12286,"date":"2023-12-27T14:44:26","date_gmt":"2023-12-27T14:44:26","guid":{"rendered":"https:\/\/fmamiga909.com.ar\/?p=12286"},"modified":"2023-12-27T14:44:26","modified_gmt":"2023-12-27T14:44:26","slug":"con-tevez-al-mando-independiente-inicio-la-pretemporada-con-tres-refuerzos","status":"publish","type":"post","link":"https:\/\/fmamiga909.com.ar\/?p=12286","title":{"rendered":"Con Tevez al mando, Independiente inici\u00f3 la pretemporada con tres refuerzos"},"content":{"rendered":"<div>\n<figure class=\"mb-3\"><img decoding=\"async\" src=\"https:\/\/www.telam.com.ar\/thumbs\/bluesteel\/advf\/imagenes\/2023\/08\/64e53948611e2_1200.jpg\" class=\" lazy \" width=\"100%\" height=\"100%\" alt=\"Foto Alfredo Luna\"\/><figcaption> Foto: Alfredo Luna. <\/figcaption><\/figure>\n<p><strong>El plantel profesional de Independiente reanud\u00f3<\/strong> este martes<strong> los entrenamientos, tras el per\u00edodo vacacional, en el predio<\/strong> que la instituci\u00f3n posee en la localidad <strong>de Villa Dom\u00ednico,<\/strong> sin la presencia del refuerzo paraguayo Gabriel Avalos, proveniente de Argentinos Juniors, y con Carlos Tevez como entrenador.<\/p>\n<p>El delantero paraguayo, de 33 a\u00f1os y cuyo pase le cost\u00f3 a Independiente 2.000.000 de d\u00f3lares, lleg\u00f3 anoche en vuelo proveniente de Asunci\u00f3n y el cuerpo t\u00e9cnico decidi\u00f3 que reci\u00e9n se presente esta tarde para someterse a la revisi\u00f3n m\u00e9dica de rigor.<\/p>\n<p>No obstante, <strong>Tevez si cont\u00f3 con tres refuerzos: el mediocampista Alex Luna (Atl\u00e9tico de Rafaela), el defensor Adri\u00e1n Sporle (Arsenal de Sarand\u00ed) y el delantero Ignacio Maestro Puch (Atl\u00e9tico Tucum\u00e1n).<\/strong><\/p>\n<p>Todas las incorporaciones, tras recibir el apto f\u00edsico en el Instituto M\u00e9dico de Alta Tecnolog\u00eda (IMAT), firmar\u00e1n el contrato este martes por la tarde, mientras que el resto del plantel afrontar\u00e1 una serie de estudios usuales en la reanudaci\u00f3n de las pr\u00e1cticas.<\/p>\n<p>Esta semana se desarrollar\u00e1n una serie de entrenamientos livianos antes de viajar a la pretemporada en Miami, en donde est\u00e1 previsto que juegue algunos amistosos.<\/p>\n<p>Independiente jugar\u00e1 esta a\u00f1o la Copa de la Liga, que comenzar\u00e1 a fin de enero pr\u00f3ximo, debutando ante el ascendido Deportivo Riestra de visitante, la Copa Argentina y la Liga Profesional, post Copa Am\u00e9rica, sin actividad en copas internacionales. <\/p>\n<\/div>\n<p><script async defer crossorigin=\"anonymous\" src=\"https:\/\/connect.facebook.net\/es_LA\/sdk.js#xfbml=1&#038;version=v12.0\" nonce=\"SBlHQzIF\"><\/script><br \/><a href=\"https:\/\/www.telam.com.ar\/notas\/202312\/650629-futbol-independiente-carlos-tevez-inicio-pretemporada-refuerzos.html\">source<\/a><\/p>\n","protected":false},"excerpt":{"rendered":"<p>Foto: Alfredo Luna. El plantel profesional de Independiente reanud\u00f3 este martes los entrenamientos, tras el&#8230;<\/p>\n","protected":false},"author":3,"featured_media":12287,"comment_status":"closed","ping_status":"closed","sticky":false,"template":"","format":"standard","meta":{"footnotes":""},"categories":[21],"tags":[],"class_list":["post-12286","post","type-post","status-publish","format-standard","has-post-thumbnail","hentry","category-deportes"],"featured_image_urls":{"full":["https:\/\/fmamiga909.com.ar\/wp-content\/uploads\/2023\/12\/wp-header-logo-173.png",1200,675,false],"thumbnail":["https:\/\/fmamiga909.com.ar\/wp-content\/uploads\/2023\/12\/wp-header-logo-173-150x150.png",150,150,true],"medium":["https:\/\/fmamiga909.com.ar\/wp-content\/uploads\/2023\/12\/wp-header-logo-173-300x169.png",300,169,true],"medium_large":["https:\/\/fmamiga909.com.ar\/wp-content\/uploads\/2023\/12\/wp-header-logo-173.png",1200,675,false],"large":["https:\/\/fmamiga909.com.ar\/wp-content\/uploads\/2023\/12\/wp-header-logo-173-1024x576.png",640,360,true],"1536x1536":["https:\/\/fmamiga909.com.ar\/wp-content\/uploads\/2023\/12\/wp-header-logo-173.png",1200,675,false],"2048x2048":["https:\/\/fmamiga909.com.ar\/wp-content\/uploads\/2023\/12\/wp-header-logo-173.png",1200,675,false],"newsium-slider-full":["https:\/\/fmamiga909.com.ar\/wp-content\/uploads\/2023\/12\/wp-header-logo-173.png",1200,675,false],"newsium-featured":["https:\/\/fmamiga909.com.ar\/wp-content\/uploads\/2023\/12\/wp-header-logo-173-1024x576.png",1024,576,true],"newsium-medium":["https:\/\/fmamiga909.com.ar\/wp-content\/uploads\/2023\/12\/wp-header-logo-173-720x475.png",720,475,true]},"author_info":{"display_name":"Fredy Giuliano","author_link":"https:\/\/fmamiga909.com.ar\/?author=3"},"category_info":"<a href=\"https:\/\/fmamiga909.com.ar\/?cat=21\" rel=\"category\">Deportes<\/a>","tag_info":"Deportes","comment_count":"0","_links":{"self":[{"href":"https:\/\/fmamiga909.com.ar\/index.php?rest_route=\/wp\/v2\/posts\/12286","targetHints":{"allow":["GET"]}}],"collection":[{"href":"https:\/\/fmamiga909.com.ar\/index.php?rest_route=\/wp\/v2\/posts"}],"about":[{"href":"https:\/\/fmamiga909.com.ar\/index.php?rest_route=\/wp\/v2\/types\/post"}],"author":[{"embeddable":true,"href":"https:\/\/fmamiga909.com.ar\/index.php?rest_route=\/wp\/v2\/users\/3"}],"replies":[{"embeddable":true,"href":"https:\/\/fmamiga909.com.ar\/index.php?rest_route=%2Fwp%2Fv2%2Fcomments&post=12286"}],"version-history":[{"count":0,"href":"https:\/\/fmamiga909.com.ar\/index.php?rest_route=\/wp\/v2\/posts\/12286\/revisions"}],"wp:featuredmedia":[{"embeddable":true,"href":"https:\/\/fmamiga909.com.ar\/index.php?rest_route=\/wp\/v2\/media\/12287"}],"wp:attachment":[{"href":"https:\/\/fmamiga909.com.ar\/index.php?rest_route=%2Fwp%2Fv2%2Fmedia&parent=12286"}],"wp:term":[{"taxonomy":"category","embeddable":true,"href":"https:\/\/fmamiga909.com.ar\/index.php?rest_route=%2Fwp%2Fv2%2Fcategories&post=12286"},{"taxonomy":"post_tag","embeddable":true,"href":"https:\/\/fmamiga909.com.ar\/index.php?rest_route=%2Fwp%2Fv2%2Ftags&post=12286"}],"curies":[{"name":"wp","href":"https:\/\/api.w.org\/{rel}","templated":true}]}}