{"id":12294,"date":"2023-12-28T02:54:20","date_gmt":"2023-12-28T02:54:20","guid":{"rendered":"https:\/\/fmamiga909.com.ar\/?p=12294"},"modified":"2023-12-28T02:54:20","modified_gmt":"2023-12-28T02:54:20","slug":"diego-martinez-es-el-nuevo-dt-de-boca","status":"publish","type":"post","link":"https:\/\/fmamiga909.com.ar\/?p=12294","title":{"rendered":"Diego Mart\u00ednez es el nuevo DT de Boca"},"content":{"rendered":"<div>\n<figure class=\"mb-3\"><img decoding=\"async\" src=\"https:\/\/www.telam.com.ar\/thumbs\/bluesteel\/advf\/imagenes\/2023\/12\/658ada3221b07_1200.jpg\" class=\" lazy \" width=\"100%\" height=\"100%\" alt=\"Martnez nuevo DT de Boca Foto Xla12tuittera\"\/><figcaption> Mart\u00ednez nuevo DT de Boca. \/ Foto: X@la12tuittera. <\/figcaption><\/figure>\n<p><strong>Diego Mart\u00ednez fue anunciado<\/strong> este martes <strong>como nuevo entrenador de Boca Juniors, y asumir\u00e1 la conducci\u00f3n del plantel el 2 de enero pr\u00f3ximo para iniciar la pretemporada.<\/strong><\/p>\n<p>\u00abBoca Juniors y Diego Mart\u00ednez llegaron a un acuerdo. El club y el entrenador trabajan en la formalizaci\u00f3n del contrato\u00bb, fue el comunicado oficial emitido por la entidad \u00abXeneize\u00bb en su cuenta de X (exTwitter).<\/p>\n<p>Mart\u00ednez, de 45 a\u00f1os y ex DT de Estudiantes de Buenos Aires, Tigre y Hurac\u00e1n, entre otros clubes, firmar\u00e1 en las pr\u00f3ximas horas su contrato con Boca hasta el 31 de diciembre de 2024 y con la opci\u00f3n de extenderlo por una temporada m\u00e1s.<\/p>\n<p>El entrenador se sumar\u00e1 a Boca para la sucesi\u00f3n oficial de Jorge Almir\u00f3n y tras el interinato de Mariano Herr\u00f3n.<\/p>\n<blockquote class=\"twitter-tweet\">\n<p lang=\"es\" dir=\"ltr\">\ud83d\udea8ULTIMA NOTICIA \ud83d\udea8<a href=\"https:\/\/twitter.com\/estoesboca_ok?ref_src=twsrc%5Etfw\">@estoesboca_ok<\/a> ANUNCIA QUE DIEGO MARTINEZ ES NUEVO TECNICO DE BOCA. <a href=\"https:\/\/t.co\/Lq7WR6ox6C\">pic.twitter.com\/Lq7WR6ox6C<\/a><\/p>\n<p>\u2014 Boca Juniors &#8211; La12Tuittera (@la12tuittera) <a href=\"https:\/\/twitter.com\/la12tuittera\/status\/1739632676204695860?ref_src=twsrc%5Etfw\">December 26, 2023<\/a><\/p><\/blockquote>\n<p> Mart\u00ednez estar\u00e1 acompa\u00f1ado por un cuerpo t\u00e9cnico integrado por Cristian Bardaro, Adri\u00e1n Gonz\u00e1lez y Gustavo Rodr\u00edguez (ayudantes de campo); Juan Manuel Conte y Leandro Mazziotti (preparadores f\u00edsicos); Pablo Campod\u00f3nico (entrenador de arqueros); Omar Mateo (videoanalista) y Patricio Ciavarella (coaching).<\/p>\n<p>En tanto, seg\u00fan confi\u00f3 a T\u00e9lam una fuente del club, el hist\u00f3rico entrenador de arqueros Fernando Gayoso seguir\u00e1 en Boca, alejando los rumores que se generaron debido a que Mart\u00ednez tiene en su cuerpo t\u00e9cnico a Campod\u00f3nico, exarquero de Temperley, Aldosivi de Mar del Plata y Platense, entre otros clubes.<\/p>\n<div class=\"jumbotron pt-4 mt-3\">\n<h3 class=\"module-title\">Hurac\u00e1n advirti\u00f3 que Diego Mart\u00ednez no se desvincul\u00f3 del club<\/h3>\n<p>El presidente de Hurac\u00e1n, David Garz\u00f3n, advirti\u00f3 este martes que Diego Mart\u00ednez todav\u00eda no se desvincul\u00f3 del club y reiter\u00f3 su enojo con la dirigencia de Boca Juniors por el anuncio en redes sociales.<\/p>\n<p>\u00abAc\u00e1 no hay nada acordado. Estamos esperando que (Mart\u00ednez) se presente, renuncie o que pague lo que tiene que pagar\u00bb, asegur\u00f3 Garz\u00f3n en di\u00e1logo con radio La Red.<\/p>\n<p>El titular del \u00abGlobo\u00bb explic\u00f3 que el entrenador est\u00e1 en falta con el club y ser\u00e1 intimado legalmente.<\/p>\n<p>\u00abQue se presente, que renuncie o que pague el resarcimiento. Despu\u00e9s de eso quedar\u00e1 libre\u00bb, remarc\u00f3.<\/p>\n<p>Al igual que la semana pasada, cuando habl\u00f3 en la previa del sorteo de Copa Argentina, Garz\u00f3n reiter\u00f3 su enojo con la dirigencia \u00abxeneize\u00bb, que esta ma\u00f1ana anunci\u00f3 a Mart\u00ednez como nuevo entrenador en la cuenta oficial \u00abEsto es Boca\u00bb.<\/p>\n<p>\u00abNos puentearon desde el primer momento y ya estamos cansados. Mart\u00ednez deber\u00eda tener m\u00e1s respeto por Hurac\u00e1n. Y que anuncien un t\u00e9cnico as\u00ed, es una barbaridad\u00bb, reclam\u00f3.<\/p>\n<p>Sin embargo, el principal fastidio de la dirigencia de Hurac\u00e1n es con el entrenador que ten\u00eda contrato hasta junio de 2024.<\/p>\n<p>\u00abNi loco vuelvo a contratar a Mart\u00ednez. Se port\u00f3 mal con Hurac\u00e1n. Trabaj\u00f3 muy bien pero yo entiendo, los llama Boca, se mean, se van desesperados y no respetan a un club que les dio todo\u00bb, apunt\u00f3.<\/p>\n<p>Adem\u00e1s, este conflicto no le permite al \u00abGlobo\u00bb avanzar con la planificaci\u00f3n para el 2024 que incluye a Facundo Sava como nuevo entrenador.<\/p>\n<p>\u00abNo podemos avanzar con Sava. Es inc\u00f3modo para todos\u00bb, sostuvo.<\/p>\n<p>Por \u00faltimo, Garz\u00f3n afirm\u00f3 que el chileno Rodrigo Echeverr\u00eda, tambi\u00e9n pretendido por el \u00abxeneize\u00bb, no se negocia y el \u00fanico jugador a la venta es el delantero uruguayo Mat\u00edas C\u00f3ccaro.<\/p>\n<\/p><\/div>\n<p>En cuanto a los refuerzos, los que est\u00e1n m\u00e1s cerca son Ever Banega, quien retornar\u00e1 a Boca cuando se desvincule de su club en Arabia Saudita en los pr\u00f3ximos d\u00edas, y el mediocampista por izquierda de Uni\u00f3n, de Santa Fe, Kevin Zen\u00f3n, de 22 a\u00f1os.<\/p>\n<p>En otro orden,<strong> Juan Rom\u00e1n Riquelme asumir\u00e1 formalmente como presidente de Boca este mi\u00e9rcoles a las 19 en La Bombonera, luego de haberse impuesto en los comicios del pasado 17 de diciembre.<\/strong><\/p>\n<\/div>\n<p><script async src=\"\/\/platform.twitter.com\/widgets.js\" charset=\"utf-8\"><\/script><script async defer crossorigin=\"anonymous\" src=\"https:\/\/connect.facebook.net\/es_LA\/sdk.js#xfbml=1&#038;version=v12.0\" nonce=\"SBlHQzIF\"><\/script><br \/><a href=\"https:\/\/www.telam.com.ar\/notas\/202312\/650612-futbol-boca-nuevo-dt-diego-martinez-inicio-pretemporada.html\">source<\/a><\/p>\n","protected":false},"excerpt":{"rendered":"<p>Mart\u00ednez nuevo DT de Boca. \/ Foto: X@la12tuittera. Diego Mart\u00ednez fue anunciado este martes como&#8230;<\/p>\n","protected":false},"author":3,"featured_media":12295,"comment_status":"closed","ping_status":"closed","sticky":false,"template":"","format":"standard","meta":{"footnotes":""},"categories":[21],"tags":[],"class_list":["post-12294","post","type-post","status-publish","format-standard","has-post-thumbnail","hentry","category-deportes"],"featured_image_urls":{"full":["https:\/\/fmamiga909.com.ar\/wp-content\/uploads\/2023\/12\/wp-header-logo-177.png",1200,675,false],"thumbnail":["https:\/\/fmamiga909.com.ar\/wp-content\/uploads\/2023\/12\/wp-header-logo-177-150x150.png",150,150,true],"medium":["https:\/\/fmamiga909.com.ar\/wp-content\/uploads\/2023\/12\/wp-header-logo-177-300x169.png",300,169,true],"medium_large":["https:\/\/fmamiga909.com.ar\/wp-content\/uploads\/2023\/12\/wp-header-logo-177.png",1200,675,false],"large":["https:\/\/fmamiga909.com.ar\/wp-content\/uploads\/2023\/12\/wp-header-logo-177-1024x576.png",640,360,true],"1536x1536":["https:\/\/fmamiga909.com.ar\/wp-content\/uploads\/2023\/12\/wp-header-logo-177.png",1200,675,false],"2048x2048":["https:\/\/fmamiga909.com.ar\/wp-content\/uploads\/2023\/12\/wp-header-logo-177.png",1200,675,false],"newsium-slider-full":["https:\/\/fmamiga909.com.ar\/wp-content\/uploads\/2023\/12\/wp-header-logo-177.png",1200,675,false],"newsium-featured":["https:\/\/fmamiga909.com.ar\/wp-content\/uploads\/2023\/12\/wp-header-logo-177-1024x576.png",1024,576,true],"newsium-medium":["https:\/\/fmamiga909.com.ar\/wp-content\/uploads\/2023\/12\/wp-header-logo-177-720x475.png",720,475,true]},"author_info":{"display_name":"Fredy Giuliano","author_link":"https:\/\/fmamiga909.com.ar\/?author=3"},"category_info":"<a href=\"https:\/\/fmamiga909.com.ar\/?cat=21\" rel=\"category\">Deportes<\/a>","tag_info":"Deportes","comment_count":"0","_links":{"self":[{"href":"https:\/\/fmamiga909.com.ar\/index.php?rest_route=\/wp\/v2\/posts\/12294","targetHints":{"allow":["GET"]}}],"collection":[{"href":"https:\/\/fmamiga909.com.ar\/index.php?rest_route=\/wp\/v2\/posts"}],"about":[{"href":"https:\/\/fmamiga909.com.ar\/index.php?rest_route=\/wp\/v2\/types\/post"}],"author":[{"embeddable":true,"href":"https:\/\/fmamiga909.com.ar\/index.php?rest_route=\/wp\/v2\/users\/3"}],"replies":[{"embeddable":true,"href":"https:\/\/fmamiga909.com.ar\/index.php?rest_route=%2Fwp%2Fv2%2Fcomments&post=12294"}],"version-history":[{"count":0,"href":"https:\/\/fmamiga909.com.ar\/index.php?rest_route=\/wp\/v2\/posts\/12294\/revisions"}],"wp:featuredmedia":[{"embeddable":true,"href":"https:\/\/fmamiga909.com.ar\/index.php?rest_route=\/wp\/v2\/media\/12295"}],"wp:attachment":[{"href":"https:\/\/fmamiga909.com.ar\/index.php?rest_route=%2Fwp%2Fv2%2Fmedia&parent=12294"}],"wp:term":[{"taxonomy":"category","embeddable":true,"href":"https:\/\/fmamiga909.com.ar\/index.php?rest_route=%2Fwp%2Fv2%2Fcategories&post=12294"},{"taxonomy":"post_tag","embeddable":true,"href":"https:\/\/fmamiga909.com.ar\/index.php?rest_route=%2Fwp%2Fv2%2Ftags&post=12294"}],"curies":[{"name":"wp","href":"https:\/\/api.w.org\/{rel}","templated":true}]}}