{"id":12404,"date":"2024-01-03T15:44:28","date_gmt":"2024-01-03T15:44:28","guid":{"rendered":"https:\/\/fmamiga909.com.ar\/?p=12404"},"modified":"2024-01-03T15:44:28","modified_gmt":"2024-01-03T15:44:28","slug":"grazzini-inicio-su-ciclo-como-dt-de-platense-queremos-un-equipo-protagonista","status":"publish","type":"post","link":"https:\/\/fmamiga909.com.ar\/?p=12404","title":{"rendered":"Grazzini inici\u00f3 su ciclo como DT de Platense: &quot;Queremos un equipo protagonista&quot;"},"content":{"rendered":"<div>\n<figure class=\"mb-3\"><img decoding=\"async\" src=\"https:\/\/www.telam.com.ar\/thumbs\/bluesteel\/advf\/imagenes\/2024\/01\/65943fce61fdf_1200.jpg\" class=\" lazy \" width=\"100%\" height=\"100%\" alt=\"Foto X caplatense\"\/><figcaption> Foto: X @caplatense. <\/figcaption><\/figure>\n<p><strong>Sebasti\u00e1n Grazzini<\/strong> comenz\u00f3 este martes su ciclo como entrenador al frente de <strong>Platense<\/strong>, al que conducir\u00e1 en la pr\u00f3xima Copa de la Liga Profesional (LPF) de f\u00fatbol.<\/p>\n<p>El director t\u00e9cnico rosarino, de 42 a\u00f1os, se hizo cargo del equipo &#8216;calamar&#8217; que arrib\u00f3 a la final de la \u00faltima Copa de la LPF, en donde <a href=\"https:\/\/www.telam.com.ar\/notas\/202312\/649780-rosario-central-platense-final-campeon-copa-de-la-liga-santiago-del-estero.html\" target=\"_blank\" rel=\"noopener\">fue derrotado en la definici\u00f3n por Rosario Central<\/a> (0-1), bajo la \u00f3rbita de Mart\u00edn Palermo.<\/p>\n<p>\u00ab<strong>Queremos un equipo protagonista<\/strong>, que busque ser ofensivo y que pueda someter al rival en su campo\u00bb anunci\u00f3 el exDT de Racing Club, una vez concluida la pr\u00e1ctica inicial en el estadio Ciudad de Vicente L\u00f3pez, bajo un sol agobiante.<\/p>\n<p>\u00abDebemos entender que se tienen que mantener las cosas que se hicieron bien\u00bb agreg\u00f3 el entrenador, en rueda de prensa.<\/p>\n<blockquote class=\"twitter-tweet\">\n<p lang=\"es\" dir=\"ltr\">\ud835\ude51\ud835\ude4a\ud835\ude47\ud835\ude51\ud835\ude44\ud835\ude48\ud835\ude4a\ud835\ude4e \ud83d\udc4d\ud83d\ude00<a href=\"https:\/\/twitter.com\/hashtag\/VamosCalamares?src=hash&amp;ref_src=twsrc%5Etfw\">#VamosCalamares<\/a>\ud83e\udd91 <a href=\"https:\/\/t.co\/PKIHHosA3F\">pic.twitter.com\/PKIHHosA3F<\/a><\/p>\n<p>\u2014 Club Atl\u00e9tico Platense (@caplatense) <a href=\"https:\/\/twitter.com\/caplatense\/status\/1742194497595851138?ref_src=twsrc%5Etfw\">January 2, 2024<\/a><\/p><\/blockquote>\n<p> Grazzini inici\u00f3 su labor, acompa\u00f1ado por los ayudantes de campo Sebasti\u00e1n Bartolini y Maximiliano Quezada, adem\u00e1s de los preparadores f\u00edsicos Andr\u00e9s Garc\u00eda y Franco Susco.<\/p>\n<p>El juvenil delantero de la Reserva, Ian D\u00edaz, fue promovido para entrenarse junto a un plantel principal, que sufre las bajas por alejamientos de Ramiro Macagno, Nicol\u00e1s Morgantini, Gonzalo As\u00eds, Franco D\u00edaz, Nicol\u00e1s Castro, Jer\u00f3nimo Cacciab\u00fae, Juan Infante y Maximiliano Zalazar, entre otros.<\/p>\n<\/div>\n<p><script async src=\"\/\/platform.twitter.com\/widgets.js\" charset=\"utf-8\"><\/script><script async defer crossorigin=\"anonymous\" src=\"https:\/\/connect.facebook.net\/es_LA\/sdk.js#xfbml=1&#038;version=v12.0\" nonce=\"SBlHQzIF\"><\/script><br \/><a href=\"https:\/\/www.telam.com.ar\/notas\/202401\/651314-sebastian-grazzini-inicio-ciclo-dt-platense.html\">source<\/a><\/p>\n","protected":false},"excerpt":{"rendered":"<p>Foto: X @caplatense. Sebasti\u00e1n Grazzini comenz\u00f3 este martes su ciclo como entrenador al frente de&#8230;<\/p>\n","protected":false},"author":3,"featured_media":12405,"comment_status":"closed","ping_status":"closed","sticky":false,"template":"","format":"standard","meta":{"footnotes":""},"categories":[21],"tags":[],"class_list":["post-12404","post","type-post","status-publish","format-standard","has-post-thumbnail","hentry","category-deportes"],"featured_image_urls":{"full":["https:\/\/fmamiga909.com.ar\/wp-content\/uploads\/2024\/01\/wp-header-logo-17.png",1200,675,false],"thumbnail":["https:\/\/fmamiga909.com.ar\/wp-content\/uploads\/2024\/01\/wp-header-logo-17-150x150.png",150,150,true],"medium":["https:\/\/fmamiga909.com.ar\/wp-content\/uploads\/2024\/01\/wp-header-logo-17-300x169.png",300,169,true],"medium_large":["https:\/\/fmamiga909.com.ar\/wp-content\/uploads\/2024\/01\/wp-header-logo-17.png",1200,675,false],"large":["https:\/\/fmamiga909.com.ar\/wp-content\/uploads\/2024\/01\/wp-header-logo-17-1024x576.png",640,360,true],"1536x1536":["https:\/\/fmamiga909.com.ar\/wp-content\/uploads\/2024\/01\/wp-header-logo-17.png",1200,675,false],"2048x2048":["https:\/\/fmamiga909.com.ar\/wp-content\/uploads\/2024\/01\/wp-header-logo-17.png",1200,675,false],"newsium-slider-full":["https:\/\/fmamiga909.com.ar\/wp-content\/uploads\/2024\/01\/wp-header-logo-17.png",1200,675,false],"newsium-featured":["https:\/\/fmamiga909.com.ar\/wp-content\/uploads\/2024\/01\/wp-header-logo-17-1024x576.png",1024,576,true],"newsium-medium":["https:\/\/fmamiga909.com.ar\/wp-content\/uploads\/2024\/01\/wp-header-logo-17-720x475.png",720,475,true]},"author_info":{"display_name":"Fredy Giuliano","author_link":"https:\/\/fmamiga909.com.ar\/?author=3"},"category_info":"<a href=\"https:\/\/fmamiga909.com.ar\/?cat=21\" rel=\"category\">Deportes<\/a>","tag_info":"Deportes","comment_count":"0","_links":{"self":[{"href":"https:\/\/fmamiga909.com.ar\/index.php?rest_route=\/wp\/v2\/posts\/12404","targetHints":{"allow":["GET"]}}],"collection":[{"href":"https:\/\/fmamiga909.com.ar\/index.php?rest_route=\/wp\/v2\/posts"}],"about":[{"href":"https:\/\/fmamiga909.com.ar\/index.php?rest_route=\/wp\/v2\/types\/post"}],"author":[{"embeddable":true,"href":"https:\/\/fmamiga909.com.ar\/index.php?rest_route=\/wp\/v2\/users\/3"}],"replies":[{"embeddable":true,"href":"https:\/\/fmamiga909.com.ar\/index.php?rest_route=%2Fwp%2Fv2%2Fcomments&post=12404"}],"version-history":[{"count":0,"href":"https:\/\/fmamiga909.com.ar\/index.php?rest_route=\/wp\/v2\/posts\/12404\/revisions"}],"wp:featuredmedia":[{"embeddable":true,"href":"https:\/\/fmamiga909.com.ar\/index.php?rest_route=\/wp\/v2\/media\/12405"}],"wp:attachment":[{"href":"https:\/\/fmamiga909.com.ar\/index.php?rest_route=%2Fwp%2Fv2%2Fmedia&parent=12404"}],"wp:term":[{"taxonomy":"category","embeddable":true,"href":"https:\/\/fmamiga909.com.ar\/index.php?rest_route=%2Fwp%2Fv2%2Fcategories&post=12404"},{"taxonomy":"post_tag","embeddable":true,"href":"https:\/\/fmamiga909.com.ar\/index.php?rest_route=%2Fwp%2Fv2%2Ftags&post=12404"}],"curies":[{"name":"wp","href":"https:\/\/api.w.org\/{rel}","templated":true}]}}