{"id":12408,"date":"2024-01-03T21:45:43","date_gmt":"2024-01-03T21:45:43","guid":{"rendered":"https:\/\/fmamiga909.com.ar\/?p=12408"},"modified":"2024-01-03T21:45:43","modified_gmt":"2024-01-03T21:45:43","slug":"lisandro-martinez-regreso-a-los-entrenamientos-con-el-united","status":"publish","type":"post","link":"https:\/\/fmamiga909.com.ar\/?p=12408","title":{"rendered":"Lisandro Mart\u00ednez regres\u00f3 a los entrenamientos con el United"},"content":{"rendered":"<div>\n<figure class=\"mb-3\"><img decoding=\"async\" src=\"https:\/\/www.telam.com.ar\/thumbs\/bluesteel\/advf\/imagenes\/2023\/10\/651abdf52e57b_1200.jpg\" class=\" lazy \" width=\"100%\" height=\"100%\" alt=\"Lisandro Martnez una de las buenas noticias para el United en el entrenamiento Foto X \"\/><figcaption> Lisandro Mart\u00ednez, una de las buenas noticias para el United en el entrenamiento | Foto: X <\/figcaption><\/figure>\n<p> El defensor argentino Lisandro Mart\u00ednez, campe\u00f3n del mundo en Qatar 2022, volvi\u00f3 este mi\u00e9rcoles a entrenarse con el plantel de Manchester United, de Inglaterra, a tres meses de la segunda lesi\u00f3n en el metatarsiano del pie derecho.<\/p>\n<p>El entrerriano trabaj\u00f3 a la par de sus compa\u00f1eros y est\u00e1 cada vez m\u00e1s cerca de volver a jugar tras superar su segunda cirug\u00eda debido a una lesi\u00f3n en el metatarsiano del pie derecho.<\/p>\n<p>El club inform\u00f3 que Mart\u00ednez se acopl\u00f3 al plantel junto al brasile\u00f1o Casemiro, ausente tambi\u00e9n por lesi\u00f3n desde el pasado 1 de noviembre.<\/p>\n<p>El \u00faltimo partido de Mart\u00ednez fue el pasado 20 de septiembre por Liga de Campeones de Europa contra Bayern M\u00fanich en Alemania.<\/p>\n<blockquote class=\"twitter-tweet\">\n<p lang=\"en\" dir=\"ltr\">\ud83d\udc40 Spotted in today&#8217;s training session&#8230;<\/p>\n<p>\ud83c\udde7\ud83c\uddf7 <a href=\"https:\/\/twitter.com\/Casemiro?ref_src=twsrc%5Etfw\">@Casemiro<\/a> x <a href=\"https:\/\/twitter.com\/LisandrMartinez?ref_src=twsrc%5Etfw\">@LisandrMartinez<\/a> \ud83c\udde6\ud83c\uddf7<a href=\"https:\/\/twitter.com\/hashtag\/MUFC?src=hash&amp;ref_src=twsrc%5Etfw\">#MUFC<\/a><\/p>\n<p>\u2014 Manchester United (@ManUtd) <a href=\"https:\/\/twitter.com\/ManUtd\/status\/1742591823183294774?ref_src=twsrc%5Etfw\">January 3, 2024<\/a><\/p><\/blockquote>\n<p> Luego, el ex Newell&#8217;s Old Boys y Defensa y Justicia tuvo que volver a ser operado tras resentirse de la lesi\u00f3n en el hueso metatarsiano del pie derecho que lo hab\u00eda dejado afuera de las canchas entre abril y julio del a\u00f1o pasado.<\/p>\n<p>El defensor ya cumpli\u00f3 con el plazo inicial de noventa d\u00edas de recuperaci\u00f3n y solo resta que se ponga a tono f\u00edsicamente para volver a estar a disposici\u00f3n del entrenador neerland\u00e9s Erik ten Hag.<\/p>\n<p>Manchester United abrir\u00e1 el a\u00f1o el pr\u00f3ximo 8 de enero cuando enfrente a Wigan por la Copa FA y luego retomar\u00e1 su actividad en la Premier League el 14 de enero contra Tottenham, como local. <\/p>\n<\/div>\n<p><script async src=\"\/\/platform.twitter.com\/widgets.js\" charset=\"utf-8\"><\/script><script async defer crossorigin=\"anonymous\" src=\"https:\/\/connect.facebook.net\/es_LA\/sdk.js#xfbml=1&#038;version=v12.0\" nonce=\"SBlHQzIF\"><\/script><br \/><a href=\"https:\/\/www.telam.com.ar\/notas\/202401\/651446-lisandro-martinez-entrenamiento-regreso-lesion-plantel-manchester-united.html\">source<\/a><\/p>\n","protected":false},"excerpt":{"rendered":"<p>Lisandro Mart\u00ednez, una de las buenas noticias para el United en el entrenamiento | Foto:&#8230;<\/p>\n","protected":false},"author":3,"featured_media":12409,"comment_status":"closed","ping_status":"closed","sticky":false,"template":"","format":"standard","meta":{"footnotes":""},"categories":[21],"tags":[],"class_list":["post-12408","post","type-post","status-publish","format-standard","has-post-thumbnail","hentry","category-deportes"],"featured_image_urls":{"full":["https:\/\/fmamiga909.com.ar\/wp-content\/uploads\/2024\/01\/wp-header-logo-19.png",1200,675,false],"thumbnail":["https:\/\/fmamiga909.com.ar\/wp-content\/uploads\/2024\/01\/wp-header-logo-19-150x150.png",150,150,true],"medium":["https:\/\/fmamiga909.com.ar\/wp-content\/uploads\/2024\/01\/wp-header-logo-19-300x169.png",300,169,true],"medium_large":["https:\/\/fmamiga909.com.ar\/wp-content\/uploads\/2024\/01\/wp-header-logo-19.png",1200,675,false],"large":["https:\/\/fmamiga909.com.ar\/wp-content\/uploads\/2024\/01\/wp-header-logo-19-1024x576.png",640,360,true],"1536x1536":["https:\/\/fmamiga909.com.ar\/wp-content\/uploads\/2024\/01\/wp-header-logo-19.png",1200,675,false],"2048x2048":["https:\/\/fmamiga909.com.ar\/wp-content\/uploads\/2024\/01\/wp-header-logo-19.png",1200,675,false],"newsium-slider-full":["https:\/\/fmamiga909.com.ar\/wp-content\/uploads\/2024\/01\/wp-header-logo-19.png",1200,675,false],"newsium-featured":["https:\/\/fmamiga909.com.ar\/wp-content\/uploads\/2024\/01\/wp-header-logo-19-1024x576.png",1024,576,true],"newsium-medium":["https:\/\/fmamiga909.com.ar\/wp-content\/uploads\/2024\/01\/wp-header-logo-19-720x475.png",720,475,true]},"author_info":{"display_name":"Fredy Giuliano","author_link":"https:\/\/fmamiga909.com.ar\/?author=3"},"category_info":"<a href=\"https:\/\/fmamiga909.com.ar\/?cat=21\" rel=\"category\">Deportes<\/a>","tag_info":"Deportes","comment_count":"0","_links":{"self":[{"href":"https:\/\/fmamiga909.com.ar\/index.php?rest_route=\/wp\/v2\/posts\/12408","targetHints":{"allow":["GET"]}}],"collection":[{"href":"https:\/\/fmamiga909.com.ar\/index.php?rest_route=\/wp\/v2\/posts"}],"about":[{"href":"https:\/\/fmamiga909.com.ar\/index.php?rest_route=\/wp\/v2\/types\/post"}],"author":[{"embeddable":true,"href":"https:\/\/fmamiga909.com.ar\/index.php?rest_route=\/wp\/v2\/users\/3"}],"replies":[{"embeddable":true,"href":"https:\/\/fmamiga909.com.ar\/index.php?rest_route=%2Fwp%2Fv2%2Fcomments&post=12408"}],"version-history":[{"count":0,"href":"https:\/\/fmamiga909.com.ar\/index.php?rest_route=\/wp\/v2\/posts\/12408\/revisions"}],"wp:featuredmedia":[{"embeddable":true,"href":"https:\/\/fmamiga909.com.ar\/index.php?rest_route=\/wp\/v2\/media\/12409"}],"wp:attachment":[{"href":"https:\/\/fmamiga909.com.ar\/index.php?rest_route=%2Fwp%2Fv2%2Fmedia&parent=12408"}],"wp:term":[{"taxonomy":"category","embeddable":true,"href":"https:\/\/fmamiga909.com.ar\/index.php?rest_route=%2Fwp%2Fv2%2Fcategories&post=12408"},{"taxonomy":"post_tag","embeddable":true,"href":"https:\/\/fmamiga909.com.ar\/index.php?rest_route=%2Fwp%2Fv2%2Ftags&post=12408"}],"curies":[{"name":"wp","href":"https:\/\/api.w.org\/{rel}","templated":true}]}}