{"id":12413,"date":"2024-01-04T01:45:45","date_gmt":"2024-01-04T01:45:45","guid":{"rendered":"https:\/\/fmamiga909.com.ar\/?p=12413"},"modified":"2024-01-04T01:45:45","modified_gmt":"2024-01-04T01:45:45","slug":"francisco-guaragna-rigonat-el-mejor-argentino-en-jornada-inaugural-en-australia","status":"publish","type":"post","link":"https:\/\/fmamiga909.com.ar\/?p=12413","title":{"rendered":"Francisco Guaragna Rigonat, el mejor argentino en jornada inaugural en Australia"},"content":{"rendered":"<div>\n<figure class=\"mb-3\"><img decoding=\"async\" src=\"https:\/\/www.telam.com.ar\/thumbs\/bluesteel\/advf\/imagenes\/2021\/10\/616c596a4ccd2_1200.jpg\" class=\" lazy \" width=\"100%\" height=\"100%\" alt=\"Guaragna Rigonat finaliz en el 24to puesto en los Juegos Olmpicos de Tokio Foto AFP archivo\"\/><figcaption> Guaragna Rigonat finaliz\u00f3 en el 24to. puesto en los Juegos Ol\u00edmpicos de Tokio \/ Foto: AFP (archivo). <\/figcaption><\/figure>\n<p> El regatista ol\u00edmpico <strong>Francisco Guaragna Rigonat<\/strong> -cuarto en los Juegos Panamericanos de Chile 2023- fue el argentino mejor posicionado en el <strong>campeonato australiano y de Ocean\u00eda en la clase Ilca 7 de vela<\/strong>, en el marco de su preparaci\u00f3n para el Mundial de Adelaida, en ese pa\u00eds a fin de mes, que brindar\u00e1 siete plazas a los JJ.OO de Par\u00eds 2024, tras disputar hoy la primera jornada de regatas.<\/p>\n<p>Guaragna Rigonat, de 25 a\u00f1os, y ganador de la medalla de plata en los Juegos Odesur 2018 y 2022 y que <a href=\"https:\/\/www.telam.com.ar\/notas\/202104\/551211-juegos-olimpico-tokio-2020-guaragna-rigonat-vela.html\" target=\"_blank\" rel=\"noopener\">finaliz\u00f3 en el 24to. puesto en los Juegos Ol\u00edmpicos de Tokio<\/a>, se ubic\u00f3 en el 17mo puesto, con 18 unidades, tras quedar und\u00e9cimo y s\u00e9ptimo en las dos regatas de este mi\u00e9rcoles.<\/p>\n<p>Adem\u00e1s, <strong>Facundo Olezza<\/strong>, ganador de un diploma ol\u00edmpico en la clase Finn de vela en los Juegos de Tokio, noveno en los Juegos Ol\u00edmpicos de R\u00edo de Janeiro 2016, y representante del club Veleros Barlovento, de San Fernando, qued\u00f3 en 65to. lugar, con 61 puntos (36 y 25) en tanto que el bonaerense Juan Pablo Cardozo -campe\u00f3n mundial U19 y ganador de la medalla de plata en los Juegos juveniles panamericanos de Cali, Colombia, 2021, concluy\u00f3 en el 66to puesto, con 62 unidades (21 y 41).<\/p>\n<p><figure class=\"mb-3\"><img decoding=\"async\" src=\"https:\/\/www.telam.com.ar\/thumbs\/bluesteel\/advf\/imagenes\/2021\/04\/607c81c053c04_1200.jpg\" class=\" lazy \" width=\"100%\" height=\"100%\" alt=\"Foto AFP archivo\"\/><figcaption> Foto: AFP (archivo). <\/figcaption><\/figure>\n<p><\/p>\n<h2 class=\"\">Viento en popa hacia Par\u00eds<\/h2>\n<p>\u00a0<strong>La vela argentina ya clasific\u00f3 a los Juegos Ol\u00edmpicos de Par\u00eds<\/strong>, que se disputar\u00e1n del 26 de julio al 11 de agosto, a la dupla integrada por <strong>Mateo Majdalani y Eugenia Bosco<\/strong>, en la clase Nacra 17; <strong>Catalina Turienzo<\/strong> en kite; <strong>Francisco Saubidet Birkner y Chiara Ferretti<\/strong> en Iq Foil, en tanto que\u00a0la porte\u00f1a <strong>Luc\u00eda Falasca<\/strong>, medallista panamericana 2019 en Lima, Per\u00fa, logr\u00f3 la plaza para el pa\u00eds en Ilca 6 y desde esta semana definir\u00e1 junto con la bonaerense <strong>Luciana Cardozo<\/strong> -representante del Yacht Club Olivos- quien representar\u00e1 a Argentina en los JJOO.<\/p>\n<p>Majdalani y Bosco, ganadores de la medalla de oro en los Juegos Panamericanos Chile 2023 y de plata en los de Per\u00fa 2019 en la clase Nacra 17 de vela, se clasificaron los Juegos Ol\u00edmpicos de Par\u00eds 2024 al obtener la plaza para el pa\u00eds en el Mundial de La Haya, Pa\u00edses Bajos, en 2023 y ganar el selectivo que formaliz\u00f3 la Federaci\u00f3n Argentina de Yachting (Fay) y que incluy\u00f3 Trofeo Princesa Sof\u00eda, de Espa\u00f1a; la semana Ol\u00edmpica Francesa de Hyeres y el Olympic Test Event de Marsella de ese a\u00f1o.<\/p>\n<blockquote class=\"twitter-tweet\">\n<p lang=\"es\" dir=\"ltr\"><a href=\"https:\/\/twitter.com\/hashtag\/Vela?src=hash&amp;ref_src=twsrc%5Etfw\">#Vela<\/a> \u00a1Comienza el Mundial femenino de ILCA 6 en Mar del Plata!<\/p>\n<p>Participar\u00e1n 105 regatistas de 47 pa\u00edses y es clasificatorio a <a href=\"https:\/\/twitter.com\/hashtag\/Paris2024?src=hash&amp;ref_src=twsrc%5Etfw\">#Paris2024<\/a>.<\/p>\n<p>Luc\u00eda Falasca, Luciana Cardozo, Isabel Busch, In\u00e9s Antoni, Delfina Dalli y Marlene Riquelme ser\u00e1n las representantes argentinas. <a href=\"https:\/\/t.co\/tDgn2LMeuB\">pic.twitter.com\/tDgn2LMeuB<\/a><\/p>\n<p>\u2014 Deportes Argentina (@DeportesAR) <a href=\"https:\/\/twitter.com\/DeportesAR\/status\/1742630663583338647?ref_src=twsrc%5Etfw\">January 3, 2024<\/a><\/p><\/blockquote>\n<p> El binomio bonaerense logr\u00f3 el primer puesto tras ganar once de las doce regatas en el certamen, acumulando un total de 13 puntos, lo que le sirvi\u00f3 para superar con holgura a las duplas rivales de Estados Unidos (29), Brasil (30), Canad\u00e1 (51) y Chile (57).<\/p>\n<p>De esta manera, Majdalani, de 28 a\u00f1os, y Bosco, de 26, se aseguraron el oro antes de la medal race, que se disput\u00f3 en la Cofrad\u00eda N\u00e1utica del Pac\u00edfico, a 120 kil\u00f3metros de la capital chilena.<\/p>\n<p>En la historia ol\u00edmpica, la vela argentina conquist\u00f3 diez medallas: una de oro, cuatro medallas de plata y cinco de bronce, de las cuales cuatro fueron ganadas por el correntino Carlos \u00abCamau\u00bb Esp\u00ednola.<\/p>\n<\/div>\n<p><script async src=\"\/\/platform.twitter.com\/widgets.js\" charset=\"utf-8\"><\/script><script async defer crossorigin=\"anonymous\" src=\"https:\/\/connect.facebook.net\/es_LA\/sdk.js#xfbml=1&#038;version=v12.0\" nonce=\"SBlHQzIF\"><\/script><br \/><a href=\"https:\/\/www.telam.com.ar\/notas\/202401\/651450-francisco-guaragna-rigonat-vela-australia.html\">source<\/a><\/p>\n","protected":false},"excerpt":{"rendered":"<p>Guaragna Rigonat finaliz\u00f3 en el 24to. puesto en los Juegos Ol\u00edmpicos de Tokio \/ Foto:&#8230;<\/p>\n","protected":false},"author":3,"featured_media":12414,"comment_status":"closed","ping_status":"closed","sticky":false,"template":"","format":"standard","meta":{"footnotes":""},"categories":[21],"tags":[],"class_list":["post-12413","post","type-post","status-publish","format-standard","has-post-thumbnail","hentry","category-deportes"],"featured_image_urls":{"full":["https:\/\/fmamiga909.com.ar\/wp-content\/uploads\/2024\/01\/wp-header-logo-20.png",1004,565,false],"thumbnail":["https:\/\/fmamiga909.com.ar\/wp-content\/uploads\/2024\/01\/wp-header-logo-20-150x150.png",150,150,true],"medium":["https:\/\/fmamiga909.com.ar\/wp-content\/uploads\/2024\/01\/wp-header-logo-20-300x169.png",300,169,true],"medium_large":["https:\/\/fmamiga909.com.ar\/wp-content\/uploads\/2024\/01\/wp-header-logo-20.png",1004,565,false],"large":["https:\/\/fmamiga909.com.ar\/wp-content\/uploads\/2024\/01\/wp-header-logo-20.png",640,360,false],"1536x1536":["https:\/\/fmamiga909.com.ar\/wp-content\/uploads\/2024\/01\/wp-header-logo-20.png",1004,565,false],"2048x2048":["https:\/\/fmamiga909.com.ar\/wp-content\/uploads\/2024\/01\/wp-header-logo-20.png",1004,565,false],"newsium-slider-full":["https:\/\/fmamiga909.com.ar\/wp-content\/uploads\/2024\/01\/wp-header-logo-20.png",1004,565,false],"newsium-featured":["https:\/\/fmamiga909.com.ar\/wp-content\/uploads\/2024\/01\/wp-header-logo-20.png",1004,565,false],"newsium-medium":["https:\/\/fmamiga909.com.ar\/wp-content\/uploads\/2024\/01\/wp-header-logo-20-720x475.png",720,475,true]},"author_info":{"display_name":"Fredy Giuliano","author_link":"https:\/\/fmamiga909.com.ar\/?author=3"},"category_info":"<a href=\"https:\/\/fmamiga909.com.ar\/?cat=21\" rel=\"category\">Deportes<\/a>","tag_info":"Deportes","comment_count":"0","_links":{"self":[{"href":"https:\/\/fmamiga909.com.ar\/index.php?rest_route=\/wp\/v2\/posts\/12413","targetHints":{"allow":["GET"]}}],"collection":[{"href":"https:\/\/fmamiga909.com.ar\/index.php?rest_route=\/wp\/v2\/posts"}],"about":[{"href":"https:\/\/fmamiga909.com.ar\/index.php?rest_route=\/wp\/v2\/types\/post"}],"author":[{"embeddable":true,"href":"https:\/\/fmamiga909.com.ar\/index.php?rest_route=\/wp\/v2\/users\/3"}],"replies":[{"embeddable":true,"href":"https:\/\/fmamiga909.com.ar\/index.php?rest_route=%2Fwp%2Fv2%2Fcomments&post=12413"}],"version-history":[{"count":0,"href":"https:\/\/fmamiga909.com.ar\/index.php?rest_route=\/wp\/v2\/posts\/12413\/revisions"}],"wp:featuredmedia":[{"embeddable":true,"href":"https:\/\/fmamiga909.com.ar\/index.php?rest_route=\/wp\/v2\/media\/12414"}],"wp:attachment":[{"href":"https:\/\/fmamiga909.com.ar\/index.php?rest_route=%2Fwp%2Fv2%2Fmedia&parent=12413"}],"wp:term":[{"taxonomy":"category","embeddable":true,"href":"https:\/\/fmamiga909.com.ar\/index.php?rest_route=%2Fwp%2Fv2%2Fcategories&post=12413"},{"taxonomy":"post_tag","embeddable":true,"href":"https:\/\/fmamiga909.com.ar\/index.php?rest_route=%2Fwp%2Fv2%2Ftags&post=12413"}],"curies":[{"name":"wp","href":"https:\/\/api.w.org\/{rel}","templated":true}]}}