{"id":12427,"date":"2024-01-04T16:51:53","date_gmt":"2024-01-04T16:51:53","guid":{"rendered":"https:\/\/fmamiga909.com.ar\/?p=12427"},"modified":"2024-01-04T16:51:55","modified_gmt":"2024-01-04T16:51:55","slug":"documentacion-necesaria-para-salir-a-las-rutas-de-santa-fe","status":"publish","type":"post","link":"https:\/\/fmamiga909.com.ar\/?p=12427","title":{"rendered":"Documentaci\u00f3n necesaria para salir a las rutas de Santa Fe"},"content":{"rendered":"\n<p>El interrogante surgi\u00f3 a partir de la modificaci\u00f3n de los registros del automotor que dispuso el presidente Javier Milei mediante el \u00faltimo DNU. Desde la Agencia de Seguridad Vial explicaron c\u00f3mo seguir\u00e1 el tr\u00e1mite.<\/p>\n\n\n\n<p>A partir del\u00a0<a rel=\"noreferrer noopener\" href=\"https:\/\/www.airedesantafe.com.ar\/santa-fe\/aumento-del-60-la-revision-tecnica-vehicular-provoca-largas-filas-autos-los-talleres-n556084\" target=\"_blank\">aumento del 60% que rige desde hoy en el costo de la\u00a0<strong>Revisi\u00f3n T\u00e9cnica Vehicular<\/strong><\/a>\u00a0y la entrada en vigencia del\u00a0<strong>DNU\u00a0<\/strong>del presidente de la Naci\u00f3n,<strong>\u00a0Javier Milei<\/strong>, muchos santafesinos se preguntaron si era necesario hacer el tr\u00e1mite o se pod\u00eda circular libremente.<\/p>\n\n\n\n<p>A partir del intenso movimiento que se registra en las rutas de la regi\u00f3n, desde la&nbsp;<strong>Agencia Provincial de Seguridad Vial (APSV<\/strong>) brindaron una serie de aclaraciones al respecto.&nbsp;<\/p>\n\n\n\n<p>Es que, tras la salida del\u00a0<a rel=\"noreferrer noopener\" href=\"https:\/\/www.airedesantafe.com.ar\/economia\/el-dnu-completo-que-firmo-javier-milei-ir-fondo-la-reforma-del-estado-y-desregular-la-economia-n551278\" target=\"_blank\">Decreto Nacional de Urgencia<\/a>\u00a0(DNU) del presidente\u00a0<strong>Javier Milei,<\/strong>\u00a0surgi\u00f3 el interrogante de si es a\u00fan obligatorio o no circular con la credencial.<\/p>\n\n\n\n<p>En su decreto dispuso una serie de modificaciones al&nbsp;<strong>Registro de Propiedad del Automotor<\/strong>, entre los cuales se encuentra la documentaci\u00f3n obligatoria que debe tener un automovilista al momento de circular por rutas. En este sentido, se estableci\u00f3 que se debe tener:<\/p>\n\n\n\n<ul class=\"wp-block-list\">\n<li>C\u00e9dula de identificaci\u00f3n del veh\u00edculo.<\/li>\n\n\n\n<li>Licencia de conducir.<\/li>\n\n\n\n<li>Comprobante de pago de patente.<\/li>\n<\/ul>\n\n\n\n<h2 class=\"wp-block-heading\">\u00bfSe debe hacer la revisi\u00f3n t\u00e9cnica vehicular?<\/h2>\n\n\n\n<p>Seg\u00fan indicaron desde la&nbsp;<strong>Agencia Provincial de Seguridad Vial&nbsp;<\/strong>de<strong>&nbsp;Santa Fe<\/strong>, el&nbsp;<strong>DNU de Milei<\/strong>&nbsp;solo modific\u00f3 el r\u00e9gimen jur\u00eddico del automotor, pero no derog\u00f3 la ley nacional de tr\u00e1nsito (la 24.449) que es justamente donde se encuentra contemplada la vigencia de la Revisi\u00f3n T\u00e9cnica Vehicular.<\/p>\n\n\n\n<p>Por lo tanto,&nbsp;sigue siendo vigente la realizaci\u00f3n obligatoria de la verificaci\u00f3n t\u00e9cnica (o VTV)&nbsp;para por lo menos circular en rutas de la provincia de&nbsp;<strong>Santa Fe<\/strong>.<\/p>\n\n\n\n<p>En di\u00e1logo con&nbsp;<strong>AIRE<\/strong>,&nbsp;<strong>Carlos Torres<\/strong>, titular de la Agencia Provincial de Seguridad Vial aclar\u00f3 cu\u00e1les son los documentos que se est\u00e1n solicitando en las rutas de Santa Fe:<\/p>\n\n\n\n<ul class=\"wp-block-list\">\n<li>Licencia de Conducir.<\/li>\n\n\n\n<li>Tarjeta Verde.<\/li>\n\n\n\n<li>Patente.<\/li>\n\n\n\n<li>Revisi\u00f3n T\u00e9cnica Obligatoria.<\/li>\n\n\n\n<li>Seguro.<\/li>\n<\/ul>\n\n\n\n<p>\u00abNo hay ning\u00fan tipo de cambio y es lo que nosotros en los operativos estamos exigiendo. Tenemos dictamen no solo de la Agencia de Seguridad sino tambi\u00e9n del Ministerio de Seguridad y contin\u00faa todo igual\u00bb,\u00a0coment\u00f3.<\/p>\n\n\n\n<h2 class=\"wp-block-heading\">Precios de revisi\u00f3n t\u00e9cnica vehicular con el aumento incluido<\/h2>\n\n\n\n<p>La Agencia Provincial de Seguridad Vial establece un precio \u00fanico de servicio, fijado en la unidad fija (UF). Cada unidad fija equivale al precio que publica mensualmente la APSV correspondiente a un litro de nafta s\u00faper de las estaciones de servicio de YPF.<\/p>\n\n\n\n<ul class=\"wp-block-list\">\n<li>Cami\u00f3n con chasis o tractor $68.300<\/li>\n\n\n\n<li>Cami\u00f3n con acoplado o semirremolque $68.300<\/li>\n\n\n\n<li>Colectivos $68.300<\/li>\n\n\n\n<li>Autos convencionales $21.000<\/li>\n<\/ul>\n\n\n\n<p>La revisi\u00f3n t\u00e9cnica se debe realizar de acuerdo al modelo del veh\u00edculo<\/p>\n\n\n\n<p>Fuente: airedesantafe.com.ar<\/p>\n","protected":false},"excerpt":{"rendered":"<p>El interrogante surgi\u00f3 a partir de la modificaci\u00f3n de los registros del automotor que dispuso&#8230;<\/p>\n","protected":false},"author":3,"featured_media":12428,"comment_status":"closed","ping_status":"closed","sticky":false,"template":"","format":"standard","meta":{"footnotes":""},"categories":[20,3],"tags":[],"class_list":["post-12427","post","type-post","status-publish","format-standard","has-post-thumbnail","hentry","category-entrevistas","category-noticias"],"featured_image_urls":{"full":["https:\/\/fmamiga909.com.ar\/wp-content\/uploads\/2024\/01\/2020-06-07NID_267693O_2.jpeg",1920,1246,false],"thumbnail":["https:\/\/fmamiga909.com.ar\/wp-content\/uploads\/2024\/01\/2020-06-07NID_267693O_2-150x150.jpeg",150,150,true],"medium":["https:\/\/fmamiga909.com.ar\/wp-content\/uploads\/2024\/01\/2020-06-07NID_267693O_2-300x195.jpeg",300,195,true],"medium_large":["https:\/\/fmamiga909.com.ar\/wp-content\/uploads\/2024\/01\/2020-06-07NID_267693O_2.jpeg",1920,1246,false],"large":["https:\/\/fmamiga909.com.ar\/wp-content\/uploads\/2024\/01\/2020-06-07NID_267693O_2-1024x665.jpeg",640,416,true],"1536x1536":["https:\/\/fmamiga909.com.ar\/wp-content\/uploads\/2024\/01\/2020-06-07NID_267693O_2-1536x997.jpeg",1536,997,true],"2048x2048":["https:\/\/fmamiga909.com.ar\/wp-content\/uploads\/2024\/01\/2020-06-07NID_267693O_2.jpeg",1920,1246,false],"newsium-slider-full":["https:\/\/fmamiga909.com.ar\/wp-content\/uploads\/2024\/01\/2020-06-07NID_267693O_2-1280x845.jpeg",1280,845,true],"newsium-featured":["https:\/\/fmamiga909.com.ar\/wp-content\/uploads\/2024\/01\/2020-06-07NID_267693O_2-1024x665.jpeg",1024,665,true],"newsium-medium":["https:\/\/fmamiga909.com.ar\/wp-content\/uploads\/2024\/01\/2020-06-07NID_267693O_2-720x475.jpeg",720,475,true]},"author_info":{"display_name":"Fredy Giuliano","author_link":"https:\/\/fmamiga909.com.ar\/?author=3"},"category_info":"<a href=\"https:\/\/fmamiga909.com.ar\/?cat=20\" rel=\"category\">Entrevistas<\/a> <a href=\"https:\/\/fmamiga909.com.ar\/?cat=3\" rel=\"category\">Noticias<\/a>","tag_info":"Noticias","comment_count":"0","_links":{"self":[{"href":"https:\/\/fmamiga909.com.ar\/index.php?rest_route=\/wp\/v2\/posts\/12427","targetHints":{"allow":["GET"]}}],"collection":[{"href":"https:\/\/fmamiga909.com.ar\/index.php?rest_route=\/wp\/v2\/posts"}],"about":[{"href":"https:\/\/fmamiga909.com.ar\/index.php?rest_route=\/wp\/v2\/types\/post"}],"author":[{"embeddable":true,"href":"https:\/\/fmamiga909.com.ar\/index.php?rest_route=\/wp\/v2\/users\/3"}],"replies":[{"embeddable":true,"href":"https:\/\/fmamiga909.com.ar\/index.php?rest_route=%2Fwp%2Fv2%2Fcomments&post=12427"}],"version-history":[{"count":1,"href":"https:\/\/fmamiga909.com.ar\/index.php?rest_route=\/wp\/v2\/posts\/12427\/revisions"}],"predecessor-version":[{"id":12429,"href":"https:\/\/fmamiga909.com.ar\/index.php?rest_route=\/wp\/v2\/posts\/12427\/revisions\/12429"}],"wp:featuredmedia":[{"embeddable":true,"href":"https:\/\/fmamiga909.com.ar\/index.php?rest_route=\/wp\/v2\/media\/12428"}],"wp:attachment":[{"href":"https:\/\/fmamiga909.com.ar\/index.php?rest_route=%2Fwp%2Fv2%2Fmedia&parent=12427"}],"wp:term":[{"taxonomy":"category","embeddable":true,"href":"https:\/\/fmamiga909.com.ar\/index.php?rest_route=%2Fwp%2Fv2%2Fcategories&post=12427"},{"taxonomy":"post_tag","embeddable":true,"href":"https:\/\/fmamiga909.com.ar\/index.php?rest_route=%2Fwp%2Fv2%2Ftags&post=12427"}],"curies":[{"name":"wp","href":"https:\/\/api.w.org\/{rel}","templated":true}]}}