{"id":12489,"date":"2024-01-08T00:01:35","date_gmt":"2024-01-08T00:01:35","guid":{"rendered":"https:\/\/fmamiga909.com.ar\/?p=12489"},"modified":"2024-01-08T00:01:35","modified_gmt":"2024-01-08T00:01:35","slug":"confirmado-valentin-barco-se-va-al-al-brighton-de-inglaterra","status":"publish","type":"post","link":"https:\/\/fmamiga909.com.ar\/?p=12489","title":{"rendered":"Confirmado: Valent\u00edn Barco se va al al Brighton de Inglaterra"},"content":{"rendered":"<div>\n<figure class=\"mb-3\"><img decoding=\"async\" src=\"https:\/\/www.telam.com.ar\/thumbs\/bluesteel\/advf\/imagenes\/2023\/07\/64bf25316775c_1200.jpg\" class=\" lazy \" width=\"100%\" height=\"100%\" alt=\"Foto Maximiliano Luna\"\/><figcaption> Foto: Maximiliano Luna. <\/figcaption><\/figure>\n<p> El mediocampista <strong>Valent\u00edn Barco<\/strong> le notific\u00f3 en la tarde del s\u00e1bado a <strong>Boca Juniors<\/strong> que tom\u00f3 la decisi\u00f3n de irse del club y le dio tiempo hasta el martes para <strong>aceptar una nueva oferta de Brighton de Inglaterra<\/strong>, entidad que pretende incorporarlo.<\/p>\n<p>En caso de que la transferencia no se realice, el futbolista, de 19 a\u00f1os, <strong>tiene previsto alejarse igualmente de la entidad xeneize<\/strong>, a partir de la ejecuci\u00f3n de la cl\u00e1usula de rescisi\u00f3n, tasada en 10 millones de d\u00f3lares.<\/p>\n<p>En las \u00faltimas horas, Brighton aument\u00f3 la oferta que hab\u00eda presentado el viernes:<strong> le sum\u00f3 500 mil d\u00f3lares a los 10 millones por el 90 por ciento del pase y Boca se quedar\u00eda con el 10 restante de una futura venta<\/strong>.<\/p>\n<p>El club brit\u00e1nico elev\u00f3 la cifra para no tener que ejecutar la cl\u00e1usula, en una decisi\u00f3n que podr\u00eda tomarse con un gesto de buena voluntad por la instituci\u00f3n de la Ribera<\/p>\n<p>El equipo de la Premier League ya hab\u00eda mostrado inter\u00e9s en el jugador bonaerense durante el \u00faltimo mercado de pases, pero las negociaciones no llegaron a buen puerto. En aquel entonces, <strong>Barco ten\u00eda intenciones de quedarse a disputar la Copa Libertadores<\/strong> y, por este motivo, no ejerci\u00f3 ninguna presi\u00f3n.<\/p>\n<p>Lo que se acord\u00f3 en la prolongaci\u00f3n del contrato en febrero del a\u00f1o pasado consisti\u00f3 en mantener la cl\u00e1usula de rescisi\u00f3n en 10 millones de d\u00f3lares, aunque con un mecanismo de protecci\u00f3n. De este modo se sub\u00eda autom\u00e1ticamente a 14 millones, si se ejecuta dentro de los \u00faltimos 20 d\u00edas del mercado de pases. Este plazo comenzar\u00e1 justamente este martes 9.<\/p>\n<h2 class=\"\">Riquelme no pudo retererlo<\/h2>\n<p>\u00a0El presidente de Boca, <strong>Juan Rom\u00e1n Riquelme<\/strong>, evaluaba la posibilidad de ofrecerle un nuevo contrato con una sustancial mejora de salario, para convertirlo en uno de los futbolistas mejores pagos del plantel, a la altura de Marcos Rojo y Edinson Cavani. Pero la idea de seguir su carrera en el exterior de parte del futbolista desestim\u00f3 esa posibilidad de una suba contractual.<\/p>\n<p>Durante la semana pasada hubo una reuni\u00f3n por este tema entre los integrantes del Consejo de f\u00fatbol, sus padres y su apoderado, Adri\u00e1n Ruocco. Pero el deseo del &#8216;Colo&#8217; Barco se mantuvo y la operaci\u00f3n se concretar\u00e1.<\/p>\n<p><figure class=\"mb-3\"><img decoding=\"async\" src=\"https:\/\/www.telam.com.ar\/thumbs\/bluesteel\/advf\/imagenes\/2023\/07\/64bf25315369d_1200.jpg\" class=\" lazy \" width=\"100%\" height=\"100%\" alt=\"Foto Maximiliano Luna\"\/><figcaption> Foto: Maximiliano Luna. <\/figcaption><\/figure>\n<p>El juvenil renov\u00f3 en febrero de 2023 su v\u00ednculo hasta diciembre venidero, luego de un largo conflicto que incluso lo dej\u00f3 sin jugar durante mucho tiempo. En el medio hubo una oferta rechazada al Getafe espa\u00f1ol, m\u00e1s all\u00e1 del inter\u00e9s de Brighton y de alg\u00fan sondeo que tambi\u00e9n hizo Manchester City.<\/p>\n<p><strong>Barco se esta entrenando actualmente con el plantel del seleccionado Sub 23 que dirige Javier Mascherano<\/strong> para jugar el torneo Preol\u00edmpico que se disputar\u00e1 desde el s\u00e1bado 20 en Venezuela.<\/p>\n<p>Barco disput\u00f3 durante el per\u00edodo 2023 un total de 35 partidos en la Primera divisi\u00f3n de Boca, con un tanto marcado.<\/p>\n<\/div>\n<p><script async defer crossorigin=\"anonymous\" src=\"https:\/\/connect.facebook.net\/es_LA\/sdk.js#xfbml=1&#038;version=v12.0\" nonce=\"SBlHQzIF\"><\/script><br \/><a href=\"https:\/\/www.telam.com.ar\/notas\/202401\/651762-valentin-barco-brighton-inglaterra.html\">source<\/a><\/p>\n","protected":false},"excerpt":{"rendered":"<p>Foto: Maximiliano Luna. El mediocampista Valent\u00edn Barco le notific\u00f3 en la tarde del s\u00e1bado a&#8230;<\/p>\n","protected":false},"author":3,"featured_media":12490,"comment_status":"closed","ping_status":"closed","sticky":false,"template":"","format":"standard","meta":{"footnotes":""},"categories":[21],"tags":[],"class_list":["post-12489","post","type-post","status-publish","format-standard","has-post-thumbnail","hentry","category-deportes"],"featured_image_urls":{"full":["https:\/\/fmamiga909.com.ar\/wp-content\/uploads\/2024\/01\/wp-header-logo-54.png",1200,675,false],"thumbnail":["https:\/\/fmamiga909.com.ar\/wp-content\/uploads\/2024\/01\/wp-header-logo-54-150x150.png",150,150,true],"medium":["https:\/\/fmamiga909.com.ar\/wp-content\/uploads\/2024\/01\/wp-header-logo-54-300x169.png",300,169,true],"medium_large":["https:\/\/fmamiga909.com.ar\/wp-content\/uploads\/2024\/01\/wp-header-logo-54.png",1200,675,false],"large":["https:\/\/fmamiga909.com.ar\/wp-content\/uploads\/2024\/01\/wp-header-logo-54-1024x576.png",640,360,true],"1536x1536":["https:\/\/fmamiga909.com.ar\/wp-content\/uploads\/2024\/01\/wp-header-logo-54.png",1200,675,false],"2048x2048":["https:\/\/fmamiga909.com.ar\/wp-content\/uploads\/2024\/01\/wp-header-logo-54.png",1200,675,false],"newsium-slider-full":["https:\/\/fmamiga909.com.ar\/wp-content\/uploads\/2024\/01\/wp-header-logo-54.png",1200,675,false],"newsium-featured":["https:\/\/fmamiga909.com.ar\/wp-content\/uploads\/2024\/01\/wp-header-logo-54-1024x576.png",1024,576,true],"newsium-medium":["https:\/\/fmamiga909.com.ar\/wp-content\/uploads\/2024\/01\/wp-header-logo-54-720x475.png",720,475,true]},"author_info":{"display_name":"Fredy Giuliano","author_link":"https:\/\/fmamiga909.com.ar\/?author=3"},"category_info":"<a href=\"https:\/\/fmamiga909.com.ar\/?cat=21\" rel=\"category\">Deportes<\/a>","tag_info":"Deportes","comment_count":"0","_links":{"self":[{"href":"https:\/\/fmamiga909.com.ar\/index.php?rest_route=\/wp\/v2\/posts\/12489","targetHints":{"allow":["GET"]}}],"collection":[{"href":"https:\/\/fmamiga909.com.ar\/index.php?rest_route=\/wp\/v2\/posts"}],"about":[{"href":"https:\/\/fmamiga909.com.ar\/index.php?rest_route=\/wp\/v2\/types\/post"}],"author":[{"embeddable":true,"href":"https:\/\/fmamiga909.com.ar\/index.php?rest_route=\/wp\/v2\/users\/3"}],"replies":[{"embeddable":true,"href":"https:\/\/fmamiga909.com.ar\/index.php?rest_route=%2Fwp%2Fv2%2Fcomments&post=12489"}],"version-history":[{"count":0,"href":"https:\/\/fmamiga909.com.ar\/index.php?rest_route=\/wp\/v2\/posts\/12489\/revisions"}],"wp:featuredmedia":[{"embeddable":true,"href":"https:\/\/fmamiga909.com.ar\/index.php?rest_route=\/wp\/v2\/media\/12490"}],"wp:attachment":[{"href":"https:\/\/fmamiga909.com.ar\/index.php?rest_route=%2Fwp%2Fv2%2Fmedia&parent=12489"}],"wp:term":[{"taxonomy":"category","embeddable":true,"href":"https:\/\/fmamiga909.com.ar\/index.php?rest_route=%2Fwp%2Fv2%2Fcategories&post=12489"},{"taxonomy":"post_tag","embeddable":true,"href":"https:\/\/fmamiga909.com.ar\/index.php?rest_route=%2Fwp%2Fv2%2Ftags&post=12489"}],"curies":[{"name":"wp","href":"https:\/\/api.w.org\/{rel}","templated":true}]}}