{"id":12491,"date":"2024-01-08T08:10:55","date_gmt":"2024-01-08T08:10:55","guid":{"rendered":"https:\/\/fmamiga909.com.ar\/?p=12491"},"modified":"2024-01-08T08:10:55","modified_gmt":"2024-01-08T08:10:55","slug":"la-seleccion-de-brasil-se-quedo-sin-dt-por-decision-de-la-cbf","status":"publish","type":"post","link":"https:\/\/fmamiga909.com.ar\/?p=12491","title":{"rendered":"La Selecci\u00f3n de Brasil se qued\u00f3 sin DT por decisi\u00f3n de la CBF"},"content":{"rendered":"<div>\n<figure class=\"mb-3\"><img decoding=\"async\" src=\"https:\/\/www.telam.com.ar\/thumbs\/bluesteel\/advf\/imagenes\/2023\/11\/655e1a2fc88aa_1200.jpg\" class=\" lazy \" width=\"100%\" height=\"100%\" alt=\"Foto X CBF_Futebol\"\/><figcaption> Foto: X @CBF_Futebol <\/figcaption><\/figure>\n<p> El entrenador Fernando Diniz fue despedido hoy de su cargo como director t\u00e9cnico de la selecci\u00f3n brasile\u00f1a de f\u00fatbol y el principal candidato a reemplazarlo es Dorival Junior, actualmente en el Sao Paulo, inform\u00f3 la prensa local.<\/p>\n<p>Seg\u00fan la cadena de noticias GloboNews, Diniz fue despedido por decisi\u00f3n del presidente de la Confederaci\u00f3n Brasile\u00f1a de F\u00fatbol, Ednaldo Rodrigues, un d\u00eda despu\u00e9s de haber sido restituido al cargo por un requerimiento del Supremo Tribunal Federal (STF), en medio de una crisis institucional en la entidad de los pentacampeones mundiales.<\/p>\n<p>Diniz, tambi\u00e9n entrenador de Fluminense y campe\u00f3n de la Copa Libertadores de Am\u00e9rica 2023, fue nombrado este a\u00f1o al frente de la selecci\u00f3n brasile\u00f1a en forma interina a la espera de la contrataci\u00f3n prometida por Rodrigues del italiano Carlo Ancelotti, quien finalmente renov\u00f3 su contrato con Real Madrid, de Espa\u00f1a.<\/p>\n<p>El paso de Fernando Diniz por la selecci\u00f3n brasile\u00f1a dur\u00f3 seis partidos, todos en la eliminatorias sudamericanas.<\/p>\n<p>Con el como DT, Brasil perdi\u00f3 por primera vez de local en la historia un partido en eliminatorias, ante Argentina en el estadio Maracan\u00e1, con gol de Nicol\u00e1s Otamendi.<\/p>\n<p><figure class=\"mb-3\"><img decoding=\"async\" src=\"https:\/\/www.telam.com.ar\/thumbs\/bluesteel\/advf\/imagenes\/2023\/11\/655d67c59e294_1200.jpg\" class=\" lazy \" width=\"100%\" height=\"100%\" alt=\"Foto Alfredo Luna Enviado especial\"\/><figcaption> Foto: Alfredo Luna &#8211; Enviado especial <\/figcaption><\/figure>\n<p>Adem\u00e1s, tambi\u00e9n perdi\u00f3 de visitante ante Uruguay y Colombia, empat\u00f3 con Venezuela y derrot\u00f3 a Bolivia y Per\u00fa.<\/p>\n<p>Seg\u00fan el sitio GloboEsporte, el presidente de la CBF est\u00e1 buscando contratar a Dorival Junior, entrenador del Sao Paulo.<\/p>\n<p>Brasil mantiene una crisis de organizaci\u00f3n con la selecci\u00f3n despu\u00e9s de haber sido eliminada en cuartos de final del Mundial 2022 ante Croacia por penales, raz\u00f3n por la cual renunci\u00f3 el entrenador Tite. <\/p>\n<\/div>\n<p><script async defer crossorigin=\"anonymous\" src=\"https:\/\/connect.facebook.net\/es_LA\/sdk.js#xfbml=1&#038;version=v12.0\" nonce=\"SBlHQzIF\"><\/script><br \/><a href=\"https:\/\/www.telam.com.ar\/notas\/202401\/651706-cbf-fernando-diniz-director-tecnico-seleccion-brasilena.html\">source<\/a><\/p>\n","protected":false},"excerpt":{"rendered":"<p>Foto: X @CBF_Futebol El entrenador Fernando Diniz fue despedido hoy de su cargo como director&#8230;<\/p>\n","protected":false},"author":3,"featured_media":12492,"comment_status":"closed","ping_status":"closed","sticky":false,"template":"","format":"standard","meta":{"footnotes":""},"categories":[21],"tags":[],"class_list":["post-12491","post","type-post","status-publish","format-standard","has-post-thumbnail","hentry","category-deportes"],"featured_image_urls":{"full":["https:\/\/fmamiga909.com.ar\/wp-content\/uploads\/2024\/01\/wp-header-logo-55.png",1200,675,false],"thumbnail":["https:\/\/fmamiga909.com.ar\/wp-content\/uploads\/2024\/01\/wp-header-logo-55-150x150.png",150,150,true],"medium":["https:\/\/fmamiga909.com.ar\/wp-content\/uploads\/2024\/01\/wp-header-logo-55-300x169.png",300,169,true],"medium_large":["https:\/\/fmamiga909.com.ar\/wp-content\/uploads\/2024\/01\/wp-header-logo-55.png",1200,675,false],"large":["https:\/\/fmamiga909.com.ar\/wp-content\/uploads\/2024\/01\/wp-header-logo-55-1024x576.png",640,360,true],"1536x1536":["https:\/\/fmamiga909.com.ar\/wp-content\/uploads\/2024\/01\/wp-header-logo-55.png",1200,675,false],"2048x2048":["https:\/\/fmamiga909.com.ar\/wp-content\/uploads\/2024\/01\/wp-header-logo-55.png",1200,675,false],"newsium-slider-full":["https:\/\/fmamiga909.com.ar\/wp-content\/uploads\/2024\/01\/wp-header-logo-55.png",1200,675,false],"newsium-featured":["https:\/\/fmamiga909.com.ar\/wp-content\/uploads\/2024\/01\/wp-header-logo-55-1024x576.png",1024,576,true],"newsium-medium":["https:\/\/fmamiga909.com.ar\/wp-content\/uploads\/2024\/01\/wp-header-logo-55-720x475.png",720,475,true]},"author_info":{"display_name":"Fredy Giuliano","author_link":"https:\/\/fmamiga909.com.ar\/?author=3"},"category_info":"<a href=\"https:\/\/fmamiga909.com.ar\/?cat=21\" rel=\"category\">Deportes<\/a>","tag_info":"Deportes","comment_count":"0","_links":{"self":[{"href":"https:\/\/fmamiga909.com.ar\/index.php?rest_route=\/wp\/v2\/posts\/12491","targetHints":{"allow":["GET"]}}],"collection":[{"href":"https:\/\/fmamiga909.com.ar\/index.php?rest_route=\/wp\/v2\/posts"}],"about":[{"href":"https:\/\/fmamiga909.com.ar\/index.php?rest_route=\/wp\/v2\/types\/post"}],"author":[{"embeddable":true,"href":"https:\/\/fmamiga909.com.ar\/index.php?rest_route=\/wp\/v2\/users\/3"}],"replies":[{"embeddable":true,"href":"https:\/\/fmamiga909.com.ar\/index.php?rest_route=%2Fwp%2Fv2%2Fcomments&post=12491"}],"version-history":[{"count":0,"href":"https:\/\/fmamiga909.com.ar\/index.php?rest_route=\/wp\/v2\/posts\/12491\/revisions"}],"wp:featuredmedia":[{"embeddable":true,"href":"https:\/\/fmamiga909.com.ar\/index.php?rest_route=\/wp\/v2\/media\/12492"}],"wp:attachment":[{"href":"https:\/\/fmamiga909.com.ar\/index.php?rest_route=%2Fwp%2Fv2%2Fmedia&parent=12491"}],"wp:term":[{"taxonomy":"category","embeddable":true,"href":"https:\/\/fmamiga909.com.ar\/index.php?rest_route=%2Fwp%2Fv2%2Fcategories&post=12491"},{"taxonomy":"post_tag","embeddable":true,"href":"https:\/\/fmamiga909.com.ar\/index.php?rest_route=%2Fwp%2Fv2%2Ftags&post=12491"}],"curies":[{"name":"wp","href":"https:\/\/api.w.org\/{rel}","templated":true}]}}