{"id":12493,"date":"2024-01-08T10:16:43","date_gmt":"2024-01-08T10:16:43","guid":{"rendered":"https:\/\/fmamiga909.com.ar\/?p=12493"},"modified":"2024-01-08T10:16:43","modified_gmt":"2024-01-08T10:16:43","slug":"rafa-nadal-se-pierde-el-abierto-de-australia-por-una-lesion-muscular","status":"publish","type":"post","link":"https:\/\/fmamiga909.com.ar\/?p=12493","title":{"rendered":"Rafa Nadal se pierde el Abierto de Australia por una lesi\u00f3n muscular"},"content":{"rendered":"<div>\n<figure class=\"mb-3\"><img decoding=\"async\" src=\"https:\/\/www.telam.com.ar\/thumbs\/bluesteel\/advf\/imagenes\/2024\/01\/659691496d5fa_1200.jpg\" class=\" lazy \" width=\"100%\" height=\"100%\" alt=\"foto atptour\"\/><figcaption> foto: @atptour. <\/figcaption><\/figure>\n<p> El espa\u00f1ol Rafael Nadal no participar\u00e1 del Abierto de Australia, primer Grand Slam del 2024 a jugarse entre el 14 y el 28 de enero, a causa de un microdesgarro en un m\u00fasculo que sufri\u00f3 en el torneo de Brisbane durante el partido de cuartos de final con el australiano Jordan Thompson.<\/p>\n<p>\u00abDurante mi \u00faltimo partido en Brisbane tuve un peque\u00f1o problema en un m\u00fasculo que, como saben, me tuvo preocupado. Una vez que llegu\u00e9 a Melbourne tuve la oportunidad de hacerme una resonancia magn\u00e9tica y tengo un microdesgarro en un m\u00fasculo, no en la misma parte donde tuve la lesi\u00f3n, y eso es una buena noticia\u00bb, se\u00f1al\u00f3 Nadal en la red social X.<\/p>\n<p>El tenista balear admiti\u00f3 que, en ese estado, es imposible \u00abcompetir al m\u00e1ximo nivel de exigencia en partidos de cinco sets. Vuelvo a Espa\u00f1a para consultar a mi m\u00e9dico, recibir tratamiento y descansar\u00bb.<\/p>\n<p>\u00abTrabaj\u00e9 muy duro durante el a\u00f1o para este regreso y, como siempre mencion\u00e9, mi objetivo es estar en mi mejor nivel en tres meses. Dentro de la triste noticia para m\u00ed por no poder jugar frente al incre\u00edble p\u00fablico de Melbourne, esta no es una mala noticia y todos seguimos siendo positivos con la evoluci\u00f3n de la temporada\u00bb, analiz\u00f3 con optimismo.<\/p>\n<p>Al hacer un balance de sus primeros partidos del a\u00f1o el tenista destac\u00f3: \u00abTen\u00eda muchas ganas de jugar en Australia, pude hacerlo en algunos partidos que me hicieron muy feliz y eso siempre es positivo\u00bb.<\/p>\n<p>Con 37 a\u00f1os y tras dos operaciones de cadera que le impidieron jugar desde enero de 2023, Nadal regres\u00f3 este a\u00f1o al circuito en el ATP de Brisbane y super\u00f3 dos rondas con victorias ante el austr\u00edaco Dominic Thiem (98\u00b0) y el australiano Jason Kubler (102\u00b0). <\/p>\n<\/div>\n<p><script async defer crossorigin=\"anonymous\" src=\"https:\/\/connect.facebook.net\/es_LA\/sdk.js#xfbml=1&#038;version=v12.0\" nonce=\"SBlHQzIF\"><\/script><br \/><a href=\"https:\/\/www.telam.com.ar\/notas\/202401\/651787-nadal-abierto-australia-lesion.html\">source<\/a><\/p>\n","protected":false},"excerpt":{"rendered":"<p>foto: @atptour. El espa\u00f1ol Rafael Nadal no participar\u00e1 del Abierto de Australia, primer Grand Slam&#8230;<\/p>\n","protected":false},"author":3,"featured_media":12494,"comment_status":"closed","ping_status":"closed","sticky":false,"template":"","format":"standard","meta":{"footnotes":""},"categories":[21],"tags":[],"class_list":["post-12493","post","type-post","status-publish","format-standard","has-post-thumbnail","hentry","category-deportes"],"featured_image_urls":{"full":["https:\/\/fmamiga909.com.ar\/wp-content\/uploads\/2024\/01\/wp-header-logo-56.png",1200,675,false],"thumbnail":["https:\/\/fmamiga909.com.ar\/wp-content\/uploads\/2024\/01\/wp-header-logo-56-150x150.png",150,150,true],"medium":["https:\/\/fmamiga909.com.ar\/wp-content\/uploads\/2024\/01\/wp-header-logo-56-300x169.png",300,169,true],"medium_large":["https:\/\/fmamiga909.com.ar\/wp-content\/uploads\/2024\/01\/wp-header-logo-56.png",1200,675,false],"large":["https:\/\/fmamiga909.com.ar\/wp-content\/uploads\/2024\/01\/wp-header-logo-56-1024x576.png",640,360,true],"1536x1536":["https:\/\/fmamiga909.com.ar\/wp-content\/uploads\/2024\/01\/wp-header-logo-56.png",1200,675,false],"2048x2048":["https:\/\/fmamiga909.com.ar\/wp-content\/uploads\/2024\/01\/wp-header-logo-56.png",1200,675,false],"newsium-slider-full":["https:\/\/fmamiga909.com.ar\/wp-content\/uploads\/2024\/01\/wp-header-logo-56.png",1200,675,false],"newsium-featured":["https:\/\/fmamiga909.com.ar\/wp-content\/uploads\/2024\/01\/wp-header-logo-56-1024x576.png",1024,576,true],"newsium-medium":["https:\/\/fmamiga909.com.ar\/wp-content\/uploads\/2024\/01\/wp-header-logo-56-720x475.png",720,475,true]},"author_info":{"display_name":"Fredy Giuliano","author_link":"https:\/\/fmamiga909.com.ar\/?author=3"},"category_info":"<a href=\"https:\/\/fmamiga909.com.ar\/?cat=21\" rel=\"category\">Deportes<\/a>","tag_info":"Deportes","comment_count":"0","_links":{"self":[{"href":"https:\/\/fmamiga909.com.ar\/index.php?rest_route=\/wp\/v2\/posts\/12493","targetHints":{"allow":["GET"]}}],"collection":[{"href":"https:\/\/fmamiga909.com.ar\/index.php?rest_route=\/wp\/v2\/posts"}],"about":[{"href":"https:\/\/fmamiga909.com.ar\/index.php?rest_route=\/wp\/v2\/types\/post"}],"author":[{"embeddable":true,"href":"https:\/\/fmamiga909.com.ar\/index.php?rest_route=\/wp\/v2\/users\/3"}],"replies":[{"embeddable":true,"href":"https:\/\/fmamiga909.com.ar\/index.php?rest_route=%2Fwp%2Fv2%2Fcomments&post=12493"}],"version-history":[{"count":0,"href":"https:\/\/fmamiga909.com.ar\/index.php?rest_route=\/wp\/v2\/posts\/12493\/revisions"}],"wp:featuredmedia":[{"embeddable":true,"href":"https:\/\/fmamiga909.com.ar\/index.php?rest_route=\/wp\/v2\/media\/12494"}],"wp:attachment":[{"href":"https:\/\/fmamiga909.com.ar\/index.php?rest_route=%2Fwp%2Fv2%2Fmedia&parent=12493"}],"wp:term":[{"taxonomy":"category","embeddable":true,"href":"https:\/\/fmamiga909.com.ar\/index.php?rest_route=%2Fwp%2Fv2%2Fcategories&post=12493"},{"taxonomy":"post_tag","embeddable":true,"href":"https:\/\/fmamiga909.com.ar\/index.php?rest_route=%2Fwp%2Fv2%2Ftags&post=12493"}],"curies":[{"name":"wp","href":"https:\/\/api.w.org\/{rel}","templated":true}]}}