{"id":12510,"date":"2024-01-08T22:37:27","date_gmt":"2024-01-08T22:37:27","guid":{"rendered":"https:\/\/fmamiga909.com.ar\/?p=12510"},"modified":"2024-01-08T22:37:27","modified_gmt":"2024-01-08T22:37:27","slug":"demichelis-este-ano-hay-que-defender-las-dos-coronas-e-intentar-sumar-una-mas","status":"publish","type":"post","link":"https:\/\/fmamiga909.com.ar\/?p=12510","title":{"rendered":"Demichelis: \u201cEste a\u00f1o hay que defender las dos coronas e intentar sumar una m\u00e1s\u201d"},"content":{"rendered":"<div>\n<figure class=\"mb-3\"><img decoding=\"async\" src=\"https:\/\/www.telam.com.ar\/thumbs\/bluesteel\/advf\/imagenes\/2023\/07\/64b56bee38904_1200.jpg\" class=\" lazy \" width=\"100%\" height=\"100%\" alt=\"Demichelis habl de su perspectiva para el ao que comienza\"\/><figcaption> Demichelis habl\u00f3 de su perspectiva para el a\u00f1o que comienza. <\/figcaption><\/figure>\n<p> El DT de River, <strong>Mart\u00edn Demichelis<\/strong>, habl\u00f3 este domingo sobre los objetivos del \u2018millonario\u2019 para 2024, temporada donde disputar\u00e1 la Copa de la Liga, la Liga Profesional, la Copa Libertadores y la Copa Argentina.<\/p>\n<p><strong>\u201cEn cada a\u00f1o que comienza se renuevan las expectativas y sabemos las obligaciones que tenemos, no podemos ser menos de lo que fuimos\u201d<\/strong> coment\u00f3 el exzaguero.<\/p>\n<p><strong>\u201cHay que defender las dos coronas e intentar sumar alguna m\u00e1s, en el plano internacional sabemos que nos fuimos de forma temprana de la competici\u00f3n\u201d<\/strong>, analiz\u00f3, en di\u00e1logo con TyC Sports.<\/p>\n<p>Adem\u00e1s, el DT se refiri\u00f3 a la venta del atacante <strong>Claudio Echeverri<\/strong> a Manchester City, de Inglaterra, y asegur\u00f3 que <strong>\u201chay que cuidarlo, protegerlo y exigirle\u201d.<\/strong><\/p>\n<p><strong>\u201cYa que lo vamos a tener este a\u00f1o en River hay que sacarle el mejor de los provechos\u201d<\/strong>, continu\u00f3, y luego elogi\u00f3 las condiciones del mediocampista italiano Nicol\u00e1s Fonseca, hasta ahora \u00fanico refuerzo en N\u00fa\u00f1ez.<\/p>\n<p><strong>\u201cAyer <\/strong>(por el s\u00e1bado)<strong> en el primer entrenamiento mostr\u00f3 gajos de su capacidad, de su gran pie\u201d<\/strong> dijo, al tiempo que aclar\u00f3 que <strong>\u201cse va a tener que adaptar primero a River, es un chico inteligente y no tengo dudas que lo har\u00e1\u201d.<\/strong><\/p>\n<p>El plantel de River arrib\u00f3 a Orlando para realizar la pretemporada, donde jugar\u00e1 un amistoso frente a Rayados de Monterrey el mi\u00e9rcoles 17 en el estadio Cotton Bowl de la ciudad de Dallas. <\/p>\n<\/div>\n<p><script async defer crossorigin=\"anonymous\" src=\"https:\/\/connect.facebook.net\/es_LA\/sdk.js#xfbml=1&#038;version=v12.0\" nonce=\"SBlHQzIF\"><\/script><br \/><a href=\"https:\/\/www.telam.com.ar\/notas\/202401\/651831-este-ano-hay-que-defender-las-dos-coronas-e-intentar-sumar-una-mas-dijo-demichelis.html\">source<\/a><\/p>\n","protected":false},"excerpt":{"rendered":"<p>Demichelis habl\u00f3 de su perspectiva para el a\u00f1o que comienza. El DT de River, Mart\u00edn&#8230;<\/p>\n","protected":false},"author":3,"featured_media":12511,"comment_status":"closed","ping_status":"closed","sticky":false,"template":"","format":"standard","meta":{"footnotes":""},"categories":[21],"tags":[],"class_list":["post-12510","post","type-post","status-publish","format-standard","has-post-thumbnail","hentry","category-deportes"],"featured_image_urls":{"full":["https:\/\/fmamiga909.com.ar\/wp-content\/uploads\/2024\/01\/wp-header-logo-59.png",1200,675,false],"thumbnail":["https:\/\/fmamiga909.com.ar\/wp-content\/uploads\/2024\/01\/wp-header-logo-59-150x150.png",150,150,true],"medium":["https:\/\/fmamiga909.com.ar\/wp-content\/uploads\/2024\/01\/wp-header-logo-59-300x169.png",300,169,true],"medium_large":["https:\/\/fmamiga909.com.ar\/wp-content\/uploads\/2024\/01\/wp-header-logo-59.png",1200,675,false],"large":["https:\/\/fmamiga909.com.ar\/wp-content\/uploads\/2024\/01\/wp-header-logo-59-1024x576.png",640,360,true],"1536x1536":["https:\/\/fmamiga909.com.ar\/wp-content\/uploads\/2024\/01\/wp-header-logo-59.png",1200,675,false],"2048x2048":["https:\/\/fmamiga909.com.ar\/wp-content\/uploads\/2024\/01\/wp-header-logo-59.png",1200,675,false],"newsium-slider-full":["https:\/\/fmamiga909.com.ar\/wp-content\/uploads\/2024\/01\/wp-header-logo-59.png",1200,675,false],"newsium-featured":["https:\/\/fmamiga909.com.ar\/wp-content\/uploads\/2024\/01\/wp-header-logo-59-1024x576.png",1024,576,true],"newsium-medium":["https:\/\/fmamiga909.com.ar\/wp-content\/uploads\/2024\/01\/wp-header-logo-59-720x475.png",720,475,true]},"author_info":{"display_name":"Fredy Giuliano","author_link":"https:\/\/fmamiga909.com.ar\/?author=3"},"category_info":"<a href=\"https:\/\/fmamiga909.com.ar\/?cat=21\" rel=\"category\">Deportes<\/a>","tag_info":"Deportes","comment_count":"0","_links":{"self":[{"href":"https:\/\/fmamiga909.com.ar\/index.php?rest_route=\/wp\/v2\/posts\/12510","targetHints":{"allow":["GET"]}}],"collection":[{"href":"https:\/\/fmamiga909.com.ar\/index.php?rest_route=\/wp\/v2\/posts"}],"about":[{"href":"https:\/\/fmamiga909.com.ar\/index.php?rest_route=\/wp\/v2\/types\/post"}],"author":[{"embeddable":true,"href":"https:\/\/fmamiga909.com.ar\/index.php?rest_route=\/wp\/v2\/users\/3"}],"replies":[{"embeddable":true,"href":"https:\/\/fmamiga909.com.ar\/index.php?rest_route=%2Fwp%2Fv2%2Fcomments&post=12510"}],"version-history":[{"count":0,"href":"https:\/\/fmamiga909.com.ar\/index.php?rest_route=\/wp\/v2\/posts\/12510\/revisions"}],"wp:featuredmedia":[{"embeddable":true,"href":"https:\/\/fmamiga909.com.ar\/index.php?rest_route=\/wp\/v2\/media\/12511"}],"wp:attachment":[{"href":"https:\/\/fmamiga909.com.ar\/index.php?rest_route=%2Fwp%2Fv2%2Fmedia&parent=12510"}],"wp:term":[{"taxonomy":"category","embeddable":true,"href":"https:\/\/fmamiga909.com.ar\/index.php?rest_route=%2Fwp%2Fv2%2Fcategories&post=12510"},{"taxonomy":"post_tag","embeddable":true,"href":"https:\/\/fmamiga909.com.ar\/index.php?rest_route=%2Fwp%2Fv2%2Ftags&post=12510"}],"curies":[{"name":"wp","href":"https:\/\/api.w.org\/{rel}","templated":true}]}}