{"id":12516,"date":"2024-01-09T04:47:01","date_gmt":"2024-01-09T04:47:01","guid":{"rendered":"https:\/\/fmamiga909.com.ar\/?p=12516"},"modified":"2024-01-09T04:47:01","modified_gmt":"2024-01-09T04:47:01","slug":"guido-rodriguez-esta-en-la-mira-del-atletico-de-madrid","status":"publish","type":"post","link":"https:\/\/fmamiga909.com.ar\/?p=12516","title":{"rendered":"Guido Rodr\u00edguez est\u00e1 en la mira del Atl\u00e9tico de Madrid"},"content":{"rendered":"<div>\n<figure class=\"mb-3\"><img decoding=\"async\" src=\"https:\/\/www.telam.com.ar\/thumbs\/bluesteel\/advf\/imagenes\/2024\/01\/659be3ba42c24_1200.jpg\" class=\" lazy \" width=\"100%\" height=\"100%\" alt=\"Foto XGuido_Rodriguez\"\/><figcaption> Foto: X@Guido_Rodriguez. <\/figcaption><\/figure>\n<p><strong>El mediocampista argentino<\/strong> Guido Rodr\u00edguez, <strong>del Betis<\/strong> de Espa\u00f1a, <strong>tiene \u00abun principio de acuerdo\u00bb para convertirse en jugador de Atl\u00e9tico de Madrid a partir de la pr\u00f3xima temporada.<\/strong><\/p>\n<p>Seg\u00fan el diario Mundo Deportivo, el club \u00abcolchonero\u00bb contratar\u00e1 al ex River Plate y Defensa y Justicia en condici\u00f3n de libre cuando finalice su contrato en la entidad de Sevilla.<\/p>\n<p>El futbolista de 29 a\u00f1os, campe\u00f3n del mundo en Qatar 2022, el el \u00abpreferido\u00bb de Diego Simeone para reforzar la mitad de la cancha, lugar que seg\u00fan el propio entrenador \u00abfalta compensar\u00bb.<\/p>\n<p><strong>Rodr\u00edguez terminar\u00e1 su contrato<\/strong> con el Betis <strong>en junio y a pesar de la importante mejora salarial ofrecida por el club andaluz el argentino quiere \u00abdar el salto\u00bb y jugar en el Atl\u00e9tico de Madrid<\/strong>, se\u00f1ala la informaci\u00f3n period\u00edstica.<\/p>\n<p>Manchester United y Barcelona, entre otros clubes, hab\u00edan manifestado inter\u00e9s por contar con Rodr\u00edguez. <\/p>\n<\/div>\n<p><script async defer crossorigin=\"anonymous\" src=\"https:\/\/connect.facebook.net\/es_LA\/sdk.js#xfbml=1&#038;version=v12.0\" nonce=\"SBlHQzIF\"><\/script><br \/><a href=\"https:\/\/www.telam.com.ar\/notas\/202401\/651841-futbol-espania-guido-rodriguez-betis-radar-atletico-madrid.html\">source<\/a><\/p>\n","protected":false},"excerpt":{"rendered":"<p>Foto: X@Guido_Rodriguez. El mediocampista argentino Guido Rodr\u00edguez, del Betis de Espa\u00f1a, tiene \u00abun principio de&#8230;<\/p>\n","protected":false},"author":3,"featured_media":12517,"comment_status":"closed","ping_status":"closed","sticky":false,"template":"","format":"standard","meta":{"footnotes":""},"categories":[21],"tags":[],"class_list":["post-12516","post","type-post","status-publish","format-standard","has-post-thumbnail","hentry","category-deportes"],"featured_image_urls":{"full":["https:\/\/fmamiga909.com.ar\/wp-content\/uploads\/2024\/01\/wp-header-logo-62.png",1200,675,false],"thumbnail":["https:\/\/fmamiga909.com.ar\/wp-content\/uploads\/2024\/01\/wp-header-logo-62-150x150.png",150,150,true],"medium":["https:\/\/fmamiga909.com.ar\/wp-content\/uploads\/2024\/01\/wp-header-logo-62-300x169.png",300,169,true],"medium_large":["https:\/\/fmamiga909.com.ar\/wp-content\/uploads\/2024\/01\/wp-header-logo-62.png",1200,675,false],"large":["https:\/\/fmamiga909.com.ar\/wp-content\/uploads\/2024\/01\/wp-header-logo-62-1024x576.png",640,360,true],"1536x1536":["https:\/\/fmamiga909.com.ar\/wp-content\/uploads\/2024\/01\/wp-header-logo-62.png",1200,675,false],"2048x2048":["https:\/\/fmamiga909.com.ar\/wp-content\/uploads\/2024\/01\/wp-header-logo-62.png",1200,675,false],"newsium-slider-full":["https:\/\/fmamiga909.com.ar\/wp-content\/uploads\/2024\/01\/wp-header-logo-62.png",1200,675,false],"newsium-featured":["https:\/\/fmamiga909.com.ar\/wp-content\/uploads\/2024\/01\/wp-header-logo-62-1024x576.png",1024,576,true],"newsium-medium":["https:\/\/fmamiga909.com.ar\/wp-content\/uploads\/2024\/01\/wp-header-logo-62-720x475.png",720,475,true]},"author_info":{"display_name":"Fredy Giuliano","author_link":"https:\/\/fmamiga909.com.ar\/?author=3"},"category_info":"<a href=\"https:\/\/fmamiga909.com.ar\/?cat=21\" rel=\"category\">Deportes<\/a>","tag_info":"Deportes","comment_count":"0","_links":{"self":[{"href":"https:\/\/fmamiga909.com.ar\/index.php?rest_route=\/wp\/v2\/posts\/12516","targetHints":{"allow":["GET"]}}],"collection":[{"href":"https:\/\/fmamiga909.com.ar\/index.php?rest_route=\/wp\/v2\/posts"}],"about":[{"href":"https:\/\/fmamiga909.com.ar\/index.php?rest_route=\/wp\/v2\/types\/post"}],"author":[{"embeddable":true,"href":"https:\/\/fmamiga909.com.ar\/index.php?rest_route=\/wp\/v2\/users\/3"}],"replies":[{"embeddable":true,"href":"https:\/\/fmamiga909.com.ar\/index.php?rest_route=%2Fwp%2Fv2%2Fcomments&post=12516"}],"version-history":[{"count":0,"href":"https:\/\/fmamiga909.com.ar\/index.php?rest_route=\/wp\/v2\/posts\/12516\/revisions"}],"wp:featuredmedia":[{"embeddable":true,"href":"https:\/\/fmamiga909.com.ar\/index.php?rest_route=\/wp\/v2\/media\/12517"}],"wp:attachment":[{"href":"https:\/\/fmamiga909.com.ar\/index.php?rest_route=%2Fwp%2Fv2%2Fmedia&parent=12516"}],"wp:term":[{"taxonomy":"category","embeddable":true,"href":"https:\/\/fmamiga909.com.ar\/index.php?rest_route=%2Fwp%2Fv2%2Fcategories&post=12516"},{"taxonomy":"post_tag","embeddable":true,"href":"https:\/\/fmamiga909.com.ar\/index.php?rest_route=%2Fwp%2Fv2%2Ftags&post=12516"}],"curies":[{"name":"wp","href":"https:\/\/api.w.org\/{rel}","templated":true}]}}