{"id":12578,"date":"2024-01-12T22:32:48","date_gmt":"2024-01-12T22:32:48","guid":{"rendered":"https:\/\/fmamiga909.com.ar\/?p=12578"},"modified":"2024-01-12T22:32:48","modified_gmt":"2024-01-12T22:32:48","slug":"matias-suarez-fue-presentado-como-jugador-del-pirata-cordobes","status":"publish","type":"post","link":"https:\/\/fmamiga909.com.ar\/?p=12578","title":{"rendered":"Mat\u00edas Su\u00e1rez fue presentado como jugador del &quot;Pirata&quot; cordob\u00e9s"},"content":{"rendered":"<div>\n<figure class=\"mb-3\"><img decoding=\"async\" src=\"https:\/\/www.telam.com.ar\/thumbs\/bluesteel\/advf\/imagenes\/2024\/01\/65a15d4faa8b9_1200.jpg\" class=\" lazy \" width=\"100%\" height=\"100%\" alt=\"Matas Surez jugador de Belgrano Foto XBelgrano\"\/><figcaption> Mat\u00edas Su\u00e1rez jugador de Belgrano. \/ Foto: X@Belgrano. <\/figcaption><\/figure>\n<p><strong>El delantero<\/strong> Mat\u00edas Su\u00e1rez<strong> fue presentado<\/strong> este viernes <strong>oficialmente como jugador de Belgrano de C\u00f3rdoba a trav\u00e9s de varios posteos en las redes sociales del \u00abPirata\u00bb.<\/strong><\/p>\n<p>El exRiver, de 35 a\u00f1os y surgido de la cantera del conjunto cordob\u00e9s, firm\u00f3 un contrato con Belgrano hasta diciembre de este a\u00f1o, en lo que ser\u00e1 su tercera etapa con la camiseta \u00abceleste\u00bb.<\/p>\n<p>\u00abBienvenido al \u00e1lbum de Belgrano, Mat\u00edas\u00bb, fue el mensaje del club para presentar a Su\u00e1rez en un video del futbolista con la camiseta n\u00famero 7 del \u00abPirata\u00bb e im\u00e1genes del goleador en forma de figurita.<\/p>\n<blockquote class=\"twitter-tweet\">\n<p lang=\"qme\" dir=\"ltr\">\ud83d\udcf87\u20e3 <a href=\"https:\/\/t.co\/AKxrH89eto\">pic.twitter.com\/AKxrH89eto<\/a><\/p>\n<p>\u2014 Belgrano (@Belgrano) <a href=\"https:\/\/twitter.com\/Belgrano\/status\/1745822129789006123?ref_src=twsrc%5Etfw\">January 12, 2024<\/a><\/p><\/blockquote>\n<p> Su\u00e1rez, que jerarquizar\u00e1 al plantel que conduce Guillermo Farr\u00e9, debut\u00f3 en Belgrano en 2006 y fue figura en la B Nacional. Luego volvi\u00f3 al club cordob\u00e9s en 2016, tras una buena experiencia en el Anderlecht de B\u00e9lgica, y lider\u00f3 al equipo que jug\u00f3 la Copa Sudamericana y se convirti\u00f3 en \u00eddolo.<\/p>\n<p>En 2019 lleg\u00f3 el llamado de Marcelo Gallardo para llevarlo a River y no dud\u00f3 en aprovechar la oportunidad, aunque lleg\u00f3 el fin de su contrato y no renov\u00f3 con el \u00abMillonario\u00bb, ahora conducido por Mart\u00edn Demichelis. Lo que empieza ser\u00e1 el tercer per\u00edodo del delantero en el club que lo vio nacer.<\/p>\n<p>El volante Francisco Gonz\u00e1lez Metilli (ex Argentinos) y el defensor Gonzalo Maffini (viene de Estudiantes de R\u00edo Cuarto) son los otros dos refuerzos que tendr\u00e1 Belgrano en esta temporada. <\/p>\n<\/div>\n<p><script async src=\"\/\/platform.twitter.com\/widgets.js\" charset=\"utf-8\"><\/script><script async defer crossorigin=\"anonymous\" src=\"https:\/\/connect.facebook.net\/es_LA\/sdk.js#xfbml=1&#038;version=v12.0\" nonce=\"SBlHQzIF\"><\/script><br \/><a href=\"https:\/\/www.telam.com.ar\/notas\/202401\/652327-futbol-matias-suarez-belgrano-cordoba-refuerzo-pirata.html\">source<\/a><\/p>\n","protected":false},"excerpt":{"rendered":"<p>Mat\u00edas Su\u00e1rez jugador de Belgrano. \/ Foto: X@Belgrano. El delantero Mat\u00edas Su\u00e1rez fue presentado este&#8230;<\/p>\n","protected":false},"author":3,"featured_media":12579,"comment_status":"closed","ping_status":"closed","sticky":false,"template":"","format":"standard","meta":{"footnotes":""},"categories":[21],"tags":[],"class_list":["post-12578","post","type-post","status-publish","format-standard","has-post-thumbnail","hentry","category-deportes"],"featured_image_urls":{"full":["https:\/\/fmamiga909.com.ar\/wp-content\/uploads\/2024\/01\/wp-header-logo-93.png",1200,675,false],"thumbnail":["https:\/\/fmamiga909.com.ar\/wp-content\/uploads\/2024\/01\/wp-header-logo-93-150x150.png",150,150,true],"medium":["https:\/\/fmamiga909.com.ar\/wp-content\/uploads\/2024\/01\/wp-header-logo-93-300x169.png",300,169,true],"medium_large":["https:\/\/fmamiga909.com.ar\/wp-content\/uploads\/2024\/01\/wp-header-logo-93.png",1200,675,false],"large":["https:\/\/fmamiga909.com.ar\/wp-content\/uploads\/2024\/01\/wp-header-logo-93-1024x576.png",640,360,true],"1536x1536":["https:\/\/fmamiga909.com.ar\/wp-content\/uploads\/2024\/01\/wp-header-logo-93.png",1200,675,false],"2048x2048":["https:\/\/fmamiga909.com.ar\/wp-content\/uploads\/2024\/01\/wp-header-logo-93.png",1200,675,false],"newsium-slider-full":["https:\/\/fmamiga909.com.ar\/wp-content\/uploads\/2024\/01\/wp-header-logo-93.png",1200,675,false],"newsium-featured":["https:\/\/fmamiga909.com.ar\/wp-content\/uploads\/2024\/01\/wp-header-logo-93-1024x576.png",1024,576,true],"newsium-medium":["https:\/\/fmamiga909.com.ar\/wp-content\/uploads\/2024\/01\/wp-header-logo-93-720x475.png",720,475,true]},"author_info":{"display_name":"Fredy Giuliano","author_link":"https:\/\/fmamiga909.com.ar\/?author=3"},"category_info":"<a href=\"https:\/\/fmamiga909.com.ar\/?cat=21\" rel=\"category\">Deportes<\/a>","tag_info":"Deportes","comment_count":"0","_links":{"self":[{"href":"https:\/\/fmamiga909.com.ar\/index.php?rest_route=\/wp\/v2\/posts\/12578","targetHints":{"allow":["GET"]}}],"collection":[{"href":"https:\/\/fmamiga909.com.ar\/index.php?rest_route=\/wp\/v2\/posts"}],"about":[{"href":"https:\/\/fmamiga909.com.ar\/index.php?rest_route=\/wp\/v2\/types\/post"}],"author":[{"embeddable":true,"href":"https:\/\/fmamiga909.com.ar\/index.php?rest_route=\/wp\/v2\/users\/3"}],"replies":[{"embeddable":true,"href":"https:\/\/fmamiga909.com.ar\/index.php?rest_route=%2Fwp%2Fv2%2Fcomments&post=12578"}],"version-history":[{"count":0,"href":"https:\/\/fmamiga909.com.ar\/index.php?rest_route=\/wp\/v2\/posts\/12578\/revisions"}],"wp:featuredmedia":[{"embeddable":true,"href":"https:\/\/fmamiga909.com.ar\/index.php?rest_route=\/wp\/v2\/media\/12579"}],"wp:attachment":[{"href":"https:\/\/fmamiga909.com.ar\/index.php?rest_route=%2Fwp%2Fv2%2Fmedia&parent=12578"}],"wp:term":[{"taxonomy":"category","embeddable":true,"href":"https:\/\/fmamiga909.com.ar\/index.php?rest_route=%2Fwp%2Fv2%2Fcategories&post=12578"},{"taxonomy":"post_tag","embeddable":true,"href":"https:\/\/fmamiga909.com.ar\/index.php?rest_route=%2Fwp%2Fv2%2Ftags&post=12578"}],"curies":[{"name":"wp","href":"https:\/\/api.w.org\/{rel}","templated":true}]}}