{"id":12593,"date":"2024-01-13T00:33:23","date_gmt":"2024-01-13T00:33:23","guid":{"rendered":"https:\/\/fmamiga909.com.ar\/?p=12593"},"modified":"2024-01-13T00:33:23","modified_gmt":"2024-01-13T00:33:23","slug":"siria-la-seleccion-de-medio-oriente-mas-argentina","status":"publish","type":"post","link":"https:\/\/fmamiga909.com.ar\/?p=12593","title":{"rendered":"Siria: la selecci\u00f3n de Medio Oriente m\u00e1s &quot;argentina&quot;"},"content":{"rendered":"<div>\n<figure class=\"mb-3\"><img decoding=\"async\" src=\"https:\/\/www.telam.com.ar\/thumbs\/bluesteel\/advf\/imagenes\/2022\/03\/62431ae187a9e_1200.jpg\" class=\" lazy \" width=\"100%\" height=\"100%\" alt=\"El DT Hctor Cper reclut para el seleccionado sirio tres argentinos con races de ese pas Foto archivo\"\/><figcaption> El DT H\u00e9ctor C\u00faper reclut\u00f3 para el seleccionado sirio tres argentinos con ra\u00edces de ese pa\u00eds \/ Foto: archivo. <\/figcaption><\/figure>\n<p> La <strong>XVIII Copa de Asia<\/strong> comenzar\u00e1 este viernes en Qatar, sede del Mundial 2022, con <strong>marcada presencia argentina en el seleccionado de Siria<\/strong>, dirigido por <strong>H\u00e9ctor C\u00faper<\/strong> e integrado por tres jugadores compatriotas, m\u00e1s la conducci\u00f3n de Juan <strong>Antonio Pizzi<\/strong> al frente del combinado de Bahr\u00e9in.<\/p>\n<p>El partido inaugural ser\u00e1 entre el anfitri\u00f3n y defensor del t\u00edtulo, <strong>Qatar, contra L\u00edbano<\/strong> y se disputar\u00e1 el viernes desde las 13:00 en el estadio Lusail, escenario de la final entre la Argentina y Francia en el Mundial 2022. Todos los partidos ser\u00e1n transmitidos por la plataforma Star+.<\/p>\n<p>El ic\u00f3nico recinto de Doha volver\u00e1 a abrir sus puertas despu\u00e9s de la final del 18 de diciembre de 2022 y tambi\u00e9n recibir\u00e1 la final de la XVIII edici\u00f3n del torneo organizado por la Confederaci\u00f3n Asi\u00e1tica de F\u00fatbol (AFC) programada para el 10 de febrero.<\/p>\n<p><strong>La Copa de Asia es la primera la competencia continental de selecciones de 2024<\/strong>, un a\u00f1o que tambi\u00e9n incluye la Copa Africana de Naciones desde el s\u00e1bado en Costa de Marfil; una edici\u00f3n especial de la Copa Am\u00e9rica en Estados Unidos, organizada de forma conjunta entre Conmebol y Concacaf, y la Eurocopa en Alemania.<\/p>\n<h2 class=\"\">La Siria de los argentinos<\/h2>\n<p>\u00a0Divididos en seis grupos, unos 24 seleccionados ser\u00e1n parte de Copa de Asia, con la particularidad de que Siria tendr\u00e1 una curiosa comitiva argentina.<\/p>\n<p>El equipo es dirigido por el experimentado entrenador H\u00e9ctor C\u00faper e integrado por los argentinos <strong>Ezequiel Ham<\/strong> (Independiente Rivadavia), <strong>Ibrahim Hesar<\/strong> (Belgrano) y <strong>Jalil El\u00edas<\/strong> (reci\u00e9n llegado al f\u00fatbol de Malasia desde San Lorenzo).<\/p>\n<p>El exDT de Hurac\u00e1n y Lan\u00fas en la Argentina asumi\u00f3 el cargo del conjunto que ocupa el puesto 91 del ranking de la FIFA en febrero de 2023 y lleva diez partidos al frente del equipo.<\/p>\n<p>A los 68 a\u00f1os, el DT santafesino de extensa y variada trayectoria en el f\u00fatbol internacional tendr\u00e1 su segunda experiencia en la Copa de Asia luego de dirigir en la \u00faltima edici\u00f3n de 2019 a Uzbekist\u00e1n, con el que lleg\u00f3 a octavos de final.<\/p>\n<p>Para reforzar a un seleccionado que nunca pas\u00f3 la fase de grupos, <strong>C\u00faper reclut\u00f3 a varios futbolistas con ra\u00edces sirias<\/strong>, entre los cuales est\u00e1n los tres argentinos y el delantero colombiano <strong>Pablo Sabbag<\/strong>, quien se destaca en Alianza Lima de Per\u00fa.<\/p>\n<p>Ham es un volante central, de 29 a\u00f1os, que inici\u00f3 su carrera en Argentinos Juniors y en pleno ascenso de su carrera sufri\u00f3 una dura lesi\u00f3n en 2015 tras una imprudente patada de Carlos Tevez.<\/p>\n<p><figure class=\"mb-3\"><img decoding=\"async\" src=\"https:\/\/www.telam.com.ar\/thumbs\/bluesteel\/advf\/imagenes\/2016\/05\/5730a893a6a73_1200.jpg\" class=\" lazy \" width=\"100%\" height=\"100%\" alt=\"Ezequiel Ham ex Argentinos Juniors e Independiente de Rivadavia Foto archivo\"\/><figcaption> Ezequiel Ham, ex Argentinos Juniors e Independiente de Rivadavia \/ Foto: archivo. <\/figcaption><\/figure>\n<p>El \u00abTurquito\u00bb se fue al ascenso de Jap\u00f3n, volvi\u00f3 al pa\u00eds para jugar en Olimpo y Santamarina y el a\u00f1o pasado tuvo su revancha en el f\u00fatbol con el ascenso a la Liga Profesional que consigui\u00f3 con Independiente Rivadavia de Mendoza.<\/p>\n<p>C\u00faper lo convoc\u00f3 por primera vez en octubre del a\u00f1o pasado para un amistoso y un mes despu\u00e9s fue titular en dos partidos de las Eliminatorias para el Mundial 2026.<\/p>\n<p>El delantero Ibrahim Hesar tiene 30 a\u00f1os y surgi\u00f3 de Belgrano de C\u00f3rdoba aunque qued\u00f3 libre antes de debutar y reci\u00e9n volvi\u00f3 al \u00abPirata\u00bb en 2022 despu\u00e9s de buenos pasos por el ascenso con Tiro Federal de Morteros y Estudiantes de R\u00edo Cuarto.<\/p>\n<p>El nacido en Villa Ascasubi fue convocado junto a Ham en octubre y tambi\u00e9n estuvo en el inicio del certamen clasificatorio pero la diferencia es que ya marc\u00f3 su primer gol en un amistoso ante Kirguist\u00e1n (1-1) disputado el pasado 5 de enero.<\/p>\n<p>El \u00faltimo en sumarse al grupo fue el volante rosarino Jalil El\u00edas, de 27 a\u00f1os, que a fines del a\u00f1o pasado se fue de San Lorenzo para sumarse a Johor, de Malasia.<\/p>\n<p>El jugador que se inici\u00f3 en Newell&#8217;s y tambi\u00e9n pas\u00f3 por Uni\u00f3n y Godoy Cruz debutar\u00e1 como futbolista sirio directamente en el primer partido del Grupo B contra Uzbekist\u00e1n del pr\u00f3ximo s\u00e1bado a las 14:30 en el estadio Jassim Bin Hamad, que pertenece al club local Al Sadd y no form\u00f3 parte del listado mundialista en 2022 pero fue base de entrenamiento del subcampe\u00f3n, Francia.<\/p>\n<p><strong>Siria tendr\u00e1 una primera fase complicada en el Grupo B <\/strong>ya que debutar\u00e1 con Uzbekist\u00e1n (desde 2004 no baja de octavos), luego enfrentar\u00e1 a Australia (rival de la Argentina en octavos del \u00faltimo Mundial) y cerrar\u00e1 con India (el rival a vencer).<\/p>\n<h2 class=\"\">Antonio Pizzi, al frente de Bahr\u00e9in<\/h2>\n<p>El otro representante argentino estar\u00e1 en el Grupo E y ser\u00e1 <strong>Juan Antonio Pizzi<\/strong> como entrenador del seleccionado de Bahr\u00e9in, puesto 86 del ranking de la FIFA.<\/p>\n<p>Santafesino al igual que C\u00faper, Pizzi tambi\u00e9n tendr\u00e1 <strong>su segunda vez en la Copa de Asia<\/strong> ya que en 2019 dirigi\u00f3 a Arabia Saudita y fue eliminado en octavos por Jap\u00f3n.<\/p>\n<blockquote class=\"instagram-media\" data-instgrm-captioned=\"\" data-instgrm-permalink=\"https:\/\/www.instagram.com\/p\/Cv8OpXGoBf9\/?utm_source=ig_embed&amp;utm_campaign=loading\" data-instgrm-version=\"14\" style=\" background:#FFF; border:0; border-radius:3px; box-shadow:0 0 1px 0 rgba(0,0,0,0.5),0 1px 10px 0 rgba(0,0,0,0.15); margin: 1px; max-width:540px; min-width:326px; padding:0; width:99.375%; width:-webkit-calc(100% - 2px); width:calc(100% - 2px);\"\/><p> Pizzi asumi\u00f3 en julio del a\u00f1o pasado y lleva apenas seis partidos al frente del pa\u00eds que tambi\u00e9n dirigieron Sergio Batista (2015) y Gabriel Calder\u00f3n (2012).<\/p>\n<p>Bahr\u00e9in protagonizar\u00e1 uno de los partidos destacados de la primera fecha cuando el pr\u00f3ximo lunes 15 a las 8:30 enfrente a Corea del Sur, uno de los principales candidatos al t\u00edtulo que llega bajo la conducci\u00f3n del alem\u00e1n J\u00fcrgen Klinsmann y liderado por la figura del Tottenham ingl\u00e9s, Son Heung-min.<\/p>\n<p>Los otros aspirantes a la corona son Jap\u00f3n, m\u00e1ximo ganador con cuatro trofeos, y Arabia Saudita, verdugo de la \u00abScaloneta\u00bb que ahora es conducido por el italiano Roberto Mancini.<\/p>\n<\/div>\n<p><script async defer crossorigin=\"anonymous\" src=\"https:\/\/connect.facebook.net\/es_LA\/sdk.js#xfbml=1&#038;version=v12.0\" nonce=\"SBlHQzIF\"><\/script><br \/><a href=\"https:\/\/www.telam.com.ar\/notas\/202401\/652205-copa-de-asia-argentinos-siria-bahrein-hector-cuper-antonio-pizzi.html\">source<\/a><\/p>\n","protected":false},"excerpt":{"rendered":"<p>El DT H\u00e9ctor C\u00faper reclut\u00f3 para el seleccionado sirio tres argentinos con ra\u00edces de ese&#8230;<\/p>\n","protected":false},"author":3,"featured_media":12594,"comment_status":"closed","ping_status":"closed","sticky":false,"template":"","format":"standard","meta":{"footnotes":""},"categories":[21],"tags":[],"class_list":["post-12593","post","type-post","status-publish","format-standard","has-post-thumbnail","hentry","category-deportes"],"featured_image_urls":{"full":["https:\/\/fmamiga909.com.ar\/wp-content\/uploads\/2024\/01\/wp-header-logo-94.png",1198,674,false],"thumbnail":["https:\/\/fmamiga909.com.ar\/wp-content\/uploads\/2024\/01\/wp-header-logo-94-150x150.png",150,150,true],"medium":["https:\/\/fmamiga909.com.ar\/wp-content\/uploads\/2024\/01\/wp-header-logo-94-300x169.png",300,169,true],"medium_large":["https:\/\/fmamiga909.com.ar\/wp-content\/uploads\/2024\/01\/wp-header-logo-94.png",1198,674,false],"large":["https:\/\/fmamiga909.com.ar\/wp-content\/uploads\/2024\/01\/wp-header-logo-94-1024x576.png",640,360,true],"1536x1536":["https:\/\/fmamiga909.com.ar\/wp-content\/uploads\/2024\/01\/wp-header-logo-94.png",1198,674,false],"2048x2048":["https:\/\/fmamiga909.com.ar\/wp-content\/uploads\/2024\/01\/wp-header-logo-94.png",1198,674,false],"newsium-slider-full":["https:\/\/fmamiga909.com.ar\/wp-content\/uploads\/2024\/01\/wp-header-logo-94.png",1198,674,false],"newsium-featured":["https:\/\/fmamiga909.com.ar\/wp-content\/uploads\/2024\/01\/wp-header-logo-94-1024x576.png",1024,576,true],"newsium-medium":["https:\/\/fmamiga909.com.ar\/wp-content\/uploads\/2024\/01\/wp-header-logo-94-720x475.png",720,475,true]},"author_info":{"display_name":"Fredy Giuliano","author_link":"https:\/\/fmamiga909.com.ar\/?author=3"},"category_info":"<a href=\"https:\/\/fmamiga909.com.ar\/?cat=21\" rel=\"category\">Deportes<\/a>","tag_info":"Deportes","comment_count":"0","_links":{"self":[{"href":"https:\/\/fmamiga909.com.ar\/index.php?rest_route=\/wp\/v2\/posts\/12593","targetHints":{"allow":["GET"]}}],"collection":[{"href":"https:\/\/fmamiga909.com.ar\/index.php?rest_route=\/wp\/v2\/posts"}],"about":[{"href":"https:\/\/fmamiga909.com.ar\/index.php?rest_route=\/wp\/v2\/types\/post"}],"author":[{"embeddable":true,"href":"https:\/\/fmamiga909.com.ar\/index.php?rest_route=\/wp\/v2\/users\/3"}],"replies":[{"embeddable":true,"href":"https:\/\/fmamiga909.com.ar\/index.php?rest_route=%2Fwp%2Fv2%2Fcomments&post=12593"}],"version-history":[{"count":0,"href":"https:\/\/fmamiga909.com.ar\/index.php?rest_route=\/wp\/v2\/posts\/12593\/revisions"}],"wp:featuredmedia":[{"embeddable":true,"href":"https:\/\/fmamiga909.com.ar\/index.php?rest_route=\/wp\/v2\/media\/12594"}],"wp:attachment":[{"href":"https:\/\/fmamiga909.com.ar\/index.php?rest_route=%2Fwp%2Fv2%2Fmedia&parent=12593"}],"wp:term":[{"taxonomy":"category","embeddable":true,"href":"https:\/\/fmamiga909.com.ar\/index.php?rest_route=%2Fwp%2Fv2%2Fcategories&post=12593"},{"taxonomy":"post_tag","embeddable":true,"href":"https:\/\/fmamiga909.com.ar\/index.php?rest_route=%2Fwp%2Fv2%2Ftags&post=12593"}],"curies":[{"name":"wp","href":"https:\/\/api.w.org\/{rel}","templated":true}]}}