{"id":12696,"date":"2024-01-19T13:28:19","date_gmt":"2024-01-19T13:28:19","guid":{"rendered":"https:\/\/fmamiga909.com.ar\/?p=12696"},"modified":"2024-01-19T13:28:19","modified_gmt":"2024-01-19T13:28:19","slug":"rollheiser-viajo-a-portugal-para-convertirse-en-nuevo-jugador-de-benfica","status":"publish","type":"post","link":"https:\/\/fmamiga909.com.ar\/?p=12696","title":{"rendered":"Rollheiser viaj\u00f3 a Portugal para convertirse en nuevo jugador de Benfica"},"content":{"rendered":"<div>\n<figure class=\"mb-3\"><img decoding=\"async\" src=\"https:\/\/www.telam.com.ar\/thumbs\/bluesteel\/advf\/imagenes\/editadas\/65a95e5a595af_1200.jpg\" class=\" lazy \" width=\"100%\" height=\"100%\" alt=\"Foto Eva Cabrera \"\/><figcaption> Foto Eva Cabrera. <\/figcaption><\/figure>\n<p> El mediocampista ofensivo Benjam\u00edn Rollheiser viaj\u00f3 este jueves a Portugal para convertirse en nuevo jugador de Benfica.<\/p>\n<p><strong>Pese al intento de Estudiantes de La Plata de retenerlo hasta junio, el talentoso futbolista parti\u00f3 este jueves a la ma\u00f1ana desde el aeropuerto de Ezeiza hacia Lisboa<\/strong> para cerrar su incorporaci\u00f3n al equipo de \u00c1ngel Di Mar\u00eda y Nicol\u00e1s Otamendi.<\/p>\n<p>A la partida de una de las figuras del equipo de Eduardo Dom\u00ednguez se suma que finalmente <strong>la dirigencia recibi\u00f3 la negativa por parte del arquero campe\u00f3n del Mundo, Ger\u00f3nimo Rulli, quien seguir\u00e1 su carrera en Europa.<\/strong><\/p>\n<p>Tras el retiro de Mariano And\u00fajar, la directiva del \u00abLe\u00f3n\u00bb intent\u00f3 repatriar al arquero surgido del club que perdi\u00f3 el puesto en Ajax, de Pa\u00edses Bajos, por la lesi\u00f3n en el hombro que lo dej\u00f3 afuera de las canchas durante tres meses.<\/p>\n<p>El ex Villarreal agradeci\u00f3 el gesto pero decidi\u00f3 buscar otro equipo pero en una liga europea.<\/p>\n<p>Mientras tanto, Rollheiser, de 23 a\u00f1os, se despidi\u00f3 del plantel \u00abpincha\u00bb este mi\u00e9rcoles y as\u00ed cerr\u00f3 su ciclo en el club con 83 partidos, 13 goles, 8 asistencias y el t\u00edtulo de la Copa Argentina.<\/p>\n<p><strong>Estudiantes vendi\u00f3 al zurdo, ex River Plate, en una operaci\u00f3n cercana a los diez millones de euros<\/strong> y se qued\u00f3 con 10% de una futura venta.<\/p>\n<p><strong>Rollheiser lleg\u00f3 a Estudiantes en junio de 2022 luego de seis meses sin jugar tras haber quedado libre del \u00abMillonario\u00bb por no renovar<\/strong> el contrato.<\/p>\n<p>El entrenador Eduardo Dom\u00ednguez y la dirigencia pretend\u00edan retener a Rollheiser hasta junio para disputar la primera parte de la Copa Libertadores pero finalmente el club luso pag\u00f3 una suma extra y se llev\u00f3 ahora al futbolista.<\/p>\n<p>En Benfica, el jugador nacido en la localidad bonaerense de Coronel Su\u00e1rez firmar\u00e1 un contrato hasta 2029 y tendr\u00e1 su primera experiencia europea junto a los campeones del Mundo Di Mar\u00eda y Otamendi. <\/p>\n<\/div>\n<p><script async defer crossorigin=\"anonymous\" src=\"https:\/\/connect.facebook.net\/es_LA\/sdk.js#xfbml=1&#038;version=v12.0\" nonce=\"SBlHQzIF\"><\/script><br \/><a href=\"https:\/\/www.telam.com.ar\/notas\/202401\/652895-rollheiser-viaje-portugal-nuevo-jugador-benfica.html\">source<\/a><\/p>\n","protected":false},"excerpt":{"rendered":"<p>Foto Eva Cabrera. El mediocampista ofensivo Benjam\u00edn Rollheiser viaj\u00f3 este jueves a Portugal para convertirse&#8230;<\/p>\n","protected":false},"author":3,"featured_media":12697,"comment_status":"closed","ping_status":"closed","sticky":false,"template":"","format":"standard","meta":{"footnotes":""},"categories":[21],"tags":[],"class_list":["post-12696","post","type-post","status-publish","format-standard","has-post-thumbnail","hentry","category-deportes"],"featured_image_urls":{"full":["https:\/\/fmamiga909.com.ar\/wp-content\/uploads\/2024\/01\/wp-header-logo-140.png",900,506,false],"thumbnail":["https:\/\/fmamiga909.com.ar\/wp-content\/uploads\/2024\/01\/wp-header-logo-140-150x150.png",150,150,true],"medium":["https:\/\/fmamiga909.com.ar\/wp-content\/uploads\/2024\/01\/wp-header-logo-140-300x169.png",300,169,true],"medium_large":["https:\/\/fmamiga909.com.ar\/wp-content\/uploads\/2024\/01\/wp-header-logo-140.png",900,506,false],"large":["https:\/\/fmamiga909.com.ar\/wp-content\/uploads\/2024\/01\/wp-header-logo-140.png",640,360,false],"1536x1536":["https:\/\/fmamiga909.com.ar\/wp-content\/uploads\/2024\/01\/wp-header-logo-140.png",900,506,false],"2048x2048":["https:\/\/fmamiga909.com.ar\/wp-content\/uploads\/2024\/01\/wp-header-logo-140.png",900,506,false],"newsium-slider-full":["https:\/\/fmamiga909.com.ar\/wp-content\/uploads\/2024\/01\/wp-header-logo-140.png",900,506,false],"newsium-featured":["https:\/\/fmamiga909.com.ar\/wp-content\/uploads\/2024\/01\/wp-header-logo-140.png",900,506,false],"newsium-medium":["https:\/\/fmamiga909.com.ar\/wp-content\/uploads\/2024\/01\/wp-header-logo-140-720x475.png",720,475,true]},"author_info":{"display_name":"Fredy Giuliano","author_link":"https:\/\/fmamiga909.com.ar\/?author=3"},"category_info":"<a href=\"https:\/\/fmamiga909.com.ar\/?cat=21\" rel=\"category\">Deportes<\/a>","tag_info":"Deportes","comment_count":"0","_links":{"self":[{"href":"https:\/\/fmamiga909.com.ar\/index.php?rest_route=\/wp\/v2\/posts\/12696","targetHints":{"allow":["GET"]}}],"collection":[{"href":"https:\/\/fmamiga909.com.ar\/index.php?rest_route=\/wp\/v2\/posts"}],"about":[{"href":"https:\/\/fmamiga909.com.ar\/index.php?rest_route=\/wp\/v2\/types\/post"}],"author":[{"embeddable":true,"href":"https:\/\/fmamiga909.com.ar\/index.php?rest_route=\/wp\/v2\/users\/3"}],"replies":[{"embeddable":true,"href":"https:\/\/fmamiga909.com.ar\/index.php?rest_route=%2Fwp%2Fv2%2Fcomments&post=12696"}],"version-history":[{"count":0,"href":"https:\/\/fmamiga909.com.ar\/index.php?rest_route=\/wp\/v2\/posts\/12696\/revisions"}],"wp:featuredmedia":[{"embeddable":true,"href":"https:\/\/fmamiga909.com.ar\/index.php?rest_route=\/wp\/v2\/media\/12697"}],"wp:attachment":[{"href":"https:\/\/fmamiga909.com.ar\/index.php?rest_route=%2Fwp%2Fv2%2Fmedia&parent=12696"}],"wp:term":[{"taxonomy":"category","embeddable":true,"href":"https:\/\/fmamiga909.com.ar\/index.php?rest_route=%2Fwp%2Fv2%2Fcategories&post=12696"},{"taxonomy":"post_tag","embeddable":true,"href":"https:\/\/fmamiga909.com.ar\/index.php?rest_route=%2Fwp%2Fv2%2Ftags&post=12696"}],"curies":[{"name":"wp","href":"https:\/\/api.w.org\/{rel}","templated":true}]}}