{"id":12703,"date":"2024-01-19T19:32:31","date_gmt":"2024-01-19T19:32:31","guid":{"rendered":"https:\/\/fmamiga909.com.ar\/?p=12703"},"modified":"2024-01-19T19:32:31","modified_gmt":"2024-01-19T19:32:31","slug":"la-estrategia-de-boca-para-quedarse-con-luka-romero","status":"publish","type":"post","link":"https:\/\/fmamiga909.com.ar\/?p=12703","title":{"rendered":"La estrategia de Boca para quedarse con Luka Romero"},"content":{"rendered":"<div>\n<figure class=\"mb-3\"><img decoding=\"async\" src=\"https:\/\/www.telam.com.ar\/thumbs\/bluesteel\/advf\/imagenes\/2023\/05\/647224da2d76c_1200.jpg\" class=\" lazy \" width=\"100%\" height=\"100%\" alt=\"Foto Alfredo Luna\"\/><figcaption> Foto: Alfredo Luna. <\/figcaption><\/figure>\n<p> El Consejo de F\u00fatbol de <strong>Boca Juniors<\/strong> se puso en contacto con los dirigentes del <strong>Milan <\/strong>para avanzar en las condiciones de un pr\u00e9stamo del atacante argentino <strong>Luka Romero<\/strong>, luego de que el propio futbolista manifestara su ilusi\u00f3n de llegar al club de La Ribera.<\/p>\n<p>Boca pretende que Romero, de 19 a\u00f1os, una de las figuras del seleccionado Sub 20 en el Mundial del a\u00f1o pasado, firme por al menos 18 meses, hasta mediados de 2025, y con una opci\u00f3n de compra, sin importar que se fije en un valor alto para las posibilidades del mercado argentino.<\/p>\n<p>La dirigencia boquense pretende evitar que el futbolista llegue al club para revalorizarse y luego retorne a Europa, seg\u00fan explicaron a T\u00e9lam fuentes de la negociaci\u00f3n.<\/p>\n<p><figure class=\"mb-3\"><img decoding=\"async\" src=\"https:\/\/www.telam.com.ar\/thumbs\/bluesteel\/advf\/imagenes\/2023\/05\/647224ac123c0_1200.jpg\" class=\" lazy \" width=\"100%\" height=\"100%\" alt=\"Foto Rubn Paratore\"\/><figcaption> Foto: Rub\u00e9n Paratore. <\/figcaption><\/figure>\n<p>En caso que exista acuerdo entre los clubes, Boca dar\u00e1 el paso siguiente: <strong>tomar contacto con el representante del jugador para negociar el contrato<\/strong>, que a priori no revestir\u00eda inconvenientes por su firme deseo de ponerse la camiseta azul y oro.<\/p>\n<p>Las versiones del desembarco de Romero en Boca comenzaron el martes pero fuero r\u00e1pidamente desmentidas por voceros del Consejo de F\u00fatbol, aunque el abuelo del futbolista, Jos\u00e9 \u00abPepe\u00bb Romero, reconoci\u00f3 el inter\u00e9s en declaraciones period\u00edsticas.<\/p>\n<p>\u201cHay varios clubes que lo quieren de Italia, pero Luka quiere salir. Si es a Espa\u00f1a, quiere que sea un equipo de primera. Tambi\u00e9n hay contacto entre Boca y Milan, que compartir\u00edan el contrato\u00bb, reconoci\u00f3 en radio La Red.<\/p>\n<h2 class=\"\">Los refuerzos xeneixes<\/h2>\n<p>Mientras tanto, se siguen firmando los \u00faltimos papeles con los abogados para que el mediocampista <strong>Kevin Zen\u00f3n<\/strong> se convierta en la segunda incorporaci\u00f3n \u00abxeneize\u00bb.<\/p>\n<p>Est\u00e1 todo acordado con los dirigentes de Uni\u00f3n de Santa Fe: se abonar\u00e1 3 millones de d\u00f3lares por el 80 por ciento del pase y el pr\u00e9stamo de Sim\u00f3n Rivero y el 25 por ciento de la ficha de Mauro Luna Diale.<\/p>\n<blockquote class=\"twitter-tweet\">\n<p lang=\"und\" dir=\"ltr\">\ud83c\uddfa\ud83c\uddfe\ud83c\udff9 \/\ud83e\udd9e\ud83d\ude0f <a href=\"https:\/\/t.co\/WUHNdfagCw\">pic.twitter.com\/WUHNdfagCw<\/a><\/p>\n<p>\u2014 Boca Juniors (@BocaJrsOficial) <a href=\"https:\/\/twitter.com\/BocaJrsOficial\/status\/1748017755457040780?ref_src=twsrc%5Etfw\">January 18, 2024<\/a><\/p><\/blockquote>\n<p> Por otro lado, en cuanto a la actividad del plantel, el uruguayo <strong>Edinson Cavani<\/strong>, que realiz\u00f3 un trabajo especial despu\u00e9s de sufrir un desgarro en el recto anterior izquierdo el 12 de noviembre pasado, tiene grandes posibilidades de sumar minutos por primera vez en el a\u00f1o cuando Boca enfrente a Talleres de C\u00f3rdoba en un amistoso el pr\u00f3ximo s\u00e1bado.<\/p>\n<p>Para ese partido, el entrenador <strong>Diego Mart\u00ednez<\/strong> piensa poner un posible once titular que pueda ser el que debute el s\u00e1bado 27 ante Platense, de visitante, por la primera fecha de la Copa de la Liga.<\/p>\n<\/div>\n<p><script async src=\"\/\/platform.twitter.com\/widgets.js\" charset=\"utf-8\"><\/script><script async defer crossorigin=\"anonymous\" src=\"https:\/\/connect.facebook.net\/es_LA\/sdk.js#xfbml=1&#038;version=v12.0\" nonce=\"SBlHQzIF\"><\/script><br \/><a href=\"https:\/\/www.telam.com.ar\/notas\/202401\/652910-boca-negociaciones-pase-luka-romero.html\">source<\/a><\/p>\n","protected":false},"excerpt":{"rendered":"<p>Foto: Alfredo Luna. El Consejo de F\u00fatbol de Boca Juniors se puso en contacto con&#8230;<\/p>\n","protected":false},"author":3,"featured_media":12704,"comment_status":"closed","ping_status":"closed","sticky":false,"template":"","format":"standard","meta":{"footnotes":""},"categories":[21],"tags":[],"class_list":["post-12703","post","type-post","status-publish","format-standard","has-post-thumbnail","hentry","category-deportes"],"featured_image_urls":{"full":["https:\/\/fmamiga909.com.ar\/wp-content\/uploads\/2024\/01\/wp-header-logo-142.png",1200,675,false],"thumbnail":["https:\/\/fmamiga909.com.ar\/wp-content\/uploads\/2024\/01\/wp-header-logo-142-150x150.png",150,150,true],"medium":["https:\/\/fmamiga909.com.ar\/wp-content\/uploads\/2024\/01\/wp-header-logo-142-300x169.png",300,169,true],"medium_large":["https:\/\/fmamiga909.com.ar\/wp-content\/uploads\/2024\/01\/wp-header-logo-142.png",1200,675,false],"large":["https:\/\/fmamiga909.com.ar\/wp-content\/uploads\/2024\/01\/wp-header-logo-142-1024x576.png",640,360,true],"1536x1536":["https:\/\/fmamiga909.com.ar\/wp-content\/uploads\/2024\/01\/wp-header-logo-142.png",1200,675,false],"2048x2048":["https:\/\/fmamiga909.com.ar\/wp-content\/uploads\/2024\/01\/wp-header-logo-142.png",1200,675,false],"newsium-slider-full":["https:\/\/fmamiga909.com.ar\/wp-content\/uploads\/2024\/01\/wp-header-logo-142.png",1200,675,false],"newsium-featured":["https:\/\/fmamiga909.com.ar\/wp-content\/uploads\/2024\/01\/wp-header-logo-142-1024x576.png",1024,576,true],"newsium-medium":["https:\/\/fmamiga909.com.ar\/wp-content\/uploads\/2024\/01\/wp-header-logo-142-720x475.png",720,475,true]},"author_info":{"display_name":"Fredy Giuliano","author_link":"https:\/\/fmamiga909.com.ar\/?author=3"},"category_info":"<a href=\"https:\/\/fmamiga909.com.ar\/?cat=21\" rel=\"category\">Deportes<\/a>","tag_info":"Deportes","comment_count":"0","_links":{"self":[{"href":"https:\/\/fmamiga909.com.ar\/index.php?rest_route=\/wp\/v2\/posts\/12703","targetHints":{"allow":["GET"]}}],"collection":[{"href":"https:\/\/fmamiga909.com.ar\/index.php?rest_route=\/wp\/v2\/posts"}],"about":[{"href":"https:\/\/fmamiga909.com.ar\/index.php?rest_route=\/wp\/v2\/types\/post"}],"author":[{"embeddable":true,"href":"https:\/\/fmamiga909.com.ar\/index.php?rest_route=\/wp\/v2\/users\/3"}],"replies":[{"embeddable":true,"href":"https:\/\/fmamiga909.com.ar\/index.php?rest_route=%2Fwp%2Fv2%2Fcomments&post=12703"}],"version-history":[{"count":0,"href":"https:\/\/fmamiga909.com.ar\/index.php?rest_route=\/wp\/v2\/posts\/12703\/revisions"}],"wp:featuredmedia":[{"embeddable":true,"href":"https:\/\/fmamiga909.com.ar\/index.php?rest_route=\/wp\/v2\/media\/12704"}],"wp:attachment":[{"href":"https:\/\/fmamiga909.com.ar\/index.php?rest_route=%2Fwp%2Fv2%2Fmedia&parent=12703"}],"wp:term":[{"taxonomy":"category","embeddable":true,"href":"https:\/\/fmamiga909.com.ar\/index.php?rest_route=%2Fwp%2Fv2%2Fcategories&post=12703"},{"taxonomy":"post_tag","embeddable":true,"href":"https:\/\/fmamiga909.com.ar\/index.php?rest_route=%2Fwp%2Fv2%2Ftags&post=12703"}],"curies":[{"name":"wp","href":"https:\/\/api.w.org\/{rel}","templated":true}]}}