{"id":12811,"date":"2024-01-26T19:07:34","date_gmt":"2024-01-26T19:07:34","guid":{"rendered":"https:\/\/fmamiga909.com.ar\/?p=12811"},"modified":"2024-01-26T19:07:34","modified_gmt":"2024-01-26T19:07:34","slug":"newells-debuto-con-un-triunfo-sobre-la-hora-ante-central-cordoba-en-la-vuelta-de-banega","status":"publish","type":"post","link":"https:\/\/fmamiga909.com.ar\/?p=12811","title":{"rendered":"Newell&#039;s debut\u00f3 con un triunfo sobre la hora ante Central C\u00f3rdoba en la vuelta de Banega"},"content":{"rendered":"<div>\n<figure class=\"mb-3\"><img decoding=\"async\" src=\"https:\/\/www.telam.com.ar\/thumbs\/bluesteel\/advf\/imagenes\/2024\/01\/65b30d5b4b7ca_1200.jpg\" class=\" lazy \" width=\"100%\" height=\"100%\" alt=\"Foto Emilio Rapetti\"\/><figcaption> Foto: Emilio Rapetti. <\/figcaption><\/figure>\n<p><strong>Newell&#8217;s Old Boys, con la vuelta de Ever Banega, super\u00f3 ag\u00f3nicamente a Central C\u00f3rdoba en Santiago del Estero por 1 a 0<\/strong>, en el debut de la zona B de la Copa de la Liga.<\/p>\n<p>El \u00fanico tanto lo hizo Giovani Chiaverano al cuarto minuto de descuento del segundo tiempo.<\/p>\n<p>El conjunto rosarino cont\u00f3 con el regreso de Banega tras varias temporadas en el f\u00fatbol del exterior. El mediocampista cumpli\u00f3, aunque se le not\u00f3 la falta de pretemporada y de roce en un f\u00fatbol f\u00edsico como el argentino.<\/p>\n<p>Newell&#8217;s mostr\u00f3 un juego arm\u00f3nico en el primer tiempo, siempre con Ever Banega como primer pase limpio y con el atrevimiento de Brian Aguirre en el ataque.<\/p>\n<p><figure class=\"mb-3\"><img decoding=\"async\" src=\"https:\/\/www.telam.com.ar\/thumbs\/bluesteel\/advf\/imagenes\/2024\/01\/65b30d5b6abfd_1200.jpg\" class=\" lazy \" width=\"100%\" height=\"100%\" alt=\"Foto Emilio Rapetti\"\/><figcaption> Foto: Emilio Rapetti. <\/figcaption><\/figure>\n<p>Por su parte, Central C\u00f3rdoba trat\u00f3 un f\u00fatbol directo que no le sali\u00f3, posiblemente por el debut de siete de sus 11 titulares, y eso enfureci\u00f3 constantemente al entrenador Abel Balbo.<\/p>\n<p>La situaci\u00f3n pol\u00e9mica se dio en la anulaci\u00f3n del 1-0 de Newell&#8217;s tras una falta inexistente de Ignacio Sch\u00f6r sobre el central uruguayo Federico Andueza, que perdi\u00f3 el duelo a\u00e9reo con claridad e incluso no reclam\u00f3 la falta que s\u00f3lo vio Luis Lobo Medina en campo y Jos\u00e9 Carreras no avis\u00f3 nada desde el VAR.<\/p>\n<p>Un pobre primer tiempo, con apenas situaciones vergonzosas ofensivas, devolvi\u00f3 un 0 a 0 cuando finaliz\u00f3. Lejos ambos de cumplir con las expectativas.<\/p>\n<p>En el complemento, Newell&#8217;s mereci\u00f3 mejor suerte en el inicio porque lo busc\u00f3 pero no lo supo definir cuando cont\u00f3 con las oportunidades para ponerse en ventaja.<\/p>\n<p>Sobre el cierre, un disparo de media distancia de Brian Aguirre, la figura de la magra noche santiague\u00f1a, pudo darle el triunfo a la visita pero Mat\u00edas Mansilla tuvo otros planes y ahog\u00f3 el grito de gol.<\/p>\n<p>Sin embargo, el juvenil Chiaverano sobre el cierre empuj\u00f3 una pelota para darle la merecida victoria a Newell&#8217;s.<\/p>\n<p><strong>S\u00edntesis\u00a0<\/strong><\/p>\n<p><strong>Central C\u00f3rdoba<\/strong>: Mat\u00edas Mansilla; Jos\u00e9 G\u00f3mez, Sebasti\u00e1n Valdez, Federico Andueza, Pablo Minissale, Lautaro Montoya; Thiago Nuss, Manuel Garc\u00eda, Walter Montoya, Mat\u00edas Godoy; Cristhian Ocampos. DT: Abel Balbo.<\/p>\n<p><strong>Newell\u2019s<\/strong>: Ramiro Macagno; Armando M\u00e9ndez, V\u00edctor Vel\u00e1zquez, Ian Glavinovich, \u00c1ngelo Martino; David Sotelo, Franco D\u00edaz , \u00c9ver Banega, Brian Aguirre; Ignacio Schor y Guillermo May. DT: Mauricio Larriera.<\/p>\n<p>Gol en el segundo tiempo: 45+4m. Chiaverano (N).<\/p>\n<p>Cambios en el segundo tiempo: Al comenzar, Harrinson Mancilla por Andueza <\/p>\n<blockquote class=\"quote\"><p>, 18m. Mateo Sanabria y Rodrigo Atencio por Nuss y Walter Montoya (C), 19m. Jer\u00f3nimo Cacciabue y Juan Ram\u00edrez por D\u00edaz y Sch\u00f6r (N), 34m. Giovani Chiaverano por Banega (N), 40m. Leonel Vangioni y Michael Jaime por May y Sotelo (N), y 45m. Enzo Kalinski por Garc\u00eda <\/p><\/blockquote>\n<p>.<\/p>\n<p>Amonestados: Mancilla, Valdez y Nuss (C); Martino, Jaime, Sch\u00f6r y D\u00edaz (N).<\/p>\n<p>Estadio: Alfredo Terrera (Central C\u00f3rdoba-Santiago del Estero), .<\/p>\n<p>\u00c1rbitro: Luis Lobo Medina.<\/p>\n<p>VAR: Jos\u00e9 Carreras.<\/p>\n<p><iframe loading=\"lazy\" src=\"https:\/\/estdeportes.telam.com.ar\/html\/v3\/minapp\/modules\/futbol\/gamecast\/gamecast.html?channel=deportes.futbol.copalpf.2643360&amp;lang=es_LA&amp;page=gamecast&amp;hidePagesMenu=true\" width=\"100%\" height=\"1150\" scrolling=\"auto\" style=\"width: 1px; min-width: 100%; *width: 100%;\" class=\"\"><\/iframe><\/p>\n<\/div>\n<p><script async defer crossorigin=\"anonymous\" src=\"https:\/\/connect.facebook.net\/es_LA\/sdk.js#xfbml=1&#038;version=v12.0\" nonce=\"SBlHQzIF\"><\/script><br \/><a href=\"https:\/\/www.telam.com.ar\/notas\/202401\/653391-futbol-copa-liga-central-cordoba-santiago-del-estero-newells.html\">source<\/a><\/p>\n","protected":false},"excerpt":{"rendered":"<p>Foto: Emilio Rapetti. Newell&#8217;s Old Boys, con la vuelta de Ever Banega, super\u00f3 ag\u00f3nicamente a&#8230;<\/p>\n","protected":false},"author":3,"featured_media":12812,"comment_status":"closed","ping_status":"closed","sticky":false,"template":"","format":"standard","meta":{"footnotes":""},"categories":[21],"tags":[],"class_list":["post-12811","post","type-post","status-publish","format-standard","has-post-thumbnail","hentry","category-deportes"],"featured_image_urls":{"full":["https:\/\/fmamiga909.com.ar\/wp-content\/uploads\/2024\/01\/wp-header-logo-194.png",1200,675,false],"thumbnail":["https:\/\/fmamiga909.com.ar\/wp-content\/uploads\/2024\/01\/wp-header-logo-194-150x150.png",150,150,true],"medium":["https:\/\/fmamiga909.com.ar\/wp-content\/uploads\/2024\/01\/wp-header-logo-194-300x169.png",300,169,true],"medium_large":["https:\/\/fmamiga909.com.ar\/wp-content\/uploads\/2024\/01\/wp-header-logo-194.png",1200,675,false],"large":["https:\/\/fmamiga909.com.ar\/wp-content\/uploads\/2024\/01\/wp-header-logo-194-1024x576.png",640,360,true],"1536x1536":["https:\/\/fmamiga909.com.ar\/wp-content\/uploads\/2024\/01\/wp-header-logo-194.png",1200,675,false],"2048x2048":["https:\/\/fmamiga909.com.ar\/wp-content\/uploads\/2024\/01\/wp-header-logo-194.png",1200,675,false],"newsium-slider-full":["https:\/\/fmamiga909.com.ar\/wp-content\/uploads\/2024\/01\/wp-header-logo-194.png",1200,675,false],"newsium-featured":["https:\/\/fmamiga909.com.ar\/wp-content\/uploads\/2024\/01\/wp-header-logo-194-1024x576.png",1024,576,true],"newsium-medium":["https:\/\/fmamiga909.com.ar\/wp-content\/uploads\/2024\/01\/wp-header-logo-194-720x475.png",720,475,true]},"author_info":{"display_name":"Fredy Giuliano","author_link":"https:\/\/fmamiga909.com.ar\/?author=3"},"category_info":"<a href=\"https:\/\/fmamiga909.com.ar\/?cat=21\" rel=\"category\">Deportes<\/a>","tag_info":"Deportes","comment_count":"0","_links":{"self":[{"href":"https:\/\/fmamiga909.com.ar\/index.php?rest_route=\/wp\/v2\/posts\/12811","targetHints":{"allow":["GET"]}}],"collection":[{"href":"https:\/\/fmamiga909.com.ar\/index.php?rest_route=\/wp\/v2\/posts"}],"about":[{"href":"https:\/\/fmamiga909.com.ar\/index.php?rest_route=\/wp\/v2\/types\/post"}],"author":[{"embeddable":true,"href":"https:\/\/fmamiga909.com.ar\/index.php?rest_route=\/wp\/v2\/users\/3"}],"replies":[{"embeddable":true,"href":"https:\/\/fmamiga909.com.ar\/index.php?rest_route=%2Fwp%2Fv2%2Fcomments&post=12811"}],"version-history":[{"count":0,"href":"https:\/\/fmamiga909.com.ar\/index.php?rest_route=\/wp\/v2\/posts\/12811\/revisions"}],"wp:featuredmedia":[{"embeddable":true,"href":"https:\/\/fmamiga909.com.ar\/index.php?rest_route=\/wp\/v2\/media\/12812"}],"wp:attachment":[{"href":"https:\/\/fmamiga909.com.ar\/index.php?rest_route=%2Fwp%2Fv2%2Fmedia&parent=12811"}],"wp:term":[{"taxonomy":"category","embeddable":true,"href":"https:\/\/fmamiga909.com.ar\/index.php?rest_route=%2Fwp%2Fv2%2Fcategories&post=12811"},{"taxonomy":"post_tag","embeddable":true,"href":"https:\/\/fmamiga909.com.ar\/index.php?rest_route=%2Fwp%2Fv2%2Ftags&post=12811"}],"curies":[{"name":"wp","href":"https:\/\/api.w.org\/{rel}","templated":true}]}}