{"id":12815,"date":"2024-01-27T01:13:53","date_gmt":"2024-01-27T01:13:53","guid":{"rendered":"https:\/\/fmamiga909.com.ar\/?p=12815"},"modified":"2024-01-27T01:13:53","modified_gmt":"2024-01-27T01:13:53","slug":"san-lorenzo-pone-en-marcha-su-ilusion-ante-lanus","status":"publish","type":"post","link":"https:\/\/fmamiga909.com.ar\/?p=12815","title":{"rendered":"San Lorenzo pone en marcha su ilusi\u00f3n ante Lan\u00fas"},"content":{"rendered":"<div>\n<figure class=\"mb-3\"><img decoding=\"async\" src=\"https:\/\/www.telam.com.ar\/thumbs\/bluesteel\/advf\/imagenes\/2023\/11\/65651d4b0f4a6_1200.jpg\" class=\" lazy \" width=\"100%\" height=\"100%\" alt=\"Foto Alfredo Luna archivo\"\/><figcaption> Foto: Alfredo Luna (archivo). <\/figcaption><\/figure>\n<p><strong>San Lorenzo<\/strong> debutar\u00e1 este s\u00e1bado en la Copa de la Liga Profesional 2024 como local de <strong>Lan\u00fas<\/strong>, en el inicio de una temporada en la que aspira a pelear por un t\u00edtulo despu\u00e9s de un per\u00edodo de p\u00e9rdida de protagonismo por sus problemas institucionales.<\/p>\n<p>El partido en el Nuevo Gas\u00f3metro comenzar\u00e1 a las 17:00 con arbitraje de Fernando Echenique y transmisi\u00f3n de TNT Sports.<\/p>\n<p>Con el nuevo presidente, <strong>Marcelo Moretti<\/strong>, el club recuper\u00f3 legitimidad de representaci\u00f3n tras la prematura salida de su antecesor, Marcelo Tinelli, y se embarc\u00f3 en un nuevo proyecto deportivo que seguir\u00e1 al mando de un \u00eddolo de la casa: <strong>Rub\u00e9n Dar\u00edo Ins\u00faa<\/strong>.<\/p>\n<p>El \u00abGallego\u00bb, indiscutido por los resultados conseguidos en adversas condiciones institucionales, renov\u00f3 su contrato por dos a\u00f1os y ahora dispone un plantel con mayor recambio, aunque con la baja de piezas vitales de la campa\u00f1a anterior.<\/p>\n<p>Ya no est\u00e1n el arquero Augusto Batalla, los defensores Rafael P\u00e9rez y Gast\u00f3n Hern\u00e1ndez, el mediocampista Jalil El\u00edas y otros elementos en los que se apoy\u00f3 el t\u00e9cnico para alcanzar las semifinales de la Copa Argentina 2023 y lograr la clasificaci\u00f3n a la Copa Libertadores de este a\u00f1o.<\/p>\n<blockquote class=\"twitter-tweet\">\n<p lang=\"es\" dir=\"ltr\">\ud83c\udf99\ufe0f Conferencia de Ricardo Zielinski en la previa al partido contra San Lorenzo de Almagro: <a href=\"https:\/\/t.co\/5Kutf9ZL29\">https:\/\/t.co\/5Kutf9ZL29<\/a> <a href=\"https:\/\/t.co\/Rs43ne4rdC\">pic.twitter.com\/Rs43ne4rdC<\/a><\/p>\n<p>\u2014 Club Lan\u00fas (@clublanus) <a href=\"https:\/\/twitter.com\/clublanus\/status\/1750897837695541394?ref_src=twsrc%5Etfw\">January 26, 2024<\/a><\/p><\/blockquote>\n<p> San Lorenzo consigui\u00f3 m\u00e1s de media docena de refuerzos (<strong>Eric Remedi, Iv\u00e1n Tapia, Cristian Ferreira y Cristian Tarragona<\/strong>, lo m\u00e1s destacados), que a 24 horas del debut todav\u00eda no ten\u00eda certeza de poder utilizar por una inhibici\u00f3n de FIFA derivada de una deuda salarial con el exfutbolista del club Yeison Gordillo.<\/p>\n<p>\u00abHay tr\u00e1mites para que eso suceda (la habilitaci\u00f3n de los refuerzos) y tenemos tiempo hasta esta noche\u00bb, confi\u00f3 Ins\u00faa, que prob\u00f3 una formaci\u00f3n con tres caras nuevas: el defensor colombiano Jhohan Roma\u00f1a, Ferreira y Tarragona.<\/p>\n<p>Para el debut no estar\u00e1 desde el inicio el goleador paraguayo Adam Bareiro, ausente de los \u00faltimos entrenamientos por motivos personales (fue pap\u00e1 recientemente) y expectante sobre una posible venta al Athletico Paranaense de Brasil.<\/p>\n<p>Lan\u00fas, dirigido por <strong>Ricardo Zielinski<\/strong>, tambi\u00e9n buscar\u00e1 recuperar el protagonismo perdido, sin desatender la tabla de los promedios, en la que se ubica \u00faltimo entre los equipos con recorrido acumulado en la primera divisi\u00f3n.<\/p>\n<p>El \u00abGranate\u00bb (93 puntos) s\u00f3lo est\u00e1 por encima de los recien ascendidos, Independiente Rivadavia de Mendoza y Deportivo Riestra, por lo que necesitar\u00e1 sumar para evitar riesgos con el descenso como sucedi\u00f3 en las \u00faltimas temporadas.<\/p>\n<p><iframe loading=\"lazy\" src=\"https:\/\/estdeportes.telam.com.ar\/html\/v3\/minapp\/modules\/futbol\/gamecast\/gamecast.html?channel=deportes.futbol.copalpf.2643357&amp;lang=es_LA&amp;page=gamecast&amp;hidePagesMenu=true\" width=\"100%\" height=\"1150\" scrolling=\"auto\" style=\"width: 1px; min-width: 100%; *width: 100%;\" class=\"\"><\/iframe> <\/p>\n<\/div>\n<p><script async src=\"\/\/platform.twitter.com\/widgets.js\" charset=\"utf-8\"><\/script><script async defer crossorigin=\"anonymous\" src=\"https:\/\/connect.facebook.net\/es_LA\/sdk.js#xfbml=1&#038;version=v12.0\" nonce=\"SBlHQzIF\"><\/script><br \/><a href=\"https:\/\/www.telam.com.ar\/notas\/202401\/653578-san-lorenzo-lanus-copa-liga-profesional-futbol.html\">source<\/a><\/p>\n","protected":false},"excerpt":{"rendered":"<p>Foto: Alfredo Luna (archivo). San Lorenzo debutar\u00e1 este s\u00e1bado en la Copa de la Liga&#8230;<\/p>\n","protected":false},"author":3,"featured_media":12816,"comment_status":"closed","ping_status":"closed","sticky":false,"template":"","format":"standard","meta":{"footnotes":""},"categories":[21],"tags":[],"class_list":["post-12815","post","type-post","status-publish","format-standard","has-post-thumbnail","hentry","category-deportes"],"featured_image_urls":{"full":["https:\/\/fmamiga909.com.ar\/wp-content\/uploads\/2024\/01\/wp-header-logo-196.png",1200,675,false],"thumbnail":["https:\/\/fmamiga909.com.ar\/wp-content\/uploads\/2024\/01\/wp-header-logo-196-150x150.png",150,150,true],"medium":["https:\/\/fmamiga909.com.ar\/wp-content\/uploads\/2024\/01\/wp-header-logo-196-300x169.png",300,169,true],"medium_large":["https:\/\/fmamiga909.com.ar\/wp-content\/uploads\/2024\/01\/wp-header-logo-196.png",1200,675,false],"large":["https:\/\/fmamiga909.com.ar\/wp-content\/uploads\/2024\/01\/wp-header-logo-196-1024x576.png",640,360,true],"1536x1536":["https:\/\/fmamiga909.com.ar\/wp-content\/uploads\/2024\/01\/wp-header-logo-196.png",1200,675,false],"2048x2048":["https:\/\/fmamiga909.com.ar\/wp-content\/uploads\/2024\/01\/wp-header-logo-196.png",1200,675,false],"newsium-slider-full":["https:\/\/fmamiga909.com.ar\/wp-content\/uploads\/2024\/01\/wp-header-logo-196.png",1200,675,false],"newsium-featured":["https:\/\/fmamiga909.com.ar\/wp-content\/uploads\/2024\/01\/wp-header-logo-196-1024x576.png",1024,576,true],"newsium-medium":["https:\/\/fmamiga909.com.ar\/wp-content\/uploads\/2024\/01\/wp-header-logo-196-720x475.png",720,475,true]},"author_info":{"display_name":"Fredy Giuliano","author_link":"https:\/\/fmamiga909.com.ar\/?author=3"},"category_info":"<a href=\"https:\/\/fmamiga909.com.ar\/?cat=21\" rel=\"category\">Deportes<\/a>","tag_info":"Deportes","comment_count":"0","_links":{"self":[{"href":"https:\/\/fmamiga909.com.ar\/index.php?rest_route=\/wp\/v2\/posts\/12815","targetHints":{"allow":["GET"]}}],"collection":[{"href":"https:\/\/fmamiga909.com.ar\/index.php?rest_route=\/wp\/v2\/posts"}],"about":[{"href":"https:\/\/fmamiga909.com.ar\/index.php?rest_route=\/wp\/v2\/types\/post"}],"author":[{"embeddable":true,"href":"https:\/\/fmamiga909.com.ar\/index.php?rest_route=\/wp\/v2\/users\/3"}],"replies":[{"embeddable":true,"href":"https:\/\/fmamiga909.com.ar\/index.php?rest_route=%2Fwp%2Fv2%2Fcomments&post=12815"}],"version-history":[{"count":0,"href":"https:\/\/fmamiga909.com.ar\/index.php?rest_route=\/wp\/v2\/posts\/12815\/revisions"}],"wp:featuredmedia":[{"embeddable":true,"href":"https:\/\/fmamiga909.com.ar\/index.php?rest_route=\/wp\/v2\/media\/12816"}],"wp:attachment":[{"href":"https:\/\/fmamiga909.com.ar\/index.php?rest_route=%2Fwp%2Fv2%2Fmedia&parent=12815"}],"wp:term":[{"taxonomy":"category","embeddable":true,"href":"https:\/\/fmamiga909.com.ar\/index.php?rest_route=%2Fwp%2Fv2%2Fcategories&post=12815"},{"taxonomy":"post_tag","embeddable":true,"href":"https:\/\/fmamiga909.com.ar\/index.php?rest_route=%2Fwp%2Fv2%2Ftags&post=12815"}],"curies":[{"name":"wp","href":"https:\/\/api.w.org\/{rel}","templated":true}]}}