{"id":12819,"date":"2024-01-27T11:22:57","date_gmt":"2024-01-27T11:22:57","guid":{"rendered":"https:\/\/fmamiga909.com.ar\/?p=12819"},"modified":"2024-01-27T11:22:57","modified_gmt":"2024-01-27T11:22:57","slug":"demichelis-trabajo-fuerte-con-los-chicos-que-pueden-debutar-el-domingo","status":"publish","type":"post","link":"https:\/\/fmamiga909.com.ar\/?p=12819","title":{"rendered":"Demichelis trabaj\u00f3 fuerte con los chicos que pueden debutar el domingo"},"content":{"rendered":"<div>\n<figure class=\"mb-3\"><img decoding=\"async\" src=\"https:\/\/www.telam.com.ar\/thumbs\/bluesteel\/advf\/imagenes\/editadas\/63d9426760f88_1200.jpg\" class=\" lazy \" width=\"100%\" height=\"100%\" alt=\"Demichelis en el entrenamiento de River \"\/><figcaption> Demichelis en el entrenamiento de River <\/figcaption><\/figure>\n<p> El entrenador de River Plate, Mart\u00edn Demichelis, trabaj\u00f3 fuerte con los juveniles Franco Mastantuono, Ian Subiabre y Agust\u00edn Ruberto, quienes pueden debutar el domingo en el inicio de la Copa de la Liga ante Argentinos Juniors.<\/p>\n<p>A causa de las lesiones y las ausencias por el Preol\u00edmpico Sub 23, <strong>Demichelis cerr\u00f3 la semana de entrenamientos siguiendo de cerca a los chicos de inferiores que ir\u00e1n al banco de suplentes con mucha chances de ingresar en el segundo tiempo.<\/strong><\/p>\n<p><strong>Mastantuono, una de las sorpresas de la pretemporada jugando ante Monterrey y Pachuca, tiene s\u00f3lo 16 a\u00f1os<\/strong> y podr\u00eda ser el recambio de Esequiel Barco, que est\u00e1 jugando de enganche detr\u00e1s de los delanteros.<\/p>\n<p>El juvenil zurdo, que reci\u00e9n el a\u00f1o pasado subi\u00f3 a reserva desde la s\u00e9ptima divisi\u00f3n y sorprendi\u00f3 en el Mundial Sub 17, podr\u00eda entrar en la historia de River por ser -junto a Daniel Keko Villalva- de los m\u00e1s j\u00f3venes en debutar en la Primera.<\/p>\n<p>Con una cl\u00e1usula de salida de 30 millones de d\u00f3lares y contrato firmado hasta el 2025, <strong>Mastantuono sorprendi\u00f3 al entrenador durante la pretemporada por su capacidad f\u00edsica a pesar de la edad<\/strong> y por la inteligencia para moverse en los entrenamientos que lo llevaron a jugar 27 minutos contra Monterrey y 19 ante Pachuca.<\/p>\n<blockquote class=\"twitter-tweet\">\n<p lang=\"fr\" dir=\"ltr\">\ud835\udc6d\ud835\udc93\ud835\udc82\ud835\udc8f\ud835\udc84\ud835\udc90\ud83d\udca5 <a href=\"https:\/\/t.co\/KB4V9To0IU\">pic.twitter.com\/KB4V9To0IU<\/a><\/p>\n<p>\u2014 River Plate (@RiverPlate) <a href=\"https:\/\/twitter.com\/RiverPlate\/status\/1750617309784187388?ref_src=twsrc%5Etfw\">January 25, 2024<\/a><\/p><\/blockquote>\n<p><strong>El delantero Ruberto, de 18 a\u00f1os y goleador del Mundial Sub 17 en Indonesia, puede ser la alternativa de Miguel Borja,<\/strong> tal como sucedi\u00f3 en los 90 minutos del amistoso frente a Monterrey -cuando el colombiano no pudo jugar por estar lesionado- y en los 3 minutos ante Pachuca.<\/p>\n<p>Ruberto subi\u00f3 a trabajar con la Primera cuando regres\u00f3 del Mundial Sub 17 a fines del a\u00f1o pasado y viaj\u00f3 a C\u00f3rdoba para jugar frente a Central en la Copa de la Liga pasada pero qued\u00f3 fuera del banco de suplentes.<\/p>\n<p>Por su parte, ante los sondeos que se generaron luego de la gran actuaci\u00f3n en el Mundial de su categor\u00eda, la dirigencia le renov\u00f3 contrato a inicios de este a\u00f1o hasta diciembre del 2027 con una cl\u00e1usula de salida de 30 millones de d\u00f3lares.<\/p>\n<p>Por \u00faltimo, <strong>Subiabre, otra de las revelaciones del Sub 17 en noviembre del 2023, podr\u00eda ser alternativa de enganche, de volante interior o de segunda punta por afuera<\/strong> en lugar de Facundo Colidio o Ignacio Fern\u00e1ndez.<\/p>\n<p>Durante la pretemporada jug\u00f3 s\u00f3lo un partido, en el primero, cuando sum\u00f3 una decena de minutos frente a Monterrey por Barco. En el segundo ante Pachuca no sali\u00f3 del banco de suplentes.<\/p>\n<p><strong>Subiabre, que tiene 17 a\u00f1os y hace dos temporadas lleg\u00f3 desde la CAI de Comodoro Rivadavia,<\/strong> renov\u00f3 su contrato con River hasta el 31 de diciembre de 2026 con cl\u00e1usula de salida de 25 millones de d\u00f3lares.<\/p>\n<p><strong>Los otros chicos que trabajan con el plantel son Daniel Zabala que es defensor pero en esa zona el equipo tiene a David Mart\u00ednez y Ramiro Funes Mori como alternativas y el volante Tob\u00edas Leiva<\/strong>, que sufri\u00f3 un golpe en la rodilla ante Pachuca.<\/p>\n<p>Con este panorama, el equipo se entren\u00f3 este viernes por la ma\u00f1ana en el predio de Ezeiza con <strong>el equipo que est\u00e1 casi confirmado con el ingreso de Rodrigo Aliendro por Manuel Lanzini<\/strong>, desgarrado, en relaci\u00f3n al equipo que arranc\u00f3 jugando con Pachuca.<\/p>\n<blockquote class=\"twitter-tweet\">\n<p lang=\"es\" dir=\"ltr\">Rueda la \u26bd en el River Camp. <\/p>\n<p>\ud83d\udd1c\ud83c\udfdf\ufe0f Cada vez m\u00e1s cerca. <a href=\"https:\/\/t.co\/SALhiZhxZM\">pic.twitter.com\/SALhiZhxZM<\/a><\/p>\n<p>\u2014 River Plate (@RiverPlate) <a href=\"https:\/\/twitter.com\/RiverPlate\/status\/1750595434123280599?ref_src=twsrc%5Etfw\">January 25, 2024<\/a><\/p><\/blockquote>\n<p>As\u00ed, frente a Argentinos, los 11 ser\u00edan: Franco Armani, Andr\u00e9s Herrera, Leandro Gonz\u00e1lez P\u00edrez, Paulo D\u00edaz y Enzo D\u00edaz;Mat\u00edas Kranevitter, Ignacio Fern\u00e1ndez, Aliendro y Esequiel Barco; Facundo Colidio y Miguel Borja.<\/p>\n<p>Adem\u00e1s, para completar el banco se suman los arqueros Ezequiel Centuri\u00f3n y Santiago Beltr\u00e1n, los defensores Funes Mori y David Mart\u00ednez y los volantes Agust\u00edn Palavecino junto al uruguayo Nicol\u00e1s Fonseca.<\/p>\n<p>De todos modos, <strong>la lista de los que van a quedar concentrados el s\u00e1bado por la tarde en el M\u00e1s Monumental se conocer\u00e1 luego del \u00faltimo entrenamiento<\/strong>, en el que el entrenador realizar\u00e1 los trabajos finales de cara al debut en la Copa de la Liga.<\/p>\n<p>Los jugadores llevaron a cabo una rutina t\u00e1ctica con pelota este viernes por la ma\u00f1ana. Siguieron con tareas diferenciadas los lesionados Santiago Sim\u00f3n (con una fractura en la mano), Lanzini por su desgarro y Milton Casco en la etapa final de su recuperaci\u00f3n por la operaci\u00f3n de meniscos.<\/p>\n<h2 class=\"\">C\u00f3mo sigue el calendario \u00abMillonario\u00bb<\/h2>\n<p>\u00a0<strong>El equipo regresa al trabajo el s\u00e1bado de cara al partido del domingo <\/strong>pero con la mente puesta en la seguidilla de fechas que incluyen la del mi\u00e9rcoles que viene ante Barracas Central de visita y la del domingo siguiente cuando reciba a V\u00e9lez.<\/p>\n<p>Adem\u00e1s, se confirm\u00f3 que <strong>River Plate debutar\u00e1 en la Copa Argentina 2014 ante Excursionistas<\/strong>, de la Primera B Metropolitana, el mi\u00e9rcoles 7 de febrero a las 21:45 en el estadio Brigadier Estanislao L\u00f3pez de Col\u00f3n de Santa Fe.<\/p>\n<p>El \u00abMillonario\u00bb, ganador de las ediciones 2016, 2017 y 2019 en el ciclo de Marcelo Gallardo, disputar\u00e1 ese encuentro tres d\u00edas m\u00e1s tarde de recibir a V\u00e9lez Sarsfield por la tercera fecha de la Copa de la Liga y cuatro d\u00edas antes de visitar al ascendido Deportivo Riestra.<\/p>\n<p>En caso de pasar de ronda, el equipo de Mart\u00edn Demichelis esperar\u00e1 en 16vos. de final por el vencedor de Sarmiento de Jun\u00edn y Temperley, que todav\u00eda no fue programado.<\/p>\n<p>La primera ronda de la Copa Argentina comenz\u00f3 anoche con la goleada de Estudiantes de La Plata, vigente campe\u00f3n, ante Argentino de Monte Ma\u00edz (3-0).<\/p>\n<p>Continuar\u00e1 el martes 6 con Gimnasia (La Plata)-Centro Espa\u00f1ol a las 17:45 en el estadio de Quilmes y el mi\u00e9rcoles con otros dos encuentros al margen de River: Deportivo Riestra-Comunicaciones (17:00 en Temperley) y Belgrano de C\u00f3rdoba-Mitre de Santiago del Estero (19:15 en Jun\u00edn).<\/p>\n<\/div>\n<p><script async src=\"\/\/platform.twitter.com\/widgets.js\" charset=\"utf-8\"><\/script><script async defer crossorigin=\"anonymous\" src=\"https:\/\/connect.facebook.net\/es_LA\/sdk.js#xfbml=1&#038;version=v12.0\" nonce=\"SBlHQzIF\"><\/script><br \/><a href=\"https:\/\/www.telam.com.ar\/notas\/202401\/653583-futbol-river-trabajos-demichelis-franco-mastantuono-ian-subiabre-agustin-ruberto.html\">source<\/a><\/p>\n","protected":false},"excerpt":{"rendered":"<p>Demichelis en el entrenamiento de River El entrenador de River Plate, Mart\u00edn Demichelis, trabaj\u00f3 fuerte&#8230;<\/p>\n","protected":false},"author":3,"featured_media":12820,"comment_status":"closed","ping_status":"closed","sticky":false,"template":"","format":"standard","meta":{"footnotes":""},"categories":[21],"tags":[],"class_list":["post-12819","post","type-post","status-publish","format-standard","has-post-thumbnail","hentry","category-deportes"],"featured_image_urls":{"full":["https:\/\/fmamiga909.com.ar\/wp-content\/uploads\/2024\/01\/wp-header-logo-198.png",900,506,false],"thumbnail":["https:\/\/fmamiga909.com.ar\/wp-content\/uploads\/2024\/01\/wp-header-logo-198-150x150.png",150,150,true],"medium":["https:\/\/fmamiga909.com.ar\/wp-content\/uploads\/2024\/01\/wp-header-logo-198-300x169.png",300,169,true],"medium_large":["https:\/\/fmamiga909.com.ar\/wp-content\/uploads\/2024\/01\/wp-header-logo-198.png",900,506,false],"large":["https:\/\/fmamiga909.com.ar\/wp-content\/uploads\/2024\/01\/wp-header-logo-198.png",640,360,false],"1536x1536":["https:\/\/fmamiga909.com.ar\/wp-content\/uploads\/2024\/01\/wp-header-logo-198.png",900,506,false],"2048x2048":["https:\/\/fmamiga909.com.ar\/wp-content\/uploads\/2024\/01\/wp-header-logo-198.png",900,506,false],"newsium-slider-full":["https:\/\/fmamiga909.com.ar\/wp-content\/uploads\/2024\/01\/wp-header-logo-198.png",900,506,false],"newsium-featured":["https:\/\/fmamiga909.com.ar\/wp-content\/uploads\/2024\/01\/wp-header-logo-198.png",900,506,false],"newsium-medium":["https:\/\/fmamiga909.com.ar\/wp-content\/uploads\/2024\/01\/wp-header-logo-198-720x475.png",720,475,true]},"author_info":{"display_name":"Fredy Giuliano","author_link":"https:\/\/fmamiga909.com.ar\/?author=3"},"category_info":"<a href=\"https:\/\/fmamiga909.com.ar\/?cat=21\" rel=\"category\">Deportes<\/a>","tag_info":"Deportes","comment_count":"0","_links":{"self":[{"href":"https:\/\/fmamiga909.com.ar\/index.php?rest_route=\/wp\/v2\/posts\/12819","targetHints":{"allow":["GET"]}}],"collection":[{"href":"https:\/\/fmamiga909.com.ar\/index.php?rest_route=\/wp\/v2\/posts"}],"about":[{"href":"https:\/\/fmamiga909.com.ar\/index.php?rest_route=\/wp\/v2\/types\/post"}],"author":[{"embeddable":true,"href":"https:\/\/fmamiga909.com.ar\/index.php?rest_route=\/wp\/v2\/users\/3"}],"replies":[{"embeddable":true,"href":"https:\/\/fmamiga909.com.ar\/index.php?rest_route=%2Fwp%2Fv2%2Fcomments&post=12819"}],"version-history":[{"count":0,"href":"https:\/\/fmamiga909.com.ar\/index.php?rest_route=\/wp\/v2\/posts\/12819\/revisions"}],"wp:featuredmedia":[{"embeddable":true,"href":"https:\/\/fmamiga909.com.ar\/index.php?rest_route=\/wp\/v2\/media\/12820"}],"wp:attachment":[{"href":"https:\/\/fmamiga909.com.ar\/index.php?rest_route=%2Fwp%2Fv2%2Fmedia&parent=12819"}],"wp:term":[{"taxonomy":"category","embeddable":true,"href":"https:\/\/fmamiga909.com.ar\/index.php?rest_route=%2Fwp%2Fv2%2Fcategories&post=12819"},{"taxonomy":"post_tag","embeddable":true,"href":"https:\/\/fmamiga909.com.ar\/index.php?rest_route=%2Fwp%2Fv2%2Ftags&post=12819"}],"curies":[{"name":"wp","href":"https:\/\/api.w.org\/{rel}","templated":true}]}}