{"id":12833,"date":"2024-01-28T05:44:29","date_gmt":"2024-01-28T05:44:29","guid":{"rendered":"https:\/\/fmamiga909.com.ar\/?p=12833"},"modified":"2024-01-28T05:44:29","modified_gmt":"2024-01-28T05:44:29","slug":"insua-no-puede-asegurar-que-adam-bareiro-siga-en-san-lorenzo","status":"publish","type":"post","link":"https:\/\/fmamiga909.com.ar\/?p=12833","title":{"rendered":"Ins\u00faa no puede asegurar que Adam Bareiro siga en San Lorenzo"},"content":{"rendered":"<div>\n<figure class=\"mb-3\"><img decoding=\"async\" src=\"https:\/\/www.telam.com.ar\/thumbs\/bluesteel\/advf\/imagenes\/2024\/01\/65b3d5ebd90b0_1200.jpg\" class=\" lazy \" width=\"100%\" height=\"100%\" alt=\"Foto Alejandro Santa Cruz\"\/><figcaption> Foto: Alejandro Santa Cruz <\/figcaption><\/figure>\n<p><strong>El DT de San Lorenzo<\/strong>, Rub\u00e9n Dar\u00edo Ins\u00faa,<strong> puso en duda que el goleador paraguayo y referente del equipo, Adam Bareiro, contin\u00fae en el club para la temporada <\/strong>que se iniciar\u00e1 este s\u00e1bado, <strong>despu\u00e9s de las negociaciones comenzadas con Atl\u00e9tico Paranaense de Brasil.<\/strong><\/p>\n<p>El entrenador no lo ubicar\u00e1 en el equipo titular que debutar\u00e1 ante Lan\u00fas en la Copa de la Liga y aguardar\u00e1 la definici\u00f3n del futuro del futbolista, quien le comunic\u00f3 a la dirigencia del club su deseo de salir por una deuda contractual acumulada en 2023.<\/p>\n<p>\u00abNo lo puedo asegurar\u00bb, admiti\u00f3 Ins\u00faa en rueda de prensa en la Ciudad Deportiva cuando fue consultado por la permanencia de Bareiro, m\u00e1ximo anotador de San Lorenzo el a\u00f1o pasado.<\/p>\n<p>El futbolista del seleccionado \u00abguaran\u00ed\u00bb tampoco tiene garantizada su presencia en el banco de suplentes en el primer partido del a\u00f1o ya que fue padre en las \u00faltimas 48 horas, mientras se tramitaba la posibilidad de pase al f\u00fatbol brasile\u00f1o.<\/p>\n<p><figure class=\"mb-3\"><img decoding=\"async\" src=\"https:\/\/www.telam.com.ar\/thumbs\/bluesteel\/advf\/imagenes\/2024\/01\/65b3d5ec00a57_1200.jpg\" class=\" lazy \" width=\"100%\" height=\"100%\" alt=\"Foto Alejandro Santa Cruz\"\/><figcaption> Foto: Alejandro Santa Cruz <\/figcaption><\/figure>\n<p>\u00abVeremos como est\u00e1, si est\u00e1 tranquilo. Hace 10 d\u00edas que no entrena. Naci\u00f3 su hijita hace dos d\u00edas y por suerte sali\u00f3 todo bien despu\u00e9s de algunas complicaciones\u00bb, coment\u00f3 el entrenador de San Lorenzo.<\/p>\n<p>\u00abVan a arrancar jugando los que est\u00e9n en las mejores condiciones, quienes tengan acumulada la mayor cantidad de entrenamientos desde el 3 de enero y que adem\u00e1s est\u00e9n adaptados al sistema de juego\u00bb, expuso Ins\u00faa, tambi\u00e9n como explicaci\u00f3n de la ausencia de Eric Remedi, una de las incorporaciones del presente mercado.<\/p>\n<p>Por segundo d\u00eda consecutivo, Ins\u00faa prob\u00f3 con Facundo Altamirano; Jhohan Roma\u00f1a, Carlos S\u00e1nchez y Gast\u00f3n Campi; Agust\u00edn Giay, Manuel Insaurralde, Eli\u00e1n Irala y Malcom Braida; Cristian Ferreira; Cristian Tarragona y Nahuel Barrios.<\/p>\n<p><strong>El t\u00e9cnico tampoco contar\u00e1 con el marcador central Gast\u00f3n Hern\u00e1ndez, cuya venta al Olympiakos de Grecia qued\u00f3 en un impase por diferencias en la negociaci\u00f3n<\/strong>. \u00abNo s\u00e9 nada de Hern\u00e1ndez, no s\u00e9 si viaj\u00f3, si est\u00e1 en Roma o en Madrid\u00bb, avis\u00f3 con humor.<\/p>\n<p><figure class=\"mb-3\"><img decoding=\"async\" src=\"https:\/\/www.telam.com.ar\/thumbs\/bluesteel\/advf\/imagenes\/2024\/01\/65b3d5ec1e247_1200.jpg\" class=\" lazy \" width=\"100%\" height=\"100%\" alt=\"Foto Alejandro Santa Cruz\"\/><figcaption> Foto: Alejandro Santa Cruz <\/figcaption><\/figure>\n<p>Al repasar el mercado de pases de San Lorenzo, el \u00abGallego\u00bb explic\u00f3 que San Lorenzo tuvo que \u00abcambiar la estrategia inicial que era mantener la base del plantel anterior\u00bb debido a los problemas de \u00abembargos, inhibicaciones y juicios\u00bb que afront\u00f3 la nueva dirigencia al asumir el club en diciembre pasado.<\/p>\n<p>\u00abDe los jugadores que hab\u00edamos pedido, \u00c1ngel Romero, (Santiago) Solari, (Agust\u00edn) Palavecino y (Cristian) Ferreira, s\u00f3lo pudo llegar el \u00faltimo. Adem\u00e1s se fueron otros que quer\u00edamos mantener: (Augusto) Batalla, Rafa P\u00e9rez y Hern\u00e1ndez. Tuvimos que reconfigurar el plantel. Ahora buscamos un delantero m\u00e1s porque s\u00f3lo qued\u00f3 Bareiro y llego (Cristian) Tarragona\u00bb, apunt\u00f3.<\/p>\n<p>Por \u00faltimo, Ins\u00faa confi\u00f3 en el levantamiento de la inhibici\u00f3n impuesta por FIFA para utilizar a los refuerzos en el inicio de la Copa de la Liga: \u00abHay tr\u00e1mites para que eso suceda y tenemos tiempo hasta esta noche\u00bb. <\/p>\n<\/div>\n<p><script async defer crossorigin=\"anonymous\" src=\"https:\/\/connect.facebook.net\/es_LA\/sdk.js#xfbml=1&#038;version=v12.0\" nonce=\"SBlHQzIF\"><\/script><br \/><a href=\"https:\/\/www.telam.com.ar\/notas\/202401\/653572-futbol-san-lorenzo-ruben-insua-declaraciones-adam-barreiro-continuidad-club.html\">source<\/a><\/p>\n","protected":false},"excerpt":{"rendered":"<p>Foto: Alejandro Santa Cruz El DT de San Lorenzo, Rub\u00e9n Dar\u00edo Ins\u00faa, puso en duda&#8230;<\/p>\n","protected":false},"author":3,"featured_media":12834,"comment_status":"closed","ping_status":"closed","sticky":false,"template":"","format":"standard","meta":{"footnotes":""},"categories":[21],"tags":[],"class_list":["post-12833","post","type-post","status-publish","format-standard","has-post-thumbnail","hentry","category-deportes"],"featured_image_urls":{"full":["https:\/\/fmamiga909.com.ar\/wp-content\/uploads\/2024\/01\/wp-header-logo-205.png",1200,675,false],"thumbnail":["https:\/\/fmamiga909.com.ar\/wp-content\/uploads\/2024\/01\/wp-header-logo-205-150x150.png",150,150,true],"medium":["https:\/\/fmamiga909.com.ar\/wp-content\/uploads\/2024\/01\/wp-header-logo-205-300x169.png",300,169,true],"medium_large":["https:\/\/fmamiga909.com.ar\/wp-content\/uploads\/2024\/01\/wp-header-logo-205.png",1200,675,false],"large":["https:\/\/fmamiga909.com.ar\/wp-content\/uploads\/2024\/01\/wp-header-logo-205-1024x576.png",640,360,true],"1536x1536":["https:\/\/fmamiga909.com.ar\/wp-content\/uploads\/2024\/01\/wp-header-logo-205.png",1200,675,false],"2048x2048":["https:\/\/fmamiga909.com.ar\/wp-content\/uploads\/2024\/01\/wp-header-logo-205.png",1200,675,false],"newsium-slider-full":["https:\/\/fmamiga909.com.ar\/wp-content\/uploads\/2024\/01\/wp-header-logo-205.png",1200,675,false],"newsium-featured":["https:\/\/fmamiga909.com.ar\/wp-content\/uploads\/2024\/01\/wp-header-logo-205-1024x576.png",1024,576,true],"newsium-medium":["https:\/\/fmamiga909.com.ar\/wp-content\/uploads\/2024\/01\/wp-header-logo-205-720x475.png",720,475,true]},"author_info":{"display_name":"Fredy Giuliano","author_link":"https:\/\/fmamiga909.com.ar\/?author=3"},"category_info":"<a href=\"https:\/\/fmamiga909.com.ar\/?cat=21\" rel=\"category\">Deportes<\/a>","tag_info":"Deportes","comment_count":"0","_links":{"self":[{"href":"https:\/\/fmamiga909.com.ar\/index.php?rest_route=\/wp\/v2\/posts\/12833","targetHints":{"allow":["GET"]}}],"collection":[{"href":"https:\/\/fmamiga909.com.ar\/index.php?rest_route=\/wp\/v2\/posts"}],"about":[{"href":"https:\/\/fmamiga909.com.ar\/index.php?rest_route=\/wp\/v2\/types\/post"}],"author":[{"embeddable":true,"href":"https:\/\/fmamiga909.com.ar\/index.php?rest_route=\/wp\/v2\/users\/3"}],"replies":[{"embeddable":true,"href":"https:\/\/fmamiga909.com.ar\/index.php?rest_route=%2Fwp%2Fv2%2Fcomments&post=12833"}],"version-history":[{"count":0,"href":"https:\/\/fmamiga909.com.ar\/index.php?rest_route=\/wp\/v2\/posts\/12833\/revisions"}],"wp:featuredmedia":[{"embeddable":true,"href":"https:\/\/fmamiga909.com.ar\/index.php?rest_route=\/wp\/v2\/media\/12834"}],"wp:attachment":[{"href":"https:\/\/fmamiga909.com.ar\/index.php?rest_route=%2Fwp%2Fv2%2Fmedia&parent=12833"}],"wp:term":[{"taxonomy":"category","embeddable":true,"href":"https:\/\/fmamiga909.com.ar\/index.php?rest_route=%2Fwp%2Fv2%2Fcategories&post=12833"},{"taxonomy":"post_tag","embeddable":true,"href":"https:\/\/fmamiga909.com.ar\/index.php?rest_route=%2Fwp%2Fv2%2Ftags&post=12833"}],"curies":[{"name":"wp","href":"https:\/\/api.w.org\/{rel}","templated":true}]}}