{"id":12859,"date":"2024-01-30T06:10:13","date_gmt":"2024-01-30T06:10:13","guid":{"rendered":"https:\/\/fmamiga909.com.ar\/?p=12859"},"modified":"2024-01-30T06:10:13","modified_gmt":"2024-01-30T06:10:13","slug":"demichelis-esta-obligado-a-repetir-el-equipo","status":"publish","type":"post","link":"https:\/\/fmamiga909.com.ar\/?p=12859","title":{"rendered":"Demichelis est\u00e1 obligado a repetir el equipo"},"content":{"rendered":"<div>\n<figure class=\"mb-3\"><img decoding=\"async\" src=\"https:\/\/www.telam.com.ar\/thumbs\/bluesteel\/advf\/imagenes\/2024\/01\/65b7dfc65fd20.01.2024%20foto%20x%20@riverplate_1200.jpg\" class=\" lazy \" width=\"100%\" height=\"100%\" alt=\"Entrenamiento de River Xriverplate \"\/><figcaption> Entrenamiento de River (X@riverplate). <\/figcaption><\/figure>\n<p> El entrenador de River Plate, Mart\u00edn Demichelis, est\u00e1 obligado a repetir el equipo que visitar\u00e1 el mi\u00e9rcoles pr\u00f3ximo a Barracas Central por la segunda fecha de la Copa de la Liga Profesional, pese al flojo debut con empate de local frente a Argentinos Juniors (1-1).<\/p>\n<p><strong>La falta de tiempo para la recuperaci\u00f3n de los lesionados Milton Casco y Agust\u00edn Palavecino, que tienen dolencias menos graves, imposibilita a Demichelis retocar el equipo<\/strong> que no tuvo un buen rendimiento el domingo en el Monumental.<\/p>\n<p>Casco, que est\u00e1 en la etapa final de su recuperaci\u00f3n por un s\u00edndrome meniscal, y Palavecino, que padece una sobrecarga muscular en el isquiotibial derecho, probablemente est\u00e9n disponibles para el siguiente partido ante V\u00e9lez, el domingo.<\/p>\n<p><strong>Tanto Manuel Lanzini como Mat\u00edas Kranevitter, afectados por desgarros, estar\u00e1n fuera de la convocatoria al menos hasta la quinta fecha<\/strong> cuando River visite a Atl\u00e9tico Tucum\u00e1n, a mediados de febrero.<\/p>\n<p>Hasta esa fecha, el \u00abMillonario\u00bb tiene una secuencia de dos partidos por semana porque, adem\u00e1s de las fecha de la Copa de la Liga, est\u00e1 programado el debut en la Copa Argentina, el 7 de febrero ante Excursionistas.<\/p>\n<blockquote class=\"twitter-tweet\">\n<p lang=\"fr\" dir=\"ltr\">\ud83d\udccd Lunes en River Camp<\/p>\n<p>\ud83d\udd1c Barracas Central \u26bd<a href=\"https:\/\/twitter.com\/hashtag\/VamosRiver?src=hash&amp;ref_src=twsrc%5Etfw\">#VamosRiver<\/a> \u26aa\ufe0f\ud83d\udd34\u26aa\ufe0f <a href=\"https:\/\/t.co\/dDRdn7c1eO\">pic.twitter.com\/dDRdn7c1eO<\/a><\/p>\n<p>\u2014 River Plate (@RiverPlate) <a href=\"https:\/\/twitter.com\/RiverPlate\/status\/1752012260149456921?ref_src=twsrc%5Etfw\">January 29, 2024<\/a><\/p><\/blockquote>\n<p><strong>River va a llegar a la previa de la fecha ante Boca, programada para 25 de febrero, con 7 partidos en 20 d\u00edas<\/strong>, ya con algunos lesionados a disposici\u00f3n y con la vuelta de los jugadores convocados al Preol\u00edmpico Sudamericano.<\/p>\n<p>De este modo, tanto contra Barracas, como contra V\u00e9lez, los once iniciales ser\u00edan: Franco Armani, Andr\u00e9s Herrera, Leandro Gonz\u00e1lez P\u00edrez, Paulo D\u00edaz y Enzo D\u00edaz; Nicol\u00e1s Fonseca, Rodrigo Aliendro, Ignacio Fern\u00e1ndez y Esequiel Barco; Facundo Colidio y Miguel Borja.<\/p>\n<p><strong>Al tiempo que la lista de convocados volver\u00e1 a tener a<\/strong> Ezequiel Centuri\u00f3n, Ramiro Funes Mori y David Mart\u00ednez m\u00e1s <strong>los juveniles Franco Mastantuono, Ian Subiabre, Jonas Luna, August\u00edn Ruberto, Daniel Zabala y Tobias Leiva.<\/strong><\/p>\n<p>El equipo se entren\u00f3 este lunes a la ma\u00f1ana en el predio de Ezeiza con tareas regenerativas para los que jugaron ante Argentinos y exigencias f\u00edsicas para el grupo reducido que no fue parte de la formaci\u00f3n titular.<\/p>\n<p>La lista de trabajos diferenciados la integraron Lanzini (desgarro), Kranevitter (desgarro), Casco (fue operado de meniscos), Palavecino (sobrecarga muscular) y Santiago Sim\u00f3n (fractura en la mano).<\/p>\n<p>El martes por la tarde, los mismos que se concentraron para jugar contra Argentinos van a repetir la convocatoria en el M\u00e1s Monumental para jugar el mi\u00e9rcoles a las 21.30 en la cancha de Lan\u00fas frente a Barracas Central. <\/p>\n<\/div>\n<p><script async src=\"\/\/platform.twitter.com\/widgets.js\" charset=\"utf-8\"><\/script><script async defer crossorigin=\"anonymous\" src=\"https:\/\/connect.facebook.net\/es_LA\/sdk.js#xfbml=1&#038;version=v12.0\" nonce=\"SBlHQzIF\"><\/script><br \/><a href=\"https:\/\/www.telam.com.ar\/notas\/202401\/653797-futbol-river-entrenamiento-demichelis-repite-equipo.html\">source<\/a><\/p>\n","protected":false},"excerpt":{"rendered":"<p>Entrenamiento de River (X@riverplate). El entrenador de River Plate, Mart\u00edn Demichelis, est\u00e1 obligado a repetir&#8230;<\/p>\n","protected":false},"author":3,"featured_media":12860,"comment_status":"closed","ping_status":"closed","sticky":false,"template":"","format":"standard","meta":{"footnotes":""},"categories":[21],"tags":[],"class_list":["post-12859","post","type-post","status-publish","format-standard","has-post-thumbnail","hentry","category-deportes"],"featured_image_urls":{"full":["https:\/\/fmamiga909.com.ar\/wp-content\/uploads\/2024\/01\/wp-header-logo-216.png",1200,675,false],"thumbnail":["https:\/\/fmamiga909.com.ar\/wp-content\/uploads\/2024\/01\/wp-header-logo-216-150x150.png",150,150,true],"medium":["https:\/\/fmamiga909.com.ar\/wp-content\/uploads\/2024\/01\/wp-header-logo-216-300x169.png",300,169,true],"medium_large":["https:\/\/fmamiga909.com.ar\/wp-content\/uploads\/2024\/01\/wp-header-logo-216.png",1200,675,false],"large":["https:\/\/fmamiga909.com.ar\/wp-content\/uploads\/2024\/01\/wp-header-logo-216-1024x576.png",640,360,true],"1536x1536":["https:\/\/fmamiga909.com.ar\/wp-content\/uploads\/2024\/01\/wp-header-logo-216.png",1200,675,false],"2048x2048":["https:\/\/fmamiga909.com.ar\/wp-content\/uploads\/2024\/01\/wp-header-logo-216.png",1200,675,false],"newsium-slider-full":["https:\/\/fmamiga909.com.ar\/wp-content\/uploads\/2024\/01\/wp-header-logo-216.png",1200,675,false],"newsium-featured":["https:\/\/fmamiga909.com.ar\/wp-content\/uploads\/2024\/01\/wp-header-logo-216-1024x576.png",1024,576,true],"newsium-medium":["https:\/\/fmamiga909.com.ar\/wp-content\/uploads\/2024\/01\/wp-header-logo-216-720x475.png",720,475,true]},"author_info":{"display_name":"Fredy Giuliano","author_link":"https:\/\/fmamiga909.com.ar\/?author=3"},"category_info":"<a href=\"https:\/\/fmamiga909.com.ar\/?cat=21\" rel=\"category\">Deportes<\/a>","tag_info":"Deportes","comment_count":"0","_links":{"self":[{"href":"https:\/\/fmamiga909.com.ar\/index.php?rest_route=\/wp\/v2\/posts\/12859","targetHints":{"allow":["GET"]}}],"collection":[{"href":"https:\/\/fmamiga909.com.ar\/index.php?rest_route=\/wp\/v2\/posts"}],"about":[{"href":"https:\/\/fmamiga909.com.ar\/index.php?rest_route=\/wp\/v2\/types\/post"}],"author":[{"embeddable":true,"href":"https:\/\/fmamiga909.com.ar\/index.php?rest_route=\/wp\/v2\/users\/3"}],"replies":[{"embeddable":true,"href":"https:\/\/fmamiga909.com.ar\/index.php?rest_route=%2Fwp%2Fv2%2Fcomments&post=12859"}],"version-history":[{"count":0,"href":"https:\/\/fmamiga909.com.ar\/index.php?rest_route=\/wp\/v2\/posts\/12859\/revisions"}],"wp:featuredmedia":[{"embeddable":true,"href":"https:\/\/fmamiga909.com.ar\/index.php?rest_route=\/wp\/v2\/media\/12860"}],"wp:attachment":[{"href":"https:\/\/fmamiga909.com.ar\/index.php?rest_route=%2Fwp%2Fv2%2Fmedia&parent=12859"}],"wp:term":[{"taxonomy":"category","embeddable":true,"href":"https:\/\/fmamiga909.com.ar\/index.php?rest_route=%2Fwp%2Fv2%2Fcategories&post=12859"},{"taxonomy":"post_tag","embeddable":true,"href":"https:\/\/fmamiga909.com.ar\/index.php?rest_route=%2Fwp%2Fv2%2Ftags&post=12859"}],"curies":[{"name":"wp","href":"https:\/\/api.w.org\/{rel}","templated":true}]}}