{"id":12872,"date":"2024-01-30T18:19:40","date_gmt":"2024-01-30T18:19:40","guid":{"rendered":"https:\/\/fmamiga909.com.ar\/?p=12872"},"modified":"2024-01-30T18:19:40","modified_gmt":"2024-01-30T18:19:40","slug":"huracan-arranco-la-era-sava-con-un-gran-triunfo-en-banfield","status":"publish","type":"post","link":"https:\/\/fmamiga909.com.ar\/?p=12872","title":{"rendered":"Hurac\u00e1n arranc\u00f3 la era Sava con un gran triunfo en Banfield"},"content":{"rendered":"<div>\n<figure class=\"mb-3\"><img decoding=\"async\" src=\"https:\/\/www.telam.com.ar\/thumbs\/bluesteel\/advf\/imagenes\/2024\/01\/65b7c9ac85db1_1200.jpg\" class=\" lazy \" width=\"100%\" height=\"100%\" alt=\"Foto XCAHuracan \"\/><figcaption> Foto X@CAHuracan. <\/figcaption><\/figure>\n<p>Hurac\u00e1n, con un doblete del chileno Williams Alarc\u00f3n, arranc\u00f3 este viernes la era de Facundo Sava como entrenador con un triunfo por 2-0 ante Banfield, como visitante, en el marco de la zona A de la Copa de la Liga Profesional.<\/p>\n<p>El mediocampista trasandino arranc\u00f3 su noche con un golazo de tiro libre, a los 43 minutos del primer tiempo, y luego ampli\u00f3 la ventaja a los 35 de la segunda parte para el triunfo del \u00abGlobo\u00bb en el estadio Florencio Sola.<\/p>\n<p>El equipo visitante termin\u00f3 con uno menos por la expulsi\u00f3n del otro chileno, Rodrigo Echeverr\u00eda, a los 47 minutos del segundo tiempo.<\/p>\n<p>Hurac\u00e1n inici\u00f3 de la mejor manera la etapa de Sava como director t\u00e9cnico tras la pol\u00e9mica salida de Diego Mart\u00ednez a Boca Juniors.<\/p>\n<p>El \u00abTaladro\u00bb no pudo estirar la racha que lo llev\u00f3 hasta los cuartos de final de la Copa pasada y volvi\u00f3 a perder luego de diez partidos.<br \/>El equipo de Julio C\u00e9sar Falcioni se present\u00f3 ante su gente ya sin Facundo Cambeses y Eric Remedi m\u00e1s las ausencias de Aaron Quiros en la sub 23 y de Juan Bisanz por lesi\u00f3n.<\/p>\n<p>Las novedades fueron los debuts de Marcelo Barovero, quien lleg\u00f3 en agosto pasado, Luciano Recalde y Bruno Sep\u00falveda.<\/p>\n<p>Por el lado de Hurac\u00e1n, adem\u00e1s del estreno de Facundo Sava como entrenador en reemplazo de Diego Mart\u00ednez, jugaron por primera vez el arquero Hern\u00e1n Gal\u00edndez y el lateral derecho Hern\u00e1n De La Fuente, quien ingres\u00f3 en el entretiempo por la lesi\u00f3n de Lucas Souto.<\/p>\n<p>Cuando se terminaba el primer tiempo, Ignacio Pussetto recibi\u00f3 una falta al borde del \u00e1rea grande de la que se hizo cargo el chileno Alarc\u00f3n. El volante del seleccionado trasandino, de 23 a\u00f1os, mostr\u00f3 su jerarqu\u00eda con un remate que se meti\u00f3 en el \u00e1ngulo superior derecho de Barovero.<\/p>\n<p>El experimentado arquero, de 39 a\u00f1os, no pudo hacer nada ante el remate de Alarc\u00f3n en su reestreno en el f\u00fatbol argentino despu\u00e9s de su salida de River Plate en mayo de 2016.<\/p>\n<p>El equipo de Sava hab\u00eda sido durante la primera parte apenas superior al local, que cedi\u00f3 la posesi\u00f3n y apost\u00f3 por el contraataque.<\/p>\n<p>En la segunda etapa, Hurac\u00e1n manej\u00f3 la pelota y la ansiedad del due\u00f1o de casa, que sin ideas intent\u00f3 ir en busca del empate.<\/p>\n<p>Sin embargo, la noche ten\u00eda un elegido y ese fue el chileno Alarc\u00f3n, quien a los 35 minutos volvi\u00f3 a probar desde afuera del \u00e1rea y esta vez, con un poco de ayuda de \u00abTrapito\u00bb un pique inesperado de la pelota, sentenci\u00f3 el resultado.<\/p>\n<p>Hurac\u00e1n empez\u00f3 el a\u00f1o como termin\u00f3 el 2023, en lo m\u00e1s alto de la tabla de su zona, mientras que Banfield, que fue despedido entre silbidos, deber\u00e1 rearmarse nuevamente de la mano del \u00abEmperador\u00bb para no volver a sufrir con la zona baja.<\/p>\n<p><iframe loading=\"lazy\" src=\"https:\/\/estdeportes.telam.com.ar\/html\/v3\/minapp\/modules\/futbol\/gamecast\/gamecast.html?channel=deportes.futbol.copalpf.2643359&amp;lang=es_LA&amp;page=gamecast&amp;hidePagesMenu=true\" width=\"100%\" height=\"1150\" scrolling=\"auto\" style=\"width: 1px; min-width: 100%; *width: 100%;\" class=\"\"><\/iframe><\/p>\n<\/div>\n<p><script async defer crossorigin=\"anonymous\" src=\"https:\/\/connect.facebook.net\/es_LA\/sdk.js#xfbml=1&#038;version=v12.0\" nonce=\"SBlHQzIF\"><\/script><br \/><a href=\"https:\/\/www.telam.com.ar\/notas\/202401\/653475-banfield-huracan-copa-liga-futbol.html\">source<\/a><\/p>\n","protected":false},"excerpt":{"rendered":"<p>Foto X@CAHuracan. Hurac\u00e1n, con un doblete del chileno Williams Alarc\u00f3n, arranc\u00f3 este viernes la era&#8230;<\/p>\n","protected":false},"author":3,"featured_media":12873,"comment_status":"closed","ping_status":"closed","sticky":false,"template":"","format":"standard","meta":{"footnotes":""},"categories":[21],"tags":[],"class_list":["post-12872","post","type-post","status-publish","format-standard","has-post-thumbnail","hentry","category-deportes"],"featured_image_urls":{"full":["https:\/\/fmamiga909.com.ar\/wp-content\/uploads\/2024\/01\/wp-header-logo-221.png",1200,675,false],"thumbnail":["https:\/\/fmamiga909.com.ar\/wp-content\/uploads\/2024\/01\/wp-header-logo-221-150x150.png",150,150,true],"medium":["https:\/\/fmamiga909.com.ar\/wp-content\/uploads\/2024\/01\/wp-header-logo-221-300x169.png",300,169,true],"medium_large":["https:\/\/fmamiga909.com.ar\/wp-content\/uploads\/2024\/01\/wp-header-logo-221.png",1200,675,false],"large":["https:\/\/fmamiga909.com.ar\/wp-content\/uploads\/2024\/01\/wp-header-logo-221-1024x576.png",640,360,true],"1536x1536":["https:\/\/fmamiga909.com.ar\/wp-content\/uploads\/2024\/01\/wp-header-logo-221.png",1200,675,false],"2048x2048":["https:\/\/fmamiga909.com.ar\/wp-content\/uploads\/2024\/01\/wp-header-logo-221.png",1200,675,false],"newsium-slider-full":["https:\/\/fmamiga909.com.ar\/wp-content\/uploads\/2024\/01\/wp-header-logo-221.png",1200,675,false],"newsium-featured":["https:\/\/fmamiga909.com.ar\/wp-content\/uploads\/2024\/01\/wp-header-logo-221-1024x576.png",1024,576,true],"newsium-medium":["https:\/\/fmamiga909.com.ar\/wp-content\/uploads\/2024\/01\/wp-header-logo-221-720x475.png",720,475,true]},"author_info":{"display_name":"Fredy Giuliano","author_link":"https:\/\/fmamiga909.com.ar\/?author=3"},"category_info":"<a href=\"https:\/\/fmamiga909.com.ar\/?cat=21\" rel=\"category\">Deportes<\/a>","tag_info":"Deportes","comment_count":"0","_links":{"self":[{"href":"https:\/\/fmamiga909.com.ar\/index.php?rest_route=\/wp\/v2\/posts\/12872","targetHints":{"allow":["GET"]}}],"collection":[{"href":"https:\/\/fmamiga909.com.ar\/index.php?rest_route=\/wp\/v2\/posts"}],"about":[{"href":"https:\/\/fmamiga909.com.ar\/index.php?rest_route=\/wp\/v2\/types\/post"}],"author":[{"embeddable":true,"href":"https:\/\/fmamiga909.com.ar\/index.php?rest_route=\/wp\/v2\/users\/3"}],"replies":[{"embeddable":true,"href":"https:\/\/fmamiga909.com.ar\/index.php?rest_route=%2Fwp%2Fv2%2Fcomments&post=12872"}],"version-history":[{"count":0,"href":"https:\/\/fmamiga909.com.ar\/index.php?rest_route=\/wp\/v2\/posts\/12872\/revisions"}],"wp:featuredmedia":[{"embeddable":true,"href":"https:\/\/fmamiga909.com.ar\/index.php?rest_route=\/wp\/v2\/media\/12873"}],"wp:attachment":[{"href":"https:\/\/fmamiga909.com.ar\/index.php?rest_route=%2Fwp%2Fv2%2Fmedia&parent=12872"}],"wp:term":[{"taxonomy":"category","embeddable":true,"href":"https:\/\/fmamiga909.com.ar\/index.php?rest_route=%2Fwp%2Fv2%2Fcategories&post=12872"},{"taxonomy":"post_tag","embeddable":true,"href":"https:\/\/fmamiga909.com.ar\/index.php?rest_route=%2Fwp%2Fv2%2Ftags&post=12872"}],"curies":[{"name":"wp","href":"https:\/\/api.w.org\/{rel}","templated":true}]}}