{"id":12998,"date":"2024-02-07T21:37:02","date_gmt":"2024-02-07T21:37:02","guid":{"rendered":"https:\/\/fmamiga909.com.ar\/?p=12998"},"modified":"2024-02-07T21:37:02","modified_gmt":"2024-02-07T21:37:02","slug":"detuvieron-en-mar-del-plata-a-un-barra-de-aldosivi-por-dispararle-a-la-faccion-rival","status":"publish","type":"post","link":"https:\/\/fmamiga909.com.ar\/?p=12998","title":{"rendered":"Detuvieron en Mar del Plata a un barra de Aldosivi por dispararle a la facci\u00f3n rival"},"content":{"rendered":"<div>\n<figure class=\"mb-3\"><img decoding=\"async\" src=\"https:\/\/www.telam.com.ar\/thumbs\/bluesteel\/advf\/imagenes\/2024\/02\/65c27ceeb92ca_1200.jpg\" class=\" lazy \" width=\"100%\" height=\"100%\" alt=\"Foto Diego Izquierdo\"\/><figcaption> Foto: Diego Izquierdo. <\/figcaption><\/figure>\n<p>La <strong>polic\u00eda de Mar del Plata<\/strong> detuvo este martes a un <strong>barra del club Aldosivi<\/strong>, quien el s\u00e1bado pasado, en ocasi\u00f3n del partido contra Atl\u00e9tico de Rafaela por la Primera Nacional, efectu\u00f3 disparos con un arma de fuego contra una facci\u00f3n rival en las adyacencias del estadio mundialista Jos\u00e9 Mar\u00eda Minella.<\/p>\n<p>Tras realizar un allanamiento en el barrio Juramento, fue detenido <strong>Facundo Emiliano Vanega<\/strong>, de 20 a\u00f1os, integrante de la facci\u00f3n denominada <strong>\u00abLa pesada del Puerto\u00bb<\/strong>, seg\u00fan inform\u00f3 la polic\u00eda marplatense.<\/p>\n<p>El s\u00e1bado pasado, a unos 500 metros del acceso al primer cord\u00f3n policial, un hincha vestido con los colores de Aldosivi extrajo un arma de fuego y efectu\u00f3 disparos hacia un grupo de personas.<\/p>\n<p>Seg\u00fan los testimonios que recab\u00f3 la polic\u00eda, <strong>se produjo una pelea entre facciones opuestas de la barra brava del \u00abTibur\u00f3n\u00bb<\/strong>, y al analizar las c\u00e1maras de la zona pudieron individualizar al autor de los disparos.<\/p>\n<p>Con esos datos, y con intervenci\u00f3n de la Fiscal\u00eda 7 a cargo de Leandro Ar\u00e9valo, la polic\u00eda solicit\u00f3 \u00f3rdenes de allanamiento y una orden de detenci\u00f3n para el barra identificado como autor de los disparos.<\/p>\n<p>La polic\u00eda busc\u00f3 en dos viviendas, una ubicada en el barrio Cerrito Sur, donde el resultado fue negativo. En la otra, ubicada en el barrio Juramento, los polic\u00edas detuvieron a Vanega, y secuestraron un tel\u00e9fono y prendas de vestir.<\/p>\n<p>La causa fue caratulada como abuso de arma agravado y el acusado fue derivado a la Unidad Penal 44 de Bat\u00e1n.<\/p>\n<\/div>\n<p><script async defer crossorigin=\"anonymous\" src=\"https:\/\/connect.facebook.net\/es_LA\/sdk.js#xfbml=1&#038;version=v12.0\" nonce=\"SBlHQzIF\"><\/script><br \/><a href=\"https:\/\/www.telam.com.ar\/notas\/202402\/654498-barrabrava-aldosivi-mar-del-plata-detenido.html\">source<\/a><\/p>\n","protected":false},"excerpt":{"rendered":"<p>Foto: Diego Izquierdo. La polic\u00eda de Mar del Plata detuvo este martes a un barra&#8230;<\/p>\n","protected":false},"author":3,"featured_media":12999,"comment_status":"closed","ping_status":"closed","sticky":false,"template":"","format":"standard","meta":{"footnotes":""},"categories":[21],"tags":[],"class_list":["post-12998","post","type-post","status-publish","format-standard","has-post-thumbnail","hentry","category-deportes"],"featured_image_urls":{"full":["https:\/\/fmamiga909.com.ar\/wp-content\/uploads\/2024\/02\/wp-header-logo-50.png",1200,675,false],"thumbnail":["https:\/\/fmamiga909.com.ar\/wp-content\/uploads\/2024\/02\/wp-header-logo-50-150x150.png",150,150,true],"medium":["https:\/\/fmamiga909.com.ar\/wp-content\/uploads\/2024\/02\/wp-header-logo-50-300x169.png",300,169,true],"medium_large":["https:\/\/fmamiga909.com.ar\/wp-content\/uploads\/2024\/02\/wp-header-logo-50.png",1200,675,false],"large":["https:\/\/fmamiga909.com.ar\/wp-content\/uploads\/2024\/02\/wp-header-logo-50-1024x576.png",640,360,true],"1536x1536":["https:\/\/fmamiga909.com.ar\/wp-content\/uploads\/2024\/02\/wp-header-logo-50.png",1200,675,false],"2048x2048":["https:\/\/fmamiga909.com.ar\/wp-content\/uploads\/2024\/02\/wp-header-logo-50.png",1200,675,false],"newsium-slider-full":["https:\/\/fmamiga909.com.ar\/wp-content\/uploads\/2024\/02\/wp-header-logo-50.png",1200,675,false],"newsium-featured":["https:\/\/fmamiga909.com.ar\/wp-content\/uploads\/2024\/02\/wp-header-logo-50-1024x576.png",1024,576,true],"newsium-medium":["https:\/\/fmamiga909.com.ar\/wp-content\/uploads\/2024\/02\/wp-header-logo-50-720x475.png",720,475,true]},"author_info":{"display_name":"Fredy Giuliano","author_link":"https:\/\/fmamiga909.com.ar\/?author=3"},"category_info":"<a href=\"https:\/\/fmamiga909.com.ar\/?cat=21\" rel=\"category\">Deportes<\/a>","tag_info":"Deportes","comment_count":"0","_links":{"self":[{"href":"https:\/\/fmamiga909.com.ar\/index.php?rest_route=\/wp\/v2\/posts\/12998","targetHints":{"allow":["GET"]}}],"collection":[{"href":"https:\/\/fmamiga909.com.ar\/index.php?rest_route=\/wp\/v2\/posts"}],"about":[{"href":"https:\/\/fmamiga909.com.ar\/index.php?rest_route=\/wp\/v2\/types\/post"}],"author":[{"embeddable":true,"href":"https:\/\/fmamiga909.com.ar\/index.php?rest_route=\/wp\/v2\/users\/3"}],"replies":[{"embeddable":true,"href":"https:\/\/fmamiga909.com.ar\/index.php?rest_route=%2Fwp%2Fv2%2Fcomments&post=12998"}],"version-history":[{"count":0,"href":"https:\/\/fmamiga909.com.ar\/index.php?rest_route=\/wp\/v2\/posts\/12998\/revisions"}],"wp:featuredmedia":[{"embeddable":true,"href":"https:\/\/fmamiga909.com.ar\/index.php?rest_route=\/wp\/v2\/media\/12999"}],"wp:attachment":[{"href":"https:\/\/fmamiga909.com.ar\/index.php?rest_route=%2Fwp%2Fv2%2Fmedia&parent=12998"}],"wp:term":[{"taxonomy":"category","embeddable":true,"href":"https:\/\/fmamiga909.com.ar\/index.php?rest_route=%2Fwp%2Fv2%2Fcategories&post=12998"},{"taxonomy":"post_tag","embeddable":true,"href":"https:\/\/fmamiga909.com.ar\/index.php?rest_route=%2Fwp%2Fv2%2Ftags&post=12998"}],"curies":[{"name":"wp","href":"https:\/\/api.w.org\/{rel}","templated":true}]}}