{"id":13073,"date":"2024-02-12T03:10:53","date_gmt":"2024-02-12T03:10:53","guid":{"rendered":"https:\/\/fmamiga909.com.ar\/?p=13073"},"modified":"2024-02-12T03:10:53","modified_gmt":"2024-02-12T03:10:53","slug":"messi-se-sumo-a-la-celebracion-del-sub-23-con-un-posteo","status":"publish","type":"post","link":"https:\/\/fmamiga909.com.ar\/?p=13073","title":{"rendered":"Messi se sum\u00f3 a la celebraci\u00f3n del Sub 23 con un posteo"},"content":{"rendered":"<div>\n<figure class=\"mb-3\"><img decoding=\"async\" src=\"https:\/\/www.telam.com.ar\/thumbs\/bluesteel\/advf\/imagenes\/2023\/10\/653f90d7765ad_1200.jpg\" class=\" lazy \" width=\"100%\" height=\"100%\" alt=\"Messi podra jugar en Pars 2024\"\/><figcaption> Messi podr\u00eda jugar en Par\u00eds 2024 <\/figcaption><\/figure>\n<p> Lionel Messi, capit\u00e1n y s\u00edmbolo del seleccionado argentino campe\u00f3n del mundo, se sum\u00f3 este domingo por la noche a la celebraci\u00f3n del Sub 23 luego de la clasificaci\u00f3n a los Juegos Ol\u00edmpicos de Par\u00eds.<\/p>\n<p><strong>\u00abVAMOOOSSS\u00bb, poste\u00f3 Messi <\/strong>en sus redes sociales con una foto del plantel.<\/p>\n<p>Con la clasificaci\u00f3n a los Juegos Ol\u00edmpicos de Par\u00eds asegurada, se empez\u00f3 a especular con la posibilidad que el mejor futbolista del mundo se sume a la experiencia ol\u00edmpica 2024.<\/p>\n<blockquote class=\"twitter-tweet\">\n<p lang=\"es\" dir=\"ltr\">\u00abVAMOOOSSS\u00bb el festejo de LEO MESSI a la distancia tras la clasificaci\u00f3n de Argentina a <a href=\"https:\/\/twitter.com\/hashtag\/Paris2024?src=hash&amp;ref_src=twsrc%5Etfw\">#Paris2024<\/a>. <a href=\"https:\/\/t.co\/IaJhpEZ6kN\">pic.twitter.com\/IaJhpEZ6kN<\/a><\/p>\n<p>\u2014 SportsCenter (@SC_ESPN) <a href=\"https:\/\/twitter.com\/SC_ESPN\/status\/1756814020265337144?ref_src=twsrc%5Etfw\">February 11, 2024<\/a><\/p><\/blockquote>\n<p>De hecho<strong> varios de los futbolistas de Javier Mascherano, encabezados por Thiago Almada, expresaron su ilusi\u00f3n de compartir equipo con el actual jugador de Inter Miami.<\/strong><\/p>\n<p>Son tres los futbolistas mayores de 23 a\u00f1os que por reglamento pueden sumarse a la lista de buena fe de los Juegos Ol\u00edmpicos.<\/p>\n<p>Adem\u00e1s, ser\u00eda el regreso de Messi a Par\u00eds despu\u00e9s de su salida del PSG. <\/p>\n<\/div>\n<p><script async src=\"\/\/platform.twitter.com\/widgets.js\" charset=\"utf-8\"><\/script><script async defer crossorigin=\"anonymous\" src=\"https:\/\/connect.facebook.net\/es_LA\/sdk.js#xfbml=1&#038;version=v12.0\" nonce=\"SBlHQzIF\"><\/script><br \/><a href=\"https:\/\/www.telam.com.ar\/notas\/202402\/654996-messi-se-sumo-a-la-celebracion-del-sub-23-con-un-posteo.html\">source<\/a><\/p>\n","protected":false},"excerpt":{"rendered":"<p>Messi podr\u00eda jugar en Par\u00eds 2024 Lionel Messi, capit\u00e1n y s\u00edmbolo del seleccionado argentino campe\u00f3n&#8230;<\/p>\n","protected":false},"author":3,"featured_media":13074,"comment_status":"closed","ping_status":"closed","sticky":false,"template":"","format":"standard","meta":{"footnotes":""},"categories":[21],"tags":[],"class_list":["post-13073","post","type-post","status-publish","format-standard","has-post-thumbnail","hentry","category-deportes"],"featured_image_urls":{"full":["https:\/\/fmamiga909.com.ar\/wp-content\/uploads\/2024\/02\/wp-header-logo-86.png",1200,675,false],"thumbnail":["https:\/\/fmamiga909.com.ar\/wp-content\/uploads\/2024\/02\/wp-header-logo-86-150x150.png",150,150,true],"medium":["https:\/\/fmamiga909.com.ar\/wp-content\/uploads\/2024\/02\/wp-header-logo-86-300x169.png",300,169,true],"medium_large":["https:\/\/fmamiga909.com.ar\/wp-content\/uploads\/2024\/02\/wp-header-logo-86.png",1200,675,false],"large":["https:\/\/fmamiga909.com.ar\/wp-content\/uploads\/2024\/02\/wp-header-logo-86-1024x576.png",640,360,true],"1536x1536":["https:\/\/fmamiga909.com.ar\/wp-content\/uploads\/2024\/02\/wp-header-logo-86.png",1200,675,false],"2048x2048":["https:\/\/fmamiga909.com.ar\/wp-content\/uploads\/2024\/02\/wp-header-logo-86.png",1200,675,false],"newsium-slider-full":["https:\/\/fmamiga909.com.ar\/wp-content\/uploads\/2024\/02\/wp-header-logo-86.png",1200,675,false],"newsium-featured":["https:\/\/fmamiga909.com.ar\/wp-content\/uploads\/2024\/02\/wp-header-logo-86-1024x576.png",1024,576,true],"newsium-medium":["https:\/\/fmamiga909.com.ar\/wp-content\/uploads\/2024\/02\/wp-header-logo-86-720x475.png",720,475,true]},"author_info":{"display_name":"Fredy Giuliano","author_link":"https:\/\/fmamiga909.com.ar\/?author=3"},"category_info":"<a href=\"https:\/\/fmamiga909.com.ar\/?cat=21\" rel=\"category\">Deportes<\/a>","tag_info":"Deportes","comment_count":"0","_links":{"self":[{"href":"https:\/\/fmamiga909.com.ar\/index.php?rest_route=\/wp\/v2\/posts\/13073","targetHints":{"allow":["GET"]}}],"collection":[{"href":"https:\/\/fmamiga909.com.ar\/index.php?rest_route=\/wp\/v2\/posts"}],"about":[{"href":"https:\/\/fmamiga909.com.ar\/index.php?rest_route=\/wp\/v2\/types\/post"}],"author":[{"embeddable":true,"href":"https:\/\/fmamiga909.com.ar\/index.php?rest_route=\/wp\/v2\/users\/3"}],"replies":[{"embeddable":true,"href":"https:\/\/fmamiga909.com.ar\/index.php?rest_route=%2Fwp%2Fv2%2Fcomments&post=13073"}],"version-history":[{"count":0,"href":"https:\/\/fmamiga909.com.ar\/index.php?rest_route=\/wp\/v2\/posts\/13073\/revisions"}],"wp:featuredmedia":[{"embeddable":true,"href":"https:\/\/fmamiga909.com.ar\/index.php?rest_route=\/wp\/v2\/media\/13074"}],"wp:attachment":[{"href":"https:\/\/fmamiga909.com.ar\/index.php?rest_route=%2Fwp%2Fv2%2Fmedia&parent=13073"}],"wp:term":[{"taxonomy":"category","embeddable":true,"href":"https:\/\/fmamiga909.com.ar\/index.php?rest_route=%2Fwp%2Fv2%2Fcategories&post=13073"},{"taxonomy":"post_tag","embeddable":true,"href":"https:\/\/fmamiga909.com.ar\/index.php?rest_route=%2Fwp%2Fv2%2Ftags&post=13073"}],"curies":[{"name":"wp","href":"https:\/\/api.w.org\/{rel}","templated":true}]}}