{"id":13075,"date":"2024-02-12T05:12:49","date_gmt":"2024-02-12T05:12:49","guid":{"rendered":"https:\/\/fmamiga909.com.ar\/?p=13075"},"modified":"2024-02-12T05:12:49","modified_gmt":"2024-02-12T05:12:49","slug":"lanus-goleo-a-platense-y-se-acomoda-cerca-de-los-puestos-de-clasificacion","status":"publish","type":"post","link":"https:\/\/fmamiga909.com.ar\/?p=13075","title":{"rendered":"Lan\u00fas gole\u00f3 a Platense y se acomoda cerca de los puestos de clasificaci\u00f3n"},"content":{"rendered":"<div>\n<figure class=\"mb-3\"><img decoding=\"async\" src=\"https:\/\/www.telam.com.ar\/thumbs\/bluesteel\/advf\/imagenes\/2024\/02\/65c94a6fa050f_1200.jpg\" class=\" lazy \" width=\"100%\" height=\"100%\" alt=\"El festejo del primer tanto del Grana Foto Maximiliano Luna\"\/><figcaption> El festejo del primer tanto del \u00abGrana\u00bb \/ Foto: Maximiliano Luna. <\/figcaption><\/figure>\n<p> Lan\u00fas venci\u00f3 este domingo por la noche por 3-0 como local a Platense por la cuarta fecha de la Copa de la Liga Profesional de F\u00fatbol por la Zona B, en el Estadio N\u00e9stor D\u00edaz P\u00e9rez.<\/p>\n<p><strong>Los goles que le dieron la primera victoria de local al \u201cGrana\u201d los marcaron Felipe Pe\u00f1a Biafore de tiro libre, a los 5 minutos del primer tiempo, y Leandro Diaz, a los 18 y 40 del complemento.<\/strong><\/p>\n<p>En el amanecer del partido, cuando reci\u00e9n se empezaba a armar y aun ninguno de los equipos dominaba el encuentro. El \u201cGrana\u201d, a los 5 minutos, abri\u00f3 el marcador tras un gol de tiro libre de Felipe Pe\u00f1a Biafore. La ejecuci\u00f3n fue recta al arco, Pe\u00f1a remate se desvi\u00f3 en la barrera y venci\u00f3 a Juan Pablo Cozzani. En la jugada previa, al ex jugador de River y Arsenal le hab\u00eda hecho la falta, \u00e9l pidi\u00f3 patear la falta y luego convirti\u00f3 el tanto.<\/p>\n<p>A los 18, el \u00e1rbitro Sebasti\u00e1n Zunino hab\u00eda se\u00f1alado penal a favor de Platense por una supuesta falta de Julio Soler por sobre Luciano Ferreyra, pero el VAR, manejado por Nicol\u00e1s Lamolina, lo anul\u00f3.<\/p>\n<p><strong>El transcurso del primer tiempo fue muy lento y pausado en consecuencia de las lesiones que padeci\u00f3 el \u201cCalamar\u201d, primero la dura lesi\u00f3n de Ra\u00fal Lozano y luego de Ciro Rius, que hab\u00eda ingresado a los 15 por Lozano y sali\u00f3 a los 31. Lisandro Montenegro tom\u00f3 su lugar.<\/strong><\/p>\n<p><figure class=\"mb-3\"><img decoding=\"async\" src=\"https:\/\/www.telam.com.ar\/thumbs\/bluesteel\/advf\/imagenes\/2024\/02\/65c94a6f84d2c_1200.jpg\" class=\" lazy \" width=\"100%\" height=\"100%\" alt=\"Foto Maximiliano Luna\"\/><figcaption> Foto: Maximiliano Luna. <\/figcaption><\/figure>\n<p>El equipo de Sebasti\u00e1n Grazzini, que hab\u00eda terminado levemente mejor el primer tiempo, sali\u00f3 al complemento a buscar el empate y lo tuvo en una de las segunda del segundo tiempo, cuando Ignacio V\u00e1zquez estrell\u00f3 un remate al travesa\u00f1o luego de un env\u00edo al \u00e1rea de Lucas Acosta, que su equipo lo necesito algunas veces a lo largo del segundo tiempo y respondi\u00f3 de buena manera, es por eso que mantuvo su valla invicta a lo largo de los 90 minutos.<\/p>\n<p>A los 17 minutos, el conjunto de Ricardo Zielinski empez\u00f3 a torcer el destino a su favor, cuando tras una buena jugada personal Leandro Diaz, que supo sacarse de encima a sus marcas retrocediendo unos metros fuera de la medialuna del \u00e1rea. Este remat\u00f3 de media vuelta y marc\u00f3 un golazo de media distancia para poner el 2 a 0 a favor de su equipo. En el festejo, el delantero realiz\u00f3 el \u201ctopo gigio\u201d para dedicarle el gola a algunos hinchas que le hab\u00eda reprochado su nivel en el primer tiempo.<\/p>\n<p>En el cierre del partido, a los 39,<strong> Diaz se adjudic\u00f3 un doblete y sentenci\u00f3 el partido para poner el 3 a 0, \u00e9l gol fue confirmado por el VAR unos minutos porque qued\u00f3 bajo revisi\u00f3n por posible posici\u00f3n adelantada .<\/strong><\/p>\n<p>El ex Estudiantes (LP) y Atl\u00e9tico Tucum\u00e1n anot\u00f3 tras una asistencia de cabeza por parte de Ezequiel Mu\u00f1oz, que conect\u00f3 de buena manera el centro al \u00e1rea de Julio Soler.<\/p>\n<p>Pese a que el \u201cCalamar\u201d estaba 3 goles abajo en el marcador, a lo largo del partido tuvo m\u00e1s la posiciones del bal\u00f3n y gener\u00f3 chances claras de gol que no pudo concretar por ineficacia propia o por la gran actuaci\u00f3n del arquero Acosta.<\/p>\n<p>En la pr\u00f3xima fecha, Lan\u00fas visitar\u00e1 a Sarmiento (J), el mi\u00e9rcoles a las 17. Mientras que, Platense recibir\u00e1 a Belgrano, el jueves a las 19.<\/p>\n<p><iframe loading=\"lazy\" src=\"https:\/\/estdeportes.telam.com.ar\/html\/v3\/minapp\/modules\/futbol\/gamecast\/gamecast.html?channel=deportes.futbol.copalpf.2643392&amp;lang=es_LA&amp;page=gamecast&amp;hidePagesMenu=true\" width=\"100%\" height=\"1150\" scrolling=\"auto\" style=\"width: 1px; min-width: 100%; *width: 100%;\" class=\"\"><\/iframe> <\/p>\n<\/div>\n<p><script async defer crossorigin=\"anonymous\" src=\"https:\/\/connect.facebook.net\/es_LA\/sdk.js#xfbml=1&#038;version=v12.0\" nonce=\"SBlHQzIF\"><\/script><br \/><a href=\"https:\/\/www.telam.com.ar\/notas\/202402\/654933-lanus-platense-copa-de-la-liga-futbol.html\">source<\/a><\/p>\n","protected":false},"excerpt":{"rendered":"<p>El festejo del primer tanto del \u00abGrana\u00bb \/ Foto: Maximiliano Luna. Lan\u00fas venci\u00f3 este domingo&#8230;<\/p>\n","protected":false},"author":3,"featured_media":13076,"comment_status":"closed","ping_status":"closed","sticky":false,"template":"","format":"standard","meta":{"footnotes":""},"categories":[21],"tags":[],"class_list":["post-13075","post","type-post","status-publish","format-standard","has-post-thumbnail","hentry","category-deportes"],"featured_image_urls":{"full":["https:\/\/fmamiga909.com.ar\/wp-content\/uploads\/2024\/02\/wp-header-logo-87.png",1200,675,false],"thumbnail":["https:\/\/fmamiga909.com.ar\/wp-content\/uploads\/2024\/02\/wp-header-logo-87-150x150.png",150,150,true],"medium":["https:\/\/fmamiga909.com.ar\/wp-content\/uploads\/2024\/02\/wp-header-logo-87-300x169.png",300,169,true],"medium_large":["https:\/\/fmamiga909.com.ar\/wp-content\/uploads\/2024\/02\/wp-header-logo-87.png",1200,675,false],"large":["https:\/\/fmamiga909.com.ar\/wp-content\/uploads\/2024\/02\/wp-header-logo-87-1024x576.png",640,360,true],"1536x1536":["https:\/\/fmamiga909.com.ar\/wp-content\/uploads\/2024\/02\/wp-header-logo-87.png",1200,675,false],"2048x2048":["https:\/\/fmamiga909.com.ar\/wp-content\/uploads\/2024\/02\/wp-header-logo-87.png",1200,675,false],"newsium-slider-full":["https:\/\/fmamiga909.com.ar\/wp-content\/uploads\/2024\/02\/wp-header-logo-87.png",1200,675,false],"newsium-featured":["https:\/\/fmamiga909.com.ar\/wp-content\/uploads\/2024\/02\/wp-header-logo-87-1024x576.png",1024,576,true],"newsium-medium":["https:\/\/fmamiga909.com.ar\/wp-content\/uploads\/2024\/02\/wp-header-logo-87-720x475.png",720,475,true]},"author_info":{"display_name":"Fredy Giuliano","author_link":"https:\/\/fmamiga909.com.ar\/?author=3"},"category_info":"<a href=\"https:\/\/fmamiga909.com.ar\/?cat=21\" rel=\"category\">Deportes<\/a>","tag_info":"Deportes","comment_count":"0","_links":{"self":[{"href":"https:\/\/fmamiga909.com.ar\/index.php?rest_route=\/wp\/v2\/posts\/13075","targetHints":{"allow":["GET"]}}],"collection":[{"href":"https:\/\/fmamiga909.com.ar\/index.php?rest_route=\/wp\/v2\/posts"}],"about":[{"href":"https:\/\/fmamiga909.com.ar\/index.php?rest_route=\/wp\/v2\/types\/post"}],"author":[{"embeddable":true,"href":"https:\/\/fmamiga909.com.ar\/index.php?rest_route=\/wp\/v2\/users\/3"}],"replies":[{"embeddable":true,"href":"https:\/\/fmamiga909.com.ar\/index.php?rest_route=%2Fwp%2Fv2%2Fcomments&post=13075"}],"version-history":[{"count":0,"href":"https:\/\/fmamiga909.com.ar\/index.php?rest_route=\/wp\/v2\/posts\/13075\/revisions"}],"wp:featuredmedia":[{"embeddable":true,"href":"https:\/\/fmamiga909.com.ar\/index.php?rest_route=\/wp\/v2\/media\/13076"}],"wp:attachment":[{"href":"https:\/\/fmamiga909.com.ar\/index.php?rest_route=%2Fwp%2Fv2%2Fmedia&parent=13075"}],"wp:term":[{"taxonomy":"category","embeddable":true,"href":"https:\/\/fmamiga909.com.ar\/index.php?rest_route=%2Fwp%2Fv2%2Fcategories&post=13075"},{"taxonomy":"post_tag","embeddable":true,"href":"https:\/\/fmamiga909.com.ar\/index.php?rest_route=%2Fwp%2Fv2%2Ftags&post=13075"}],"curies":[{"name":"wp","href":"https:\/\/api.w.org\/{rel}","templated":true}]}}