{"id":13087,"date":"2024-02-13T09:42:52","date_gmt":"2024-02-13T09:42:52","guid":{"rendered":"https:\/\/fmamiga909.com.ar\/?p=13087"},"modified":"2024-02-13T09:42:52","modified_gmt":"2024-02-13T09:42:52","slug":"manchester-city-con-dos-goles-de-haaland-derroto-al-everton-y-es-el-unico-lider","status":"publish","type":"post","link":"https:\/\/fmamiga909.com.ar\/?p=13087","title":{"rendered":"Manchester City, con dos goles de Haaland, derrot\u00f3 al Everton y es el \u00fanico l\u00edder"},"content":{"rendered":"<div>\n<figure class=\"mb-3\"><img decoding=\"async\" src=\"https:\/\/www.telam.com.ar\/thumbs\/bluesteel\/advf\/imagenes\/2024\/02\/65c77bda0382b_1200.jpg\" class=\" lazy \" width=\"100%\" height=\"100%\" alt=\"e Foto X ManCity\"\/><figcaption> e Foto X @ManCity <\/figcaption><\/figure>\n<p> El delantero noruego Erling Haaland se reencontr\u00f3 este s\u00e1bado con el gol y llev\u00f3 a la punta moment\u00e1neamente a Manchester City tras ganarle a Everton por 2 a 0 como local, en el inicio de la 24ta. fecha de la Premier League.<\/p>\n<p>Haaland, que no marcaba desde el 25 de noviembre (1-1 vs. Liverpool), convirti\u00f3 a los 24m. y 40m. del segundo tiempo.<\/p>\n<p>Ahora, el noruego es el \u00fanico goleador de la competici\u00f3n con 16 tantos, dos m\u00e1s que el egipcio Mohamed Salah (14), de Liverpool.<\/p>\n<p>Manchester City tiene ahora 52 puntos, con un partido pendiente (vs. Brentford), y pas\u00f3 a Liverpool (51), que jugar\u00e1 desde las 12 con Burnley, de local.<\/p>\n<p>Adem\u00e1s, Juli\u00e1n \u00c1lvarez jug\u00f3 como titular aunque se fue reemplazado a los 31 minutos del complemento y en su lugar ingres\u00f3 el belga Kevin De Bruyne.<\/p>\n<p><iframe loading=\"lazy\" src=\"https:\/\/estdeportes.telam.com.ar\/html\/v3\/minapp\/modules\/futbol\/gamecast\/gamecast.html?channel=deportes.futbol.premierleague.705684&amp;lang=es_LA&amp;page=gamecast&amp;hidePagesMenu=true\" width=\"100%\" height=\"1150\" scrolling=\"auto\" style=\"width: 1px; min-width: 100%; *width: 100%;\" class=\"\"><\/iframe> <\/p>\n<\/div>\n<p><script async defer crossorigin=\"anonymous\" src=\"https:\/\/connect.facebook.net\/es_LA\/sdk.js#xfbml=1&#038;version=v12.0\" nonce=\"SBlHQzIF\"><\/script><br \/><a href=\"https:\/\/www.telam.com.ar\/notas\/202402\/654872-manchester-city-julian-alvarez-futbol-everton-premier-league.html\">source<\/a><\/p>\n","protected":false},"excerpt":{"rendered":"<p>e Foto X @ManCity El delantero noruego Erling Haaland se reencontr\u00f3 este s\u00e1bado con el&#8230;<\/p>\n","protected":false},"author":3,"featured_media":13088,"comment_status":"closed","ping_status":"closed","sticky":false,"template":"","format":"standard","meta":{"footnotes":""},"categories":[21],"tags":[],"class_list":["post-13087","post","type-post","status-publish","format-standard","has-post-thumbnail","hentry","category-deportes"],"featured_image_urls":{"full":["https:\/\/fmamiga909.com.ar\/wp-content\/uploads\/2024\/02\/wp-header-logo-93.png",1200,675,false],"thumbnail":["https:\/\/fmamiga909.com.ar\/wp-content\/uploads\/2024\/02\/wp-header-logo-93-150x150.png",150,150,true],"medium":["https:\/\/fmamiga909.com.ar\/wp-content\/uploads\/2024\/02\/wp-header-logo-93-300x169.png",300,169,true],"medium_large":["https:\/\/fmamiga909.com.ar\/wp-content\/uploads\/2024\/02\/wp-header-logo-93.png",1200,675,false],"large":["https:\/\/fmamiga909.com.ar\/wp-content\/uploads\/2024\/02\/wp-header-logo-93-1024x576.png",640,360,true],"1536x1536":["https:\/\/fmamiga909.com.ar\/wp-content\/uploads\/2024\/02\/wp-header-logo-93.png",1200,675,false],"2048x2048":["https:\/\/fmamiga909.com.ar\/wp-content\/uploads\/2024\/02\/wp-header-logo-93.png",1200,675,false],"newsium-slider-full":["https:\/\/fmamiga909.com.ar\/wp-content\/uploads\/2024\/02\/wp-header-logo-93.png",1200,675,false],"newsium-featured":["https:\/\/fmamiga909.com.ar\/wp-content\/uploads\/2024\/02\/wp-header-logo-93-1024x576.png",1024,576,true],"newsium-medium":["https:\/\/fmamiga909.com.ar\/wp-content\/uploads\/2024\/02\/wp-header-logo-93-720x475.png",720,475,true]},"author_info":{"display_name":"Fredy Giuliano","author_link":"https:\/\/fmamiga909.com.ar\/?author=3"},"category_info":"<a href=\"https:\/\/fmamiga909.com.ar\/?cat=21\" rel=\"category\">Deportes<\/a>","tag_info":"Deportes","comment_count":"0","_links":{"self":[{"href":"https:\/\/fmamiga909.com.ar\/index.php?rest_route=\/wp\/v2\/posts\/13087","targetHints":{"allow":["GET"]}}],"collection":[{"href":"https:\/\/fmamiga909.com.ar\/index.php?rest_route=\/wp\/v2\/posts"}],"about":[{"href":"https:\/\/fmamiga909.com.ar\/index.php?rest_route=\/wp\/v2\/types\/post"}],"author":[{"embeddable":true,"href":"https:\/\/fmamiga909.com.ar\/index.php?rest_route=\/wp\/v2\/users\/3"}],"replies":[{"embeddable":true,"href":"https:\/\/fmamiga909.com.ar\/index.php?rest_route=%2Fwp%2Fv2%2Fcomments&post=13087"}],"version-history":[{"count":0,"href":"https:\/\/fmamiga909.com.ar\/index.php?rest_route=\/wp\/v2\/posts\/13087\/revisions"}],"wp:featuredmedia":[{"embeddable":true,"href":"https:\/\/fmamiga909.com.ar\/index.php?rest_route=\/wp\/v2\/media\/13088"}],"wp:attachment":[{"href":"https:\/\/fmamiga909.com.ar\/index.php?rest_route=%2Fwp%2Fv2%2Fmedia&parent=13087"}],"wp:term":[{"taxonomy":"category","embeddable":true,"href":"https:\/\/fmamiga909.com.ar\/index.php?rest_route=%2Fwp%2Fv2%2Fcategories&post=13087"},{"taxonomy":"post_tag","embeddable":true,"href":"https:\/\/fmamiga909.com.ar\/index.php?rest_route=%2Fwp%2Fv2%2Ftags&post=13087"}],"curies":[{"name":"wp","href":"https:\/\/api.w.org\/{rel}","templated":true}]}}