{"id":13097,"date":"2024-02-14T03:45:48","date_gmt":"2024-02-14T03:45:48","guid":{"rendered":"https:\/\/fmamiga909.com.ar\/?p=13097"},"modified":"2024-02-14T03:45:48","modified_gmt":"2024-02-14T03:45:48","slug":"que-diran-en-brasil-la-ciudad-de-buenos-aires-sede-de-la-final-2024-de-la-libertadores","status":"publish","type":"post","link":"https:\/\/fmamiga909.com.ar\/?p=13097","title":{"rendered":"\u00bfQu\u00e9 dir\u00e1n en Brasil? La ciudad de Buenos Aires, sede de la final 2024 de la Libertadores"},"content":{"rendered":"<div>\n<figure class=\"mb-3\"><img decoding=\"async\" src=\"https:\/\/www.telam.com.ar\/thumbs\/bluesteel\/advf\/imagenes\/2023\/11\/6546d77f38015_1200.jpg\" class=\" lazy \" width=\"100%\" height=\"100%\" alt=\"Luego del ttulo de Fluminense de Brasil en Ro de Janeiro la LIbertadores jugar su final en la ciudad de Buenos Aires Foto Cris Sille\"\/><figcaption> Luego del t\u00edtulo de Fluminense de Brasil en R\u00edo de Janeiro, la LIbertadores jugar\u00e1 su final en la ciudad de Buenos Aires | Foto: Cris Sille <\/figcaption><\/figure>\n<p><strong>La ciudad de Buenos Aires ser\u00e1 la sede de la final de la Copa Libertadores de Am\u00e9rica en la actual edici\u00f3n<\/strong>, anunci\u00f3 |este martes a Asociaci\u00f3n del F\u00fatbol Argentino (AFA).<\/p>\n<blockquote class=\"twitter-tweet\">\n<p lang=\"es\" dir=\"ltr\">Es oficial: Buenos Aires ser\u00e1 sede de la final de la Copa <a href=\"https:\/\/twitter.com\/Libertadores?ref_src=twsrc%5Etfw\">@Libertadores<\/a> 2024.<\/p>\n<p>\u00a1Qu\u00e9 alegr\u00eda recibirlos en nuestro pa\u00eds <a href=\"https:\/\/twitter.com\/CONMEBOL?ref_src=twsrc%5Etfw\">@CONMEBOL<\/a>! \ud83d\ude00\ud83e\ude75\ud83c\udde6\ud83c\uddf7<\/p>\n<p>\u2014 AFA (@afa) <a href=\"https:\/\/twitter.com\/afa\/status\/1757428496844923087?ref_src=twsrc%5Etfw\">February 13, 2024<\/a><\/p><\/blockquote>\n<p> El principal candidato a alojar el evento es el estadio Mas Monumental, de River, con una capacidad para 80 mil espectadores aproximadamente luego de las \u00faltimas obras realizadas en los \u00faltimos a\u00f1os.<\/p>\n<p>La dirigencia brasile\u00f1a hab\u00eda solicitado a los miembros de la Conmebol que la definici\u00f3n 2024 se disputara en los Estados Unidos.<br \/>\u00a0<br \/>El temor a represalias a los hinchas del vecino pa\u00eds, tras el lamentable operativo policial y su accionar contra los fan\u00e1ticos de Boca en R\u00edo de Janeiro -finalistas de la 2023- ser\u00eda el fundamento de la solicitud para que el cotejo se disputara en las tierras que ser\u00e1n sede de la Copa Am\u00e9rica 2024.<br \/>\u00a0<br \/>Sin embargo, la Casa del F\u00fatbol Argentino confirm\u00f3 como sede a la Ciudad de Buenos Aires.<\/p>\n<p>La ausencia de Boca en la Copa Libertadores de este a\u00f1o le permitir\u00eda evitar a los organizadores una potencial participaci\u00f3n del cl\u00e1sico rival del \u00abmillonario\u00bb en la instancia definitoria.<\/p>\n<p>Esta ser\u00e1 la primera vez que Argentina se convierta en el escenario final de la Libertadores -ya lo hizo en la Copa Sudamericana, con C\u00f3rdoba como sede- desde que se determin\u00f3 el actual formato de partido \u00fanico en 2019.<\/p>\n<p><figure class=\"mb-3\"><img decoding=\"async\" src=\"https:\/\/www.telam.com.ar\/thumbs\/bluesteel\/advf\/imagenes\/2021\/09\/613745864538e_1200.jpg\" class=\" lazy \" width=\"100%\" height=\"100%\" alt=\"River aparece como el escenario con chances de ser el escenario de la definicin continental \"\/><figcaption> River aparece como el escenario con chances de ser el escenario de la definici\u00f3n continental <\/figcaption><\/figure>\n<p>Justamente desde aquella edici\u00f3n comenz\u00f3 el predominio total de los clubes brasile\u00f1os, con cinco vueltas ol\u00edmpicas consecutivas (dos de Palmeiras y Flamengo; y una de Fluminense).<\/p>\n<p>Los equipos argentinos participantes en la esta edici\u00f3n de la Libertadores ser\u00e1n River Plate, San Lorenzo de Almagro, Estudiantes de La Plata, Rosario Central, Talleres de C\u00f3rdoba y Godoy Cruz -en la Fase 2-.<\/p>\n<blockquote class=\"twitter-tweet\" data-media-max-width=\"560\">\n<p lang=\"es\" dir=\"ltr\">\ud83d\ude0d \u00a1Bienvenidos al mundo de la <a href=\"https:\/\/twitter.com\/hashtag\/GloriaEterna?src=hash&amp;ref_src=twsrc%5Etfw\">#GloriaEterna<\/a>! Con ustedes, los 2\ufe0f\u20e36\ufe0f\u20e3 campeones. <\/p>\n<p>\ud83d\udd1d\ud83c\udfc6 Hoy, comienza la CONMEBOL <a href=\"https:\/\/twitter.com\/hashtag\/Libertadores?src=hash&amp;ref_src=twsrc%5Etfw\">#Libertadores<\/a> 2\ufe0f\u20e30\ufe0f\u20e32\ufe0f\u20e34\ufe0f\u20e3: \u00bfqui\u00e9n la ganar\u00e1 esta vez? <a href=\"https:\/\/t.co\/ySoofwY5Hs\">pic.twitter.com\/ySoofwY5Hs<\/a><\/p>\n<p>\u2014 CONMEBOL Libertadores (@Libertadores) <a href=\"https:\/\/twitter.com\/Libertadores\/status\/1754882640178512183?ref_src=twsrc%5Etfw\">February 6, 2024<\/a><\/p><\/blockquote>\n<div class=\"jumbotron pt-4 mt-3\">\n<h3 class=\"module-title\">Conmebol aumentar\u00e1 los premios por participaciones internacionales<\/h3>\n<p>La Confederaci\u00f3n Sudamericana de F\u00fatbol\u00a0anunci\u00f3 este martes que aumentar\u00e1 los premios por las participaciones en los cert\u00e1menes internacionales y llegar\u00e1 a 312 millones de d\u00f3lares, lo que significar\u00e1 un nuevo incremento en relaci\u00f3n a los repartidos en la \u00faltima temporada.<\/p>\n<p>La suma publicada oficialmente en el sitio web de la Conmebol no incluye la participaci\u00f3n ni los m\u00e9ritos deportivos de la CONMEBOL Copa Am\u00e9rica USA 2024. Con respecto al a\u00f1o 2015, la cifra aument\u00f3 en un 438% hasta este 2024, tal y como lo indica la gr\u00e1fica evolutiva de premios publicada en redes sociales.<\/p>\n<p>A estas nuevas pol\u00edticas de entrega de premios se pueden agregar grandes gestiones como el reconocimiento monetario a los campeones mundiales, la apuesta a mejorar la competitividad de los torneos locales, la instauraci\u00f3n del m\u00e9rito deportivo en la CONMEBOL Libertadores y la CONMEBOL Sudamericana, el posicionamiento de la CONMEBOL Libertadores Femenina y de la CONMEBOL Recopa, as\u00ed como el apoyo a las Asociaciones Miembro en las fechas FIFA a disputarse en este 2024.<\/p>\n<p>El presidente de Conmebol, Alejandro Dom\u00ednguez, se\u00f1al\u00f3: \u00abEstamos comprometidos con el f\u00fatbol sudamericano, por lo que en nuestras distintas competiciones buscamos brindar un espect\u00e1culo que logre unir a todos los fan\u00e1ticos de este deporte. En nuestra gesti\u00f3n, la transparencia ha sido el principal pilar que hemos fortalecido, pues estamos convencidos de que as\u00ed podemos seguir desarrollando y consolidando clubes y torneos de talla mundial\u00bb.<\/p>\n<blockquote class=\"twitter-tweet\">\n<p dir=\"ltr\" lang=\"pt\"> La CONMEBOL anuncia que, para este 2024, aumentar\u00e1 una vez m\u00e1s los premios monetarios para sus torneos. \u26bd\ud83d\ude4c<\/p>\n<p>A CONMEBOL anuncia que, para este 2024, voltar\u00e1 a aumentar o pr\u00eamio em dinheiro de seus torneios. \ud83d\udc4f\u26bd<a href=\"https:\/\/twitter.com\/hashtag\/CreeEnGrande?src=hash&amp;ref_src=twsrc%5Etfw\">#CreeEnGrande<\/a> | <a href=\"https:\/\/twitter.com\/hashtag\/AcrediteSempre?src=hash&amp;ref_src=twsrc%5Etfw\">#AcrediteSempre<\/a><\/p>\n<p> \u2014 CONMEBOL.com (@CONMEBOL) <a href=\"https:\/\/twitter.com\/CONMEBOL\/status\/1757409478528393620?ref_src=twsrc%5Etfw\">February 13, 2024<\/a><\/p><\/blockquote>\n<p> Conmebol aumentar\u00e1 los premios por participaciones internacionales a 312 millones de d\u00f3lares<br \/> \u00abHemos establecido pol\u00edticas estrictas que van de la mano con estos grandes resultados que hemos reportado en estos ocho a\u00f1os de gesti\u00f3n\u00bb, agreg\u00f3 el directivo.<\/p>\n<p>\u201cVamos a seguir trabajando para que el f\u00fatbol sudamericano crezca y se desarrolle con los m\u00e1s altos est\u00e1ndares de calidad. Hemos establecido pol\u00edticas estrictas que van de la mano con estos grandes resultados que hemos reportado en los ocho a\u00f1os de gesti\u00f3n\u201d, concluy\u00f3 Alejandro Dom\u00ednguez. <\/p>\n<\/div>\n<p><\/div>\n<p><script async src=\"\/\/platform.twitter.com\/widgets.js\" charset=\"utf-8\"><\/script><script async defer crossorigin=\"anonymous\" src=\"https:\/\/connect.facebook.net\/es_LA\/sdk.js#xfbml=1&#038;version=v12.0\" nonce=\"SBlHQzIF\"><\/script><br \/><a href=\"https:\/\/www.telam.com.ar\/notas\/202402\/655099-final-copa-libertadores-2024-ciudad-buenos-aires-sede-estadio-monumental.html\">source<\/a><\/p>\n","protected":false},"excerpt":{"rendered":"<p>Luego del t\u00edtulo de Fluminense de Brasil en R\u00edo de Janeiro, la LIbertadores jugar\u00e1 su&#8230;<\/p>\n","protected":false},"author":3,"featured_media":13098,"comment_status":"closed","ping_status":"closed","sticky":false,"template":"","format":"standard","meta":{"footnotes":""},"categories":[21],"tags":[],"class_list":["post-13097","post","type-post","status-publish","format-standard","has-post-thumbnail","hentry","category-deportes"],"featured_image_urls":{"full":["https:\/\/fmamiga909.com.ar\/wp-content\/uploads\/2024\/02\/wp-header-logo-98.png",1200,675,false],"thumbnail":["https:\/\/fmamiga909.com.ar\/wp-content\/uploads\/2024\/02\/wp-header-logo-98-150x150.png",150,150,true],"medium":["https:\/\/fmamiga909.com.ar\/wp-content\/uploads\/2024\/02\/wp-header-logo-98-300x169.png",300,169,true],"medium_large":["https:\/\/fmamiga909.com.ar\/wp-content\/uploads\/2024\/02\/wp-header-logo-98.png",1200,675,false],"large":["https:\/\/fmamiga909.com.ar\/wp-content\/uploads\/2024\/02\/wp-header-logo-98-1024x576.png",640,360,true],"1536x1536":["https:\/\/fmamiga909.com.ar\/wp-content\/uploads\/2024\/02\/wp-header-logo-98.png",1200,675,false],"2048x2048":["https:\/\/fmamiga909.com.ar\/wp-content\/uploads\/2024\/02\/wp-header-logo-98.png",1200,675,false],"newsium-slider-full":["https:\/\/fmamiga909.com.ar\/wp-content\/uploads\/2024\/02\/wp-header-logo-98.png",1200,675,false],"newsium-featured":["https:\/\/fmamiga909.com.ar\/wp-content\/uploads\/2024\/02\/wp-header-logo-98-1024x576.png",1024,576,true],"newsium-medium":["https:\/\/fmamiga909.com.ar\/wp-content\/uploads\/2024\/02\/wp-header-logo-98-720x475.png",720,475,true]},"author_info":{"display_name":"Fredy Giuliano","author_link":"https:\/\/fmamiga909.com.ar\/?author=3"},"category_info":"<a href=\"https:\/\/fmamiga909.com.ar\/?cat=21\" rel=\"category\">Deportes<\/a>","tag_info":"Deportes","comment_count":"0","_links":{"self":[{"href":"https:\/\/fmamiga909.com.ar\/index.php?rest_route=\/wp\/v2\/posts\/13097","targetHints":{"allow":["GET"]}}],"collection":[{"href":"https:\/\/fmamiga909.com.ar\/index.php?rest_route=\/wp\/v2\/posts"}],"about":[{"href":"https:\/\/fmamiga909.com.ar\/index.php?rest_route=\/wp\/v2\/types\/post"}],"author":[{"embeddable":true,"href":"https:\/\/fmamiga909.com.ar\/index.php?rest_route=\/wp\/v2\/users\/3"}],"replies":[{"embeddable":true,"href":"https:\/\/fmamiga909.com.ar\/index.php?rest_route=%2Fwp%2Fv2%2Fcomments&post=13097"}],"version-history":[{"count":0,"href":"https:\/\/fmamiga909.com.ar\/index.php?rest_route=\/wp\/v2\/posts\/13097\/revisions"}],"wp:featuredmedia":[{"embeddable":true,"href":"https:\/\/fmamiga909.com.ar\/index.php?rest_route=\/wp\/v2\/media\/13098"}],"wp:attachment":[{"href":"https:\/\/fmamiga909.com.ar\/index.php?rest_route=%2Fwp%2Fv2%2Fmedia&parent=13097"}],"wp:term":[{"taxonomy":"category","embeddable":true,"href":"https:\/\/fmamiga909.com.ar\/index.php?rest_route=%2Fwp%2Fv2%2Fcategories&post=13097"},{"taxonomy":"post_tag","embeddable":true,"href":"https:\/\/fmamiga909.com.ar\/index.php?rest_route=%2Fwp%2Fv2%2Ftags&post=13097"}],"curies":[{"name":"wp","href":"https:\/\/api.w.org\/{rel}","templated":true}]}}