{"id":13107,"date":"2024-02-14T17:56:20","date_gmt":"2024-02-14T17:56:20","guid":{"rendered":"https:\/\/fmamiga909.com.ar\/?p=13107"},"modified":"2024-02-14T17:56:20","modified_gmt":"2024-02-14T17:56:20","slug":"mercedes-presento-el-w15-el-ultimo-que-correra-hamilton-en-la-escuderia","status":"publish","type":"post","link":"https:\/\/fmamiga909.com.ar\/?p=13107","title":{"rendered":"Mercedes present\u00f3 el W15, el \u00faltimo que correr\u00e1 Hamilton en la escuder\u00eda"},"content":{"rendered":"<div>\n<figure class=\"mb-3\"><img decoding=\"async\" src=\"https:\/\/www.telam.com.ar\/thumbs\/bluesteel\/advf\/imagenes\/2024\/02\/65ccb8ba0d21f_1200.jpg\" class=\" lazy \" width=\"100%\" height=\"100%\" alt=\"El nuevo monoplaza de Mercedes Foto XF1\"\/><figcaption> El nuevo monoplaza de Mercedes. \/ Foto: X@F1. <\/figcaption><\/figure>\n<p><strong>La escuder\u00eda<\/strong> Mercedes <strong>present\u00f3 <\/strong>este mi\u00e9rcoles <strong>el monoplaza W15 con el correr\u00e1 en la temporada 2024<\/strong> y que ser\u00e1 el <strong>\u00faltimo<\/strong> <strong>auto del equipo alem\u00e1n al que se subir\u00e1<\/strong> el brit\u00e1nico<strong> Lewis Hamilton<\/strong>, quien dejar\u00e1 la marca germana a fin de a\u00f1o<strong> para sumarse a Ferrari en el 2025.<\/strong><\/p>\n<p>Seg\u00fan publica el diario Marca, el W15 de Mercedes \u00abrecupera el color de las flechas plateadas\u00bb en la parte delantera y en la cabina del piloto que \u00abse combina con el color verde agua\u00bb, mientras que el resto del coche se mantendr\u00e1 de color negro \u00abpor motivos de ahorro de peso\u00bb.<\/p>\n<p>\u00abNo es s\u00f3lo un cambio de aerodin\u00e1mica, sino muchos cambios mec\u00e1nicos para hacer un coche m\u00e1s r\u00e1pido y predecible para los pilotos. Veremos en Bahr\u00e9in si lo hemos conseguido\u00bb, precis\u00f3 Toto Wolff, jefe del equipo Mercedes.<\/p>\n<p><figure class=\"mb-3\"><img decoding=\"async\" src=\"https:\/\/www.telam.com.ar\/thumbs\/bluesteel\/advf\/imagenes\/2024\/02\/65ccb8ba1c454_1200.jpg\" class=\" lazy \" width=\"100%\" height=\"100%\" alt=\"Foto XF1\"\/><figcaption> Foto: X@F1. <\/figcaption><\/figure>\n<p>El t\u00e9cnico austr\u00edaco admiti\u00f3 que tienen por delante \u00abuna monta\u00f1a que escalar para luchar en el frente\u00bb y agreg\u00f3: \u00abEn este deporte no hay milagros, pero nuestra ambici\u00f3n y determinaci\u00f3n son fuertes. Desde que se traz\u00f3 este nuevo rumbo, el desarrollo ha progresado bien. Ten\u00edamos varios elementos en nuestra lista de prioridades para este autom\u00f3vil. Pronto veremos si hemos dado el paso que busc\u00e1bamos\u00bb.<\/p>\n<p><strong>Mercedes quiere volver a lograr t\u00edtulos en la F1<\/strong> tras dos a\u00f1os \u00abdiscretos\u00bb y con s\u00f3lo una victoria, la de George Russell en Brasil 2022, situaci\u00f3n que \u00abpropici\u00f3 un volantazo total\u00bb en cuanto a la construcci\u00f3n de un nuevo monoplaza.<\/p>\n<blockquote class=\"twitter-tweet\">\n<p lang=\"en\" dir=\"ltr\">Introducing the Mercedes-AMG F1 W15 E PERFORMANCE \ud83e\udd0d\ud83d\udda4 <a href=\"https:\/\/t.co\/xgvJkWVIph\">pic.twitter.com\/xgvJkWVIph<\/a><\/p>\n<p>\u2014 Mercedes-AMG PETRONAS F1 Team (@MercedesAMGF1) <a href=\"https:\/\/twitter.com\/MercedesAMGF1\/status\/1757710419500614030?ref_src=twsrc%5Etfw\">February 14, 2024<\/a><\/p><\/blockquote>\n<p> La pr\u00f3xima temporada para Mercedes tendr\u00e1, adem\u00e1s, la particularidad de que ser\u00e1 la \u00faltima de Lewis Hamilton en el equipo alem\u00e1n, en el que milit\u00f3 durante 11 a\u00f1os y con el que gan\u00f3 seis de sus siete campeonatos del mundo.<\/p>\n<p>El piloto brit\u00e1nico dejar\u00e1 Mercedes a fines de este a\u00f1o para correr reci\u00e9n a partir de 2025 en Ferrari, pero se convirti\u00f3 en \u00abla noticia del a\u00f1o\u00bb de la F\u00f3rmula 1 que comenzar\u00e1 a rodar oficialmente el pr\u00f3ximo 2 de marzo en el Gran Premio de Bahrein, en la primera de las 24 pruebas organizadas para esta temporada.<\/p>\n<\/div>\n<p><script async src=\"\/\/platform.twitter.com\/widgets.js\" charset=\"utf-8\"><\/script><script async defer crossorigin=\"anonymous\" src=\"https:\/\/connect.facebook.net\/es_LA\/sdk.js#xfbml=1&#038;version=v12.0\" nonce=\"SBlHQzIF\"><\/script><br \/><a href=\"https:\/\/www.telam.com.ar\/notas\/202402\/655143-automovilismo-formula-uno-mercedes-benz-monoplaza-lewis-hamilton.html\">source<\/a><\/p>\n","protected":false},"excerpt":{"rendered":"<p>El nuevo monoplaza de Mercedes. \/ Foto: X@F1. La escuder\u00eda Mercedes present\u00f3 este mi\u00e9rcoles el&#8230;<\/p>\n","protected":false},"author":3,"featured_media":13108,"comment_status":"closed","ping_status":"closed","sticky":false,"template":"","format":"standard","meta":{"footnotes":""},"categories":[21],"tags":[],"class_list":["post-13107","post","type-post","status-publish","format-standard","has-post-thumbnail","hentry","category-deportes"],"featured_image_urls":{"full":["https:\/\/fmamiga909.com.ar\/wp-content\/uploads\/2024\/02\/wp-header-logo-103.png",1200,675,false],"thumbnail":["https:\/\/fmamiga909.com.ar\/wp-content\/uploads\/2024\/02\/wp-header-logo-103-150x150.png",150,150,true],"medium":["https:\/\/fmamiga909.com.ar\/wp-content\/uploads\/2024\/02\/wp-header-logo-103-300x169.png",300,169,true],"medium_large":["https:\/\/fmamiga909.com.ar\/wp-content\/uploads\/2024\/02\/wp-header-logo-103.png",1200,675,false],"large":["https:\/\/fmamiga909.com.ar\/wp-content\/uploads\/2024\/02\/wp-header-logo-103-1024x576.png",640,360,true],"1536x1536":["https:\/\/fmamiga909.com.ar\/wp-content\/uploads\/2024\/02\/wp-header-logo-103.png",1200,675,false],"2048x2048":["https:\/\/fmamiga909.com.ar\/wp-content\/uploads\/2024\/02\/wp-header-logo-103.png",1200,675,false],"newsium-slider-full":["https:\/\/fmamiga909.com.ar\/wp-content\/uploads\/2024\/02\/wp-header-logo-103.png",1200,675,false],"newsium-featured":["https:\/\/fmamiga909.com.ar\/wp-content\/uploads\/2024\/02\/wp-header-logo-103-1024x576.png",1024,576,true],"newsium-medium":["https:\/\/fmamiga909.com.ar\/wp-content\/uploads\/2024\/02\/wp-header-logo-103-720x475.png",720,475,true]},"author_info":{"display_name":"Fredy Giuliano","author_link":"https:\/\/fmamiga909.com.ar\/?author=3"},"category_info":"<a href=\"https:\/\/fmamiga909.com.ar\/?cat=21\" rel=\"category\">Deportes<\/a>","tag_info":"Deportes","comment_count":"0","_links":{"self":[{"href":"https:\/\/fmamiga909.com.ar\/index.php?rest_route=\/wp\/v2\/posts\/13107","targetHints":{"allow":["GET"]}}],"collection":[{"href":"https:\/\/fmamiga909.com.ar\/index.php?rest_route=\/wp\/v2\/posts"}],"about":[{"href":"https:\/\/fmamiga909.com.ar\/index.php?rest_route=\/wp\/v2\/types\/post"}],"author":[{"embeddable":true,"href":"https:\/\/fmamiga909.com.ar\/index.php?rest_route=\/wp\/v2\/users\/3"}],"replies":[{"embeddable":true,"href":"https:\/\/fmamiga909.com.ar\/index.php?rest_route=%2Fwp%2Fv2%2Fcomments&post=13107"}],"version-history":[{"count":0,"href":"https:\/\/fmamiga909.com.ar\/index.php?rest_route=\/wp\/v2\/posts\/13107\/revisions"}],"wp:featuredmedia":[{"embeddable":true,"href":"https:\/\/fmamiga909.com.ar\/index.php?rest_route=\/wp\/v2\/media\/13108"}],"wp:attachment":[{"href":"https:\/\/fmamiga909.com.ar\/index.php?rest_route=%2Fwp%2Fv2%2Fmedia&parent=13107"}],"wp:term":[{"taxonomy":"category","embeddable":true,"href":"https:\/\/fmamiga909.com.ar\/index.php?rest_route=%2Fwp%2Fv2%2Fcategories&post=13107"},{"taxonomy":"post_tag","embeddable":true,"href":"https:\/\/fmamiga909.com.ar\/index.php?rest_route=%2Fwp%2Fv2%2Ftags&post=13107"}],"curies":[{"name":"wp","href":"https:\/\/api.w.org\/{rel}","templated":true}]}}