{"id":13193,"date":"2024-02-19T23:12:12","date_gmt":"2024-02-19T23:12:12","guid":{"rendered":"https:\/\/fmamiga909.com.ar\/?p=13193"},"modified":"2024-02-19T23:12:12","modified_gmt":"2024-02-19T23:12:12","slug":"talleres-de-cordoba-intentara-seguir-de-racha-ante-barracas-central","status":"publish","type":"post","link":"https:\/\/fmamiga909.com.ar\/?p=13193","title":{"rendered":"Talleres de C\u00f3rdoba intentar\u00e1 seguir de racha ante Barracas Central"},"content":{"rendered":"<div>\n<figure class=\"mb-3\"><img decoding=\"async\" src=\"https:\/\/www.telam.com.ar\/thumbs\/bluesteel\/advf\/imagenes\/2024\/02\/65d336979d371_1200.jpg\" class=\" lazy \" width=\"100%\" height=\"100%\" alt=\"Foto Laura Lescano\"\/><figcaption> Foto: Laura Lescano. <\/figcaption><\/figure>\n<p><strong>Talleres de C\u00f3rdoba<\/strong>, animador en la Copa de la Liga Profesional (LPF), <strong>intentar\u00e1 <\/strong>este lunes <strong>alcanzar una victoria ante Barracas<\/strong> <strong>Central<\/strong> para mantenerse en los puestos de vanguardia de la zona A del certamen.<\/p>\n<p>El encuentro se jugar\u00e1 en el estadio de Hurac\u00e1n, donde el &#8216;Guapo&#8217; har\u00e1 las veces de local, a partir de las 19.15. El bonaerense Yael Falc\u00f3n P\u00e9rez se desempe\u00f1ar\u00e1 como juez principal, mientras que Lucas Novelli estar\u00e1 a cargo del VAR. La televisaci\u00f3n correr\u00e1 por cuenta de la TV P\u00fablica.<\/p>\n<p>Talleres, con el agregado de haber sumado como refuerzo a un estratega de juego como Rub\u00e9n Botta (ex Col\u00f3n de Santa Fe), muestra un funcionamiento s\u00f3lido en lo individual y colectivo. El elenco albiazul viene de superar por 2-1 a Argentinos Juniors.<\/p>\n<p>Barracas Central, de la mano del DT uruguayo Alejandro Orfila, tambi\u00e9n est\u00e1 realizando un campeonato interesante, alejando de los puestos de abajo y con la pretensi\u00f3n de seguir sumando para ingresar &#8211; eventualmente- a una Copa Internacional en la pr\u00f3xima temporada.<\/p>\n<p>En el historial en Primera divisi\u00f3n existen tres antecedentes de duelos entre ambos equipos, todos en el estadio Mario Kempes de C\u00f3rdoba.<\/p>\n<p>De este modo, Talleres gan\u00f3 los dos partidos jugados en 2023 (3-0 en abril y 4-0 en septiembre), mientras que Barracas lo hizo en 2022, por 2-0, con goles de Facundo Mater y Bruno Sep\u00falveda.<\/p>\n<p><iframe loading=\"lazy\" src=\"https:\/\/estdeportes.telam.com.ar\/html\/v3\/minapp\/modules\/futbol\/gamecast\/gamecast.html?channel=deportes.futbol.copalpf.2643430&amp;lang=es_LA&amp;page=gamecast&amp;hidePagesMenu=true\" width=\"100%\" height=\"1150\" scrolling=\"auto\" style=\"width: 1px; min-width: 100%; *width: 100%;\" class=\"\"><\/iframe> <\/p>\n<\/div>\n<p><script async defer crossorigin=\"anonymous\" src=\"https:\/\/connect.facebook.net\/es_LA\/sdk.js#xfbml=1&#038;version=v12.0\" nonce=\"SBlHQzIF\"><\/script><br \/><a href=\"https:\/\/www.telam.com.ar\/notas\/202402\/655577-futbol-copa-liga-barracas-central-parque-patricios-talleres-cordoba.html\">source<\/a><\/p>\n","protected":false},"excerpt":{"rendered":"<p>Foto: Laura Lescano. Talleres de C\u00f3rdoba, animador en la Copa de la Liga Profesional (LPF),&#8230;<\/p>\n","protected":false},"author":3,"featured_media":13194,"comment_status":"closed","ping_status":"closed","sticky":false,"template":"","format":"standard","meta":{"footnotes":""},"categories":[21],"tags":[],"class_list":["post-13193","post","type-post","status-publish","format-standard","has-post-thumbnail","hentry","category-deportes"],"featured_image_urls":{"full":["https:\/\/fmamiga909.com.ar\/wp-content\/uploads\/2024\/02\/wp-header-logo-144.png",1200,675,false],"thumbnail":["https:\/\/fmamiga909.com.ar\/wp-content\/uploads\/2024\/02\/wp-header-logo-144-150x150.png",150,150,true],"medium":["https:\/\/fmamiga909.com.ar\/wp-content\/uploads\/2024\/02\/wp-header-logo-144-300x169.png",300,169,true],"medium_large":["https:\/\/fmamiga909.com.ar\/wp-content\/uploads\/2024\/02\/wp-header-logo-144.png",1200,675,false],"large":["https:\/\/fmamiga909.com.ar\/wp-content\/uploads\/2024\/02\/wp-header-logo-144-1024x576.png",640,360,true],"1536x1536":["https:\/\/fmamiga909.com.ar\/wp-content\/uploads\/2024\/02\/wp-header-logo-144.png",1200,675,false],"2048x2048":["https:\/\/fmamiga909.com.ar\/wp-content\/uploads\/2024\/02\/wp-header-logo-144.png",1200,675,false],"newsium-slider-full":["https:\/\/fmamiga909.com.ar\/wp-content\/uploads\/2024\/02\/wp-header-logo-144.png",1200,675,false],"newsium-featured":["https:\/\/fmamiga909.com.ar\/wp-content\/uploads\/2024\/02\/wp-header-logo-144-1024x576.png",1024,576,true],"newsium-medium":["https:\/\/fmamiga909.com.ar\/wp-content\/uploads\/2024\/02\/wp-header-logo-144-720x475.png",720,475,true]},"author_info":{"display_name":"Fredy Giuliano","author_link":"https:\/\/fmamiga909.com.ar\/?author=3"},"category_info":"<a href=\"https:\/\/fmamiga909.com.ar\/?cat=21\" rel=\"category\">Deportes<\/a>","tag_info":"Deportes","comment_count":"0","_links":{"self":[{"href":"https:\/\/fmamiga909.com.ar\/index.php?rest_route=\/wp\/v2\/posts\/13193","targetHints":{"allow":["GET"]}}],"collection":[{"href":"https:\/\/fmamiga909.com.ar\/index.php?rest_route=\/wp\/v2\/posts"}],"about":[{"href":"https:\/\/fmamiga909.com.ar\/index.php?rest_route=\/wp\/v2\/types\/post"}],"author":[{"embeddable":true,"href":"https:\/\/fmamiga909.com.ar\/index.php?rest_route=\/wp\/v2\/users\/3"}],"replies":[{"embeddable":true,"href":"https:\/\/fmamiga909.com.ar\/index.php?rest_route=%2Fwp%2Fv2%2Fcomments&post=13193"}],"version-history":[{"count":0,"href":"https:\/\/fmamiga909.com.ar\/index.php?rest_route=\/wp\/v2\/posts\/13193\/revisions"}],"wp:featuredmedia":[{"embeddable":true,"href":"https:\/\/fmamiga909.com.ar\/index.php?rest_route=\/wp\/v2\/media\/13194"}],"wp:attachment":[{"href":"https:\/\/fmamiga909.com.ar\/index.php?rest_route=%2Fwp%2Fv2%2Fmedia&parent=13193"}],"wp:term":[{"taxonomy":"category","embeddable":true,"href":"https:\/\/fmamiga909.com.ar\/index.php?rest_route=%2Fwp%2Fv2%2Fcategories&post=13193"},{"taxonomy":"post_tag","embeddable":true,"href":"https:\/\/fmamiga909.com.ar\/index.php?rest_route=%2Fwp%2Fv2%2Ftags&post=13193"}],"curies":[{"name":"wp","href":"https:\/\/api.w.org\/{rel}","templated":true}]}}