{"id":13223,"date":"2024-02-21T22:48:00","date_gmt":"2024-02-21T22:48:00","guid":{"rendered":"https:\/\/fmamiga909.com.ar\/?p=13223"},"modified":"2024-02-21T22:48:00","modified_gmt":"2024-02-21T22:48:00","slug":"rojo-y-langoni-entrenaron-diferenciado-y-martinez-afina-el-lapiz-para-el-superclasico","status":"publish","type":"post","link":"https:\/\/fmamiga909.com.ar\/?p=13223","title":{"rendered":"Rojo y Langoni entrenaron diferenciado y Mart\u00ednez afina el l\u00e1p\u00edz para el Supercl\u00e1sico"},"content":{"rendered":"<div>\n<figure class=\"mb-3\"><img decoding=\"async\" src=\"https:\/\/www.telam.com.ar\/thumbs\/bluesteel\/advf\/imagenes\/2023\/10\/651f6e6ac7fa4_1200.jpg\" class=\" lazy \" width=\"100%\" height=\"100%\" alt=\"Foto Cris Sille Enviada Especial\"\/><figcaption> Foto: Cris Sille &#8211; Enviada Especial <\/figcaption><\/figure>\n<p> El defensor y capit\u00e1n de Boca Juniors, Marcos Rojo, y el extremo Luca Langoni trabajaron de manera diferenciada en el primer entrenamiento de la semana de cara al Supercl\u00e1sico con River Plate que se jugar\u00e1 el domingo en el M\u00e1s Monumental por la s\u00e9ptima fecha de la Copa de la Liga.<\/p>\n<p>Tras la derrota ante Lan\u00fas por 2 a 0 en la jornada pasada, y despu\u00e9s de tener el lunes libre, este martes en el Predio de Ezeiza el plantel que es comandado por Diego Mart\u00ednez se entren\u00f3 por primera vez en la semana de cara al partido frente al \u201cMillonario\u201d.<\/p>\n<p>La noticia que alarm\u00f3 al \u201cMundo Boca\u201d es que el extremo Langoni por un \u201cgolpe en su rodilla\u201d se entren\u00f3 de manera diferenciada para preservarlo; sin embargo, el cuerpo t\u00e9cnico espera que este mi\u00e9rcoles se pueda sumar al grupo nuevamente y desarrollar la pr\u00e1ctica con normalidad.<\/p>\n<p>Por su lado, el central Rojo se entr\u00f3 a la par del grupo en la primera parte del entrenamiento y en el final, cuando los jugadores se dispon\u00edan a hacer un reducido, el ex Manchester United de Inglaterra no fue parte de esa actividad y su presencia en el Supercl\u00e1sico es una inc\u00f3gnita.<\/p>\n<p>Incluso, puede quedar nuevamente fuera de la convocatoria para no apurar su recuperaci\u00f3n de la lesi\u00f3n.<\/p>\n<p>Rojo sufri\u00f3 un desgarro del gemelo interno en la pierna izquierda hace m\u00e1s de un mes y ya lleva 87 d\u00edas de inactividad: su \u00faltimo partido fue el 26 de noviembre del 2023 ante Godoy Cruz (2-1) por la \u00faltima fecha de la Copa LPF.<\/p>\n<blockquote class=\"twitter-tweet\" data-media-max-width=\"560\">\n<p lang=\"es\" dir=\"ltr\">\u00a1Semana de cl\u00e1sico! \ud83d\udd1b\u26bd<a href=\"https:\/\/twitter.com\/hashtag\/DaleBoca?src=hash&amp;ref_src=twsrc%5Etfw\">#DaleBoca<\/a> \ud83d\udc99\ud83d\udc9b\ud83d\udc99 <a href=\"https:\/\/t.co\/MyRVUlGUKo\">pic.twitter.com\/MyRVUlGUKo<\/a><\/p>\n<p>\u2014 Boca Juniors (@BocaJrsOficial) <a href=\"https:\/\/twitter.com\/BocaJrsOficial\/status\/1760047753168925182?ref_src=twsrc%5Etfw\">February 20, 2024<\/a><\/p><\/blockquote>\n<p> Pese a que el DT Mart\u00ednez a\u00fan no dio certezas de c\u00f3mo y con qu\u00e9 sistema ir\u00e1 a jugar al M\u00e1s Monumental, hay jugadores que ser\u00e1n una fija en el \u201cXeneize\u201d para domingo, esos nombres son los de Sergio Romero, Luis Adv\u00edncula (puede ser de lateral o volante por derecha), Nicolas Figal, Ezequiel Fern\u00e1ndez, Kevin Zen\u00f3n y Miguel Merentiel.<\/p>\n<p>Por otro lado, el lateral derecho categor\u00eda 2006, Dylan Gorosito, firm\u00f3 su primer v\u00ednculo oficial con Boca hasta diciembre de 2028. Adem\u00e1s, el defensor Figal, que ten\u00eda v\u00ednculo con el \u201cXeneize\u201d hasta diciembre de este a\u00f1o, acord\u00f3 la extensi\u00f3n del mismo hasta diciembre de 2027. El ex Independiente lleva disputados 79 partidos y anot\u00f3 4 goles en el Club de la Ribera.<\/p>\n<p>El Supercl\u00e1sico del f\u00fatbol argentino, entre Boca Juniors y River Plate, ser\u00e1 este domingo desde las 17.00 horas, en el M\u00e1s Monumental, por la fecha 7 de la Copa de la Liga con arbitraje de Yael Falc\u00f3n P\u00e9rez. <\/p>\n<\/div>\n<p><script async src=\"\/\/platform.twitter.com\/widgets.js\" charset=\"utf-8\"><\/script><script async defer crossorigin=\"anonymous\" src=\"https:\/\/connect.facebook.net\/es_LA\/sdk.js#xfbml=1&#038;version=v12.0\" nonce=\"SBlHQzIF\"><\/script><br \/><a href=\"https:\/\/www.telam.com.ar\/notas\/202402\/655781-marcos-rojo-lucas-langoni-boca-entrenamiento-diferenciado-river-superclasico.html\">source<\/a><\/p>\n","protected":false},"excerpt":{"rendered":"<p>Foto: Cris Sille &#8211; Enviada Especial El defensor y capit\u00e1n de Boca Juniors, Marcos Rojo,&#8230;<\/p>\n","protected":false},"author":3,"featured_media":13224,"comment_status":"closed","ping_status":"closed","sticky":false,"template":"","format":"standard","meta":{"footnotes":""},"categories":[21],"tags":[],"class_list":["post-13223","post","type-post","status-publish","format-standard","has-post-thumbnail","hentry","category-deportes"],"featured_image_urls":{"full":["https:\/\/fmamiga909.com.ar\/wp-content\/uploads\/2024\/02\/wp-header-logo-159.png",1200,675,false],"thumbnail":["https:\/\/fmamiga909.com.ar\/wp-content\/uploads\/2024\/02\/wp-header-logo-159-150x150.png",150,150,true],"medium":["https:\/\/fmamiga909.com.ar\/wp-content\/uploads\/2024\/02\/wp-header-logo-159-300x169.png",300,169,true],"medium_large":["https:\/\/fmamiga909.com.ar\/wp-content\/uploads\/2024\/02\/wp-header-logo-159.png",1200,675,false],"large":["https:\/\/fmamiga909.com.ar\/wp-content\/uploads\/2024\/02\/wp-header-logo-159-1024x576.png",640,360,true],"1536x1536":["https:\/\/fmamiga909.com.ar\/wp-content\/uploads\/2024\/02\/wp-header-logo-159.png",1200,675,false],"2048x2048":["https:\/\/fmamiga909.com.ar\/wp-content\/uploads\/2024\/02\/wp-header-logo-159.png",1200,675,false],"newsium-slider-full":["https:\/\/fmamiga909.com.ar\/wp-content\/uploads\/2024\/02\/wp-header-logo-159.png",1200,675,false],"newsium-featured":["https:\/\/fmamiga909.com.ar\/wp-content\/uploads\/2024\/02\/wp-header-logo-159-1024x576.png",1024,576,true],"newsium-medium":["https:\/\/fmamiga909.com.ar\/wp-content\/uploads\/2024\/02\/wp-header-logo-159-720x475.png",720,475,true]},"author_info":{"display_name":"Fredy Giuliano","author_link":"https:\/\/fmamiga909.com.ar\/?author=3"},"category_info":"<a href=\"https:\/\/fmamiga909.com.ar\/?cat=21\" rel=\"category\">Deportes<\/a>","tag_info":"Deportes","comment_count":"0","_links":{"self":[{"href":"https:\/\/fmamiga909.com.ar\/index.php?rest_route=\/wp\/v2\/posts\/13223","targetHints":{"allow":["GET"]}}],"collection":[{"href":"https:\/\/fmamiga909.com.ar\/index.php?rest_route=\/wp\/v2\/posts"}],"about":[{"href":"https:\/\/fmamiga909.com.ar\/index.php?rest_route=\/wp\/v2\/types\/post"}],"author":[{"embeddable":true,"href":"https:\/\/fmamiga909.com.ar\/index.php?rest_route=\/wp\/v2\/users\/3"}],"replies":[{"embeddable":true,"href":"https:\/\/fmamiga909.com.ar\/index.php?rest_route=%2Fwp%2Fv2%2Fcomments&post=13223"}],"version-history":[{"count":0,"href":"https:\/\/fmamiga909.com.ar\/index.php?rest_route=\/wp\/v2\/posts\/13223\/revisions"}],"wp:featuredmedia":[{"embeddable":true,"href":"https:\/\/fmamiga909.com.ar\/index.php?rest_route=\/wp\/v2\/media\/13224"}],"wp:attachment":[{"href":"https:\/\/fmamiga909.com.ar\/index.php?rest_route=%2Fwp%2Fv2%2Fmedia&parent=13223"}],"wp:term":[{"taxonomy":"category","embeddable":true,"href":"https:\/\/fmamiga909.com.ar\/index.php?rest_route=%2Fwp%2Fv2%2Fcategories&post=13223"},{"taxonomy":"post_tag","embeddable":true,"href":"https:\/\/fmamiga909.com.ar\/index.php?rest_route=%2Fwp%2Fv2%2Ftags&post=13223"}],"curies":[{"name":"wp","href":"https:\/\/api.w.org\/{rel}","templated":true}]}}