{"id":13231,"date":"2024-02-22T11:21:17","date_gmt":"2024-02-22T11:21:17","guid":{"rendered":"https:\/\/fmamiga909.com.ar\/?p=13231"},"modified":"2024-02-22T11:21:17","modified_gmt":"2024-02-22T11:21:17","slug":"casalanguida-advierte-no-podemos-subestimar-a-nadie","status":"publish","type":"post","link":"https:\/\/fmamiga909.com.ar\/?p=13231","title":{"rendered":"Casal\u00e1nguida advierte: &quot;No podemos subestimar a nadie&quot;"},"content":{"rendered":"<div>\n<figure class=\"mb-3\"><img decoding=\"async\" src=\"https:\/\/www.telam.com.ar\/thumbs\/bluesteel\/advf\/imagenes\/2024\/02\/65d61dc2b3e78_1200.jpg\" class=\" lazy \" width=\"100%\" height=\"100%\" alt=\"Foto X cabboficial\"\/><figcaption> Foto: X @cabboficial. <\/figcaption><\/figure>\n<p><strong>Nicol\u00e1s Casal\u00e1nguida<\/strong>, quien fue llamado recientemente para unirse como asistente t\u00e9cnico al seleccionado argentino de b\u00e1squetbol, destac\u00f3 que no se puede \u00absubestimar a nadie\u00bb, en torno al encuentro debut de este jueves ante Chile, por la primera fecha de clasificaci\u00f3n hacia la AmeriCup 2025.<\/p>\n<p><strong>\u00abNo podemos subestimar a nadie. Chile viene con una camada super interesante de jugadores, en crecimiento y con mucho potencial\u00bb<\/strong>, describi\u00f3 el entrenador nacido de Comodoro Rivadavia.<\/p>\n<p>Casal\u00e1nguida, de 44 a\u00f1os, fue convocado por el DT principal del equipo albiceleste, el cordob\u00e9s <strong>Pablo Prigioni<\/strong>, para ocupar el rol de asistente y colaborar en las estrategias defensivas que utilizar\u00e1 el combinado albiceleste.<\/p>\n<p>\u00abMi trabajo espec\u00edfico estar\u00e1 en la coordinaci\u00f3n defensiva. Pablo (Prigioni) me pidi\u00f3 que ponga el foco en ello, junto a Guido Fabbris (tambi\u00e9n asistente). Me dijo que lidere ese \u00e1rea del juego\u00bb, indic\u00f3 el exdirector t\u00e9cnico de Gimnasia y Esgrima de Comodoro Rivadavia, de \u00faltimo paso por Halcones Rojos de Veracruz, en la Liga mexicana.<\/p>\n<p>\u00abTengo mucho respeto y aprecio especial por (Pablo) Prigioni, quien me plante\u00f3 la necesidad de sumarme, de que trate de ayudar al equipo. Y con la Selecci\u00f3n siempre hay una situaci\u00f3n muy particular\u00bb, confes\u00f3 Casal\u00e1nguida.<\/p>\n<blockquote class=\"twitter-tweet\">\n<p lang=\"es\" dir=\"ltr\">\u2708\ufe0f Gonza Corbal\u00e1n est\u00e1 volando, y no lo digo por el avi\u00f3n que nos lleva a Mar del Plata \ud83d\ude0f<\/p>\n<p>\ud83c\udde6\ud83c\uddf7 Este jueves 21:40 jugamos el primer partido de las ventanas clasificatorias a la <a href=\"https:\/\/twitter.com\/AmeriCup?ref_src=twsrc%5Etfw\">@AmeriCup<\/a>, contra Chile. <\/p>\n<p>\ud83c\udf9f\ufe0f Consegu\u00ed tus entradas en <a href=\"https:\/\/t.co\/er5UBXuPjy\">https:\/\/t.co\/er5UBXuPjy<\/a> <a href=\"https:\/\/t.co\/6K8rJgP32u\">pic.twitter.com\/6K8rJgP32u<\/a><\/p>\n<p>\u2014 Argentina B\u00e1squet (@cabboficial) <a href=\"https:\/\/twitter.com\/cabboficial\/status\/1760046036410863662?ref_src=twsrc%5Etfw\">February 20, 2024<\/a><\/p><\/blockquote>\n<p> En esta ventana ante Chile, en la que se jugar\u00e1 el primer partido en Mar del Plata y el segundo el domingo en Valdivia, el DT funcionar\u00e1 como asistente. El entrenador ya estuvo anteriormente en ciclos con el seleccionado nacional, cuando los conductores fueron Julio Lamas o Sergio Hern\u00e1ndez, por caso.<\/p>\n<p><strong>\u00abEsta pareciera ser una situaci\u00f3n delicada en el b\u00e1squetbol argentino\u00bb<\/strong>, dijo Casal\u00e1nguida, en virtud de que el equipo no s\u00f3lo no consigui\u00f3 la clasificaci\u00f3n para los pr\u00f3ximos Juegos Ol\u00edmpicos de Par\u00eds 2024 sino que tampoco intervino en el reciente Mundial 2023, desarrollado en continente asi\u00e1tico y que le permiti\u00f3 levantar la Copa a Alemania.<\/p>\n<p>\u00abNos acostumbramos, por suerte, a ver a la Argentina entre los mejores del mundo, en los \u00faltimos torneos. Por eso duele ahora no estar en los pr\u00f3ximos Juegos Ol\u00edmpicos\u00bb, consider\u00f3.<\/p>\n<p><strong>El director t\u00e9cnico remarc\u00f3 que es \u00abnecesario aprender de los errores cometidos y trabajar con las alternativas que se vienen\u00bb.<\/strong><\/p>\n<p>Para Casal\u00e1nguida no hay que pensar que \u00abpor no clasificar en los anteriores torneos importantes se hizo todo mal. Ese es vicio propio de la pol\u00edtica\u00bb, sostuvo.<\/p>\n<p>\u00abLa idea consistir\u00e1 en que el equipo tome las mejores decisiones aumentando el ritmo y brindando alternativas a los talentos que vienen surgiendo. Desde mi propuesta intentar\u00e9 colaborar para que sea m\u00e1s eficiente el \u00e1rea defensiva\u00bb, manifest\u00f3.<\/p>\n<blockquote class=\"twitter-tweet\">\n<p lang=\"es\" dir=\"ltr\">\u2705 Plantel completo<\/p>\n<p>\u2708\ufe0f Hoy viajamos a Mar del Plata para seguir con la preparaci\u00f3n<\/p>\n<p>\ud83c\udf9f\ufe0f Consegu\u00ed tus entradas para el partido ante Chile del pr\u00f3ximo jueves en <a href=\"https:\/\/t.co\/er5UBXuhu0\">https:\/\/t.co\/er5UBXuhu0<\/a> <a href=\"https:\/\/t.co\/dmxXkMkDrm\">pic.twitter.com\/dmxXkMkDrm<\/a><\/p>\n<p>\u2014 Argentina B\u00e1squet (@cabboficial) <a href=\"https:\/\/twitter.com\/cabboficial\/status\/1760020106271146489?ref_src=twsrc%5Etfw\">February 20, 2024<\/a><\/p><\/blockquote>\n<p> Casal\u00e1nguida se\u00f1al\u00f3 que j\u00f3venes que se integraron en esta convocatoria como <strong>Juan Bocca, Lucas Giovannetti, Gonzalo Bress\u00e1n o Juan Ignacio Marcos<\/strong>, entre otros, \u00abpisan fuerte para el presente y para el futuro\u00bb. \u00abEllos no pueden venir pensando que integran el plantel y nada m\u00e1s. Tienen que pensar que pueden tomar determinaciones\u00bb, aclar\u00f3.<\/p>\n<p>El t\u00e9cnico insisti\u00f3 en el hecho de que la Argentina \u00abno est\u00e1 por encima de nadie por el solo hecho de tener nombres de mayor reconocimiento. Ac\u00e1 no podemos subestimar. El equipo podr\u00e1 ganar o perder, pero habr\u00e1 una concentraci\u00f3n o enfoque permanente\u00bb, asegur\u00f3.<\/p>\n<p>Por \u00faltimo, Casal\u00e1nguida expres\u00f3 que el Mundial 2027 es \u00ablo m\u00e1s importante que se nos viene y sabemos que un paso en falso en una ventana puede implicar quedar afuera en una clasificaci\u00f3n\u00bb.<\/p>\n<\/div>\n<p><script async src=\"\/\/platform.twitter.com\/widgets.js\" charset=\"utf-8\"><\/script><script async defer crossorigin=\"anonymous\" src=\"https:\/\/connect.facebook.net\/es_LA\/sdk.js#xfbml=1&#038;version=v12.0\" nonce=\"SBlHQzIF\"><\/script><br \/><a href=\"https:\/\/www.telam.com.ar\/notas\/202402\/655834-basquet-seleccion-argentina-nicolas-casalanguida.html\">source<\/a><\/p>\n","protected":false},"excerpt":{"rendered":"<p>Foto: X @cabboficial. Nicol\u00e1s Casal\u00e1nguida, quien fue llamado recientemente para unirse como asistente t\u00e9cnico al&#8230;<\/p>\n","protected":false},"author":3,"featured_media":13232,"comment_status":"closed","ping_status":"closed","sticky":false,"template":"","format":"standard","meta":{"footnotes":""},"categories":[21],"tags":[],"class_list":["post-13231","post","type-post","status-publish","format-standard","has-post-thumbnail","hentry","category-deportes"],"featured_image_urls":{"full":["https:\/\/fmamiga909.com.ar\/wp-content\/uploads\/2024\/02\/wp-header-logo-163.png",1200,675,false],"thumbnail":["https:\/\/fmamiga909.com.ar\/wp-content\/uploads\/2024\/02\/wp-header-logo-163-150x150.png",150,150,true],"medium":["https:\/\/fmamiga909.com.ar\/wp-content\/uploads\/2024\/02\/wp-header-logo-163-300x169.png",300,169,true],"medium_large":["https:\/\/fmamiga909.com.ar\/wp-content\/uploads\/2024\/02\/wp-header-logo-163.png",1200,675,false],"large":["https:\/\/fmamiga909.com.ar\/wp-content\/uploads\/2024\/02\/wp-header-logo-163-1024x576.png",640,360,true],"1536x1536":["https:\/\/fmamiga909.com.ar\/wp-content\/uploads\/2024\/02\/wp-header-logo-163.png",1200,675,false],"2048x2048":["https:\/\/fmamiga909.com.ar\/wp-content\/uploads\/2024\/02\/wp-header-logo-163.png",1200,675,false],"newsium-slider-full":["https:\/\/fmamiga909.com.ar\/wp-content\/uploads\/2024\/02\/wp-header-logo-163.png",1200,675,false],"newsium-featured":["https:\/\/fmamiga909.com.ar\/wp-content\/uploads\/2024\/02\/wp-header-logo-163-1024x576.png",1024,576,true],"newsium-medium":["https:\/\/fmamiga909.com.ar\/wp-content\/uploads\/2024\/02\/wp-header-logo-163-720x475.png",720,475,true]},"author_info":{"display_name":"Fredy Giuliano","author_link":"https:\/\/fmamiga909.com.ar\/?author=3"},"category_info":"<a href=\"https:\/\/fmamiga909.com.ar\/?cat=21\" rel=\"category\">Deportes<\/a>","tag_info":"Deportes","comment_count":"0","_links":{"self":[{"href":"https:\/\/fmamiga909.com.ar\/index.php?rest_route=\/wp\/v2\/posts\/13231","targetHints":{"allow":["GET"]}}],"collection":[{"href":"https:\/\/fmamiga909.com.ar\/index.php?rest_route=\/wp\/v2\/posts"}],"about":[{"href":"https:\/\/fmamiga909.com.ar\/index.php?rest_route=\/wp\/v2\/types\/post"}],"author":[{"embeddable":true,"href":"https:\/\/fmamiga909.com.ar\/index.php?rest_route=\/wp\/v2\/users\/3"}],"replies":[{"embeddable":true,"href":"https:\/\/fmamiga909.com.ar\/index.php?rest_route=%2Fwp%2Fv2%2Fcomments&post=13231"}],"version-history":[{"count":0,"href":"https:\/\/fmamiga909.com.ar\/index.php?rest_route=\/wp\/v2\/posts\/13231\/revisions"}],"wp:featuredmedia":[{"embeddable":true,"href":"https:\/\/fmamiga909.com.ar\/index.php?rest_route=\/wp\/v2\/media\/13232"}],"wp:attachment":[{"href":"https:\/\/fmamiga909.com.ar\/index.php?rest_route=%2Fwp%2Fv2%2Fmedia&parent=13231"}],"wp:term":[{"taxonomy":"category","embeddable":true,"href":"https:\/\/fmamiga909.com.ar\/index.php?rest_route=%2Fwp%2Fv2%2Fcategories&post=13231"},{"taxonomy":"post_tag","embeddable":true,"href":"https:\/\/fmamiga909.com.ar\/index.php?rest_route=%2Fwp%2Fv2%2Ftags&post=13231"}],"curies":[{"name":"wp","href":"https:\/\/api.w.org\/{rel}","templated":true}]}}