{"id":13233,"date":"2024-02-22T13:26:13","date_gmt":"2024-02-22T13:26:13","guid":{"rendered":"https:\/\/fmamiga909.com.ar\/?p=13233"},"modified":"2024-02-22T13:26:13","modified_gmt":"2024-02-22T13:26:13","slug":"la-seleccion-de-basquet-presento-su-nueva-camiseta-a-20-anos-del-oro-en-atenas","status":"publish","type":"post","link":"https:\/\/fmamiga909.com.ar\/?p=13233","title":{"rendered":"La Selecci\u00f3n de b\u00e1squet present\u00f3 su nueva camiseta a 20 a\u00f1os del Oro en Atenas"},"content":{"rendered":"<div>\n<figure class=\"mb-3\"><img decoding=\"async\" src=\"https:\/\/www.telam.com.ar\/thumbs\/bluesteel\/advf\/imagenes\/2024\/02\/65d62b0256c0b_1200.jpg\" class=\" lazy \" width=\"100%\" height=\"100%\" alt=\"Foto Prensa CABB\"\/><figcaption> Foto: Prensa CABB. <\/figcaption><\/figure>\n<p> En v\u00edsperas del debut del seleccionado nacional en la primera ventana de clasificatorios rumbo a la AmeriCup 2025, la Confederaci\u00f3n Argentina de B\u00e1squet revel\u00f3 el dise\u00f1o de una de las <strong>nuevas camisetas del equipo albiceleste<\/strong>.<\/p>\n<blockquote class=\"twitter-tweet\">\n<p lang=\"es\" dir=\"ltr\">\ud83e\udd47\ud83c\udde6\ud83c\uddf7 Nuestra nueva piel a 20 a\u00f1os del Oro Ol\u00edmpico<\/p>\n<p>Les presentamos la nueva camiseta que utilizar\u00e1 la Selecci\u00f3n Argentina en homenaje a los 20 a\u00f1os de la medalla de oro obtenida en los Juegos Ol\u00edmpicos en Atenas 2004.<\/p>\n<p>\ud83d\udd17 <a href=\"https:\/\/t.co\/8EnZCXrfzu\">https:\/\/t.co\/8EnZCXrfzu<\/a> <a href=\"https:\/\/t.co\/HfY8FeLk1g\">pic.twitter.com\/HfY8FeLk1g<\/a><\/p>\n<p>\u2014 Argentina B\u00e1squet (@cabboficial) <a href=\"https:\/\/twitter.com\/cabboficial\/status\/1760334105902731740?ref_src=twsrc%5Etfw\">February 21, 2024<\/a><\/p><\/blockquote>\n<p> Este 2024 es un a\u00f1o m\u00e1s que especial para el b\u00e1squet argentino, ya que se cumplen <strong>20 a\u00f1os de la hist\u00f3rica Medalla de Oro conseguida en los Juegos Ol\u00edmpicos de Atenas 2004<\/strong>. De esta manera, el dise\u00f1o de la nueva casaca\u00a0 evoca al utilizado por la Generaci\u00f3n Dorada en tierras griegas.<\/p>\n<p>Con detalles dorados, laterales azules y el pecho celeste y blanco, la camiseta ser\u00e1 utilizada por primera vez en cancha el pr\u00f3ximo jueves 22 de febrero cuando Argentina reciba a Chile en Mar del Plata. El kit se completa con short blanco con detalles celestes.<\/p>\n<p><figure class=\"mb-3\"><img decoding=\"async\" src=\"https:\/\/www.telam.com.ar\/thumbs\/bluesteel\/advf\/imagenes\/2024\/02\/65d62b026e0a0_1200.jpg\" class=\" lazy \" width=\"100%\" height=\"100%\" alt=\"Foto Prensa CABB\"\/><figcaption> Foto: Prensa CABB. <\/figcaption><\/figure>\n<p>La nueva camiseta estar\u00e1 a la venta en el sitio oficial de Kelme Argentina (https:\/\/kelme.com.ar\/) a partir del lunes 26 de febrero.<\/p>\n<\/div>\n<p><script async src=\"\/\/platform.twitter.com\/widgets.js\" charset=\"utf-8\"><\/script><script async defer crossorigin=\"anonymous\" src=\"https:\/\/connect.facebook.net\/es_LA\/sdk.js#xfbml=1&#038;version=v12.0\" nonce=\"SBlHQzIF\"><\/script><br \/><a href=\"https:\/\/www.telam.com.ar\/notas\/202402\/655848-seleccion-argentina-basquet-camiseta-aniversario-oro-atenas.html\">source<\/a><\/p>\n","protected":false},"excerpt":{"rendered":"<p>Foto: Prensa CABB. En v\u00edsperas del debut del seleccionado nacional en la primera ventana de&#8230;<\/p>\n","protected":false},"author":3,"featured_media":13234,"comment_status":"closed","ping_status":"closed","sticky":false,"template":"","format":"standard","meta":{"footnotes":""},"categories":[21],"tags":[],"class_list":["post-13233","post","type-post","status-publish","format-standard","has-post-thumbnail","hentry","category-deportes"],"featured_image_urls":{"full":["https:\/\/fmamiga909.com.ar\/wp-content\/uploads\/2024\/02\/wp-header-logo-164.png",1200,675,false],"thumbnail":["https:\/\/fmamiga909.com.ar\/wp-content\/uploads\/2024\/02\/wp-header-logo-164-150x150.png",150,150,true],"medium":["https:\/\/fmamiga909.com.ar\/wp-content\/uploads\/2024\/02\/wp-header-logo-164-300x169.png",300,169,true],"medium_large":["https:\/\/fmamiga909.com.ar\/wp-content\/uploads\/2024\/02\/wp-header-logo-164.png",1200,675,false],"large":["https:\/\/fmamiga909.com.ar\/wp-content\/uploads\/2024\/02\/wp-header-logo-164-1024x576.png",640,360,true],"1536x1536":["https:\/\/fmamiga909.com.ar\/wp-content\/uploads\/2024\/02\/wp-header-logo-164.png",1200,675,false],"2048x2048":["https:\/\/fmamiga909.com.ar\/wp-content\/uploads\/2024\/02\/wp-header-logo-164.png",1200,675,false],"newsium-slider-full":["https:\/\/fmamiga909.com.ar\/wp-content\/uploads\/2024\/02\/wp-header-logo-164.png",1200,675,false],"newsium-featured":["https:\/\/fmamiga909.com.ar\/wp-content\/uploads\/2024\/02\/wp-header-logo-164-1024x576.png",1024,576,true],"newsium-medium":["https:\/\/fmamiga909.com.ar\/wp-content\/uploads\/2024\/02\/wp-header-logo-164-720x475.png",720,475,true]},"author_info":{"display_name":"Fredy Giuliano","author_link":"https:\/\/fmamiga909.com.ar\/?author=3"},"category_info":"<a href=\"https:\/\/fmamiga909.com.ar\/?cat=21\" rel=\"category\">Deportes<\/a>","tag_info":"Deportes","comment_count":"0","_links":{"self":[{"href":"https:\/\/fmamiga909.com.ar\/index.php?rest_route=\/wp\/v2\/posts\/13233","targetHints":{"allow":["GET"]}}],"collection":[{"href":"https:\/\/fmamiga909.com.ar\/index.php?rest_route=\/wp\/v2\/posts"}],"about":[{"href":"https:\/\/fmamiga909.com.ar\/index.php?rest_route=\/wp\/v2\/types\/post"}],"author":[{"embeddable":true,"href":"https:\/\/fmamiga909.com.ar\/index.php?rest_route=\/wp\/v2\/users\/3"}],"replies":[{"embeddable":true,"href":"https:\/\/fmamiga909.com.ar\/index.php?rest_route=%2Fwp%2Fv2%2Fcomments&post=13233"}],"version-history":[{"count":0,"href":"https:\/\/fmamiga909.com.ar\/index.php?rest_route=\/wp\/v2\/posts\/13233\/revisions"}],"wp:featuredmedia":[{"embeddable":true,"href":"https:\/\/fmamiga909.com.ar\/index.php?rest_route=\/wp\/v2\/media\/13234"}],"wp:attachment":[{"href":"https:\/\/fmamiga909.com.ar\/index.php?rest_route=%2Fwp%2Fv2%2Fmedia&parent=13233"}],"wp:term":[{"taxonomy":"category","embeddable":true,"href":"https:\/\/fmamiga909.com.ar\/index.php?rest_route=%2Fwp%2Fv2%2Fcategories&post=13233"},{"taxonomy":"post_tag","embeddable":true,"href":"https:\/\/fmamiga909.com.ar\/index.php?rest_route=%2Fwp%2Fv2%2Ftags&post=13233"}],"curies":[{"name":"wp","href":"https:\/\/api.w.org\/{rel}","templated":true}]}}