{"id":13241,"date":"2024-02-22T21:31:32","date_gmt":"2024-02-22T21:31:32","guid":{"rendered":"https:\/\/fmamiga909.com.ar\/?p=13241"},"modified":"2024-02-22T21:31:32","modified_gmt":"2024-02-22T21:31:32","slug":"el-gallego-insua-comienza-a-darle-forma-al-equipo-para-el-clasico-ante-huracan","status":"publish","type":"post","link":"https:\/\/fmamiga909.com.ar\/?p=13241","title":{"rendered":"El &quot;Gallego&quot; Ins\u00faa comienza a darle forma al equipo para el cl\u00e1sico ante Hurac\u00e1n"},"content":{"rendered":"<div>\n<figure class=\"mb-3\"><img decoding=\"async\" src=\"https:\/\/www.telam.com.ar\/thumbs\/bluesteel\/advf\/imagenes\/2024\/01\/659bfe6b24e62_1200.jpg\" class=\" lazy \" width=\"100%\" height=\"100%\" alt=\"Foto X SanLorenzo\"\/><figcaption> Foto: X @SanLorenzo. <\/figcaption><\/figure>\n<p> El entrenador de San Lorenzo, <strong>Rub\u00e9n Dar\u00edo Ins\u00faa<\/strong>, ensay\u00f3 variantes para el cl\u00e1sico ante Hurac\u00e1n del pr\u00f3ximo s\u00e1bado, por la 7ma. fecha de la Copa de la Liga, con una posible modificaci\u00f3n con respecto a la formaci\u00f3n que venci\u00f3 a Tigre en la jornada pasada.<\/p>\n<p>Ins\u00faa dispuso el ingreso de <strong>Gast\u00f3n Campi<\/strong> en la zaga central, para acompa\u00f1ar al colombiano <strong>Jhohan Roma\u00f1a<\/strong> y a <strong>Gast\u00f3n Hern\u00e1ndez<\/strong>.<\/p>\n<p>El ingreso de Campi hizo que Gonzalo Luj\u00e1n, quien particip\u00f3 del Preol\u00edmpico de Venezuela en el seleccionado argentino Sub-23, ocupara el lugar de Agust\u00edn Giay.<\/p>\n<p>Si Ins\u00faa queda conforme con esta prueba, San Lorenzo s\u00f3lo tendr\u00eda un cambio para visitar a Hurac\u00e1n el pr\u00f3ximo s\u00e1bado en el Tom\u00e1s A. Duc\u00f3.<\/p>\n<p>El plantel de San Lorenzo retornar\u00e1 el jueves a los entrenamientos, en horario matutino, y habr\u00e1 una idea m\u00e1s acabada de la posible formaci\u00f3n titular.<\/p>\n<p>Por su parte, el mediocampista <strong>Sebasti\u00e1n Blanco<\/strong>, quien concret\u00f3 su regreso en este mercado de pases, se someti\u00f3 a estudios m\u00e9dicos por una molestia en el gemelo izquierdo y el resultado arroj\u00f3 un desgarro.<\/p>\n<p>El ex Lan\u00fas tendr\u00e1 algunas semanas de recuperaci\u00f3n y demorar\u00e1 un poco m\u00e1s su estreno para su segundo ciclo en el club.<\/p>\n<h2 class=\"\">Deuda saldada con Carrefour<\/h2>\n<p> En otro orden, San Lorenzo confirm\u00f3 este mi\u00e9rcoles en su p\u00e1gina oficial que sald\u00f3 la deuda con la empresa de supermercados Carrefour por la compra de los terrenos de Avenida La Plata.<\/p>\n<p><figure class=\"mb-3\"><img decoding=\"async\" src=\"https:\/\/www.telam.com.ar\/thumbs\/bluesteel\/advf\/imagenes\/2024\/02\/65d656772a3fc_1200.jpg\" class=\" lazy \" width=\"100%\" height=\"100%\" alt=\"Foto X SanLorenzo\"\/><figcaption> Foto: X @SanLorenzo. <\/figcaption><\/figure>\n<p>\u00abLa dirigencia de San Lorenzo le realiz\u00f3 una transferencia al hipermercado de 37.995.259,50 pesos. As\u00ed el club sald\u00f3 la deuda por la compra del predio de 27.524 metros cuadrados, ubicado en Avenida La Plata 1624, en los t\u00e9rminos acordados en la carta-oferta suscripta entre las partes en diciembre de 2016, en el boleto de compra-venta y escritura respectiva\u00bb, inform\u00f3 la instituci\u00f3n de Boedo.<\/p>\n<p>\u00abEl objetivo m\u00e1s grande de esta nueva dirigencia liderada por el presidente Marcelo Moretti es la construcci\u00f3n de la cancha en Tierra Santa. Porque la Vuelta a Boedo siempre fue con estadio. Y en ese sentido se avanza. Hace unas semanas se concluy\u00f3 con el desarme del tinglado. Ya est\u00e1n en marcha los tr\u00e1mites para la demolici\u00f3n. A la vez, se gestiona la obtenci\u00f3n de los 8.000 metros cuadrados restantes. Y ahora se corona la cancelaci\u00f3n de esta deuda\u00bb, agreg\u00f3 el comunicado.<\/p>\n<\/div>\n<p><script async defer crossorigin=\"anonymous\" src=\"https:\/\/connect.facebook.net\/es_LA\/sdk.js#xfbml=1&#038;version=v12.0\" nonce=\"SBlHQzIF\"><\/script><br \/><a href=\"https:\/\/www.telam.com.ar\/notas\/202402\/655878-san-lorenzo-insua-variantes-clasico-huracan.html\">source<\/a><\/p>\n","protected":false},"excerpt":{"rendered":"<p>Foto: X @SanLorenzo. El entrenador de San Lorenzo, Rub\u00e9n Dar\u00edo Ins\u00faa, ensay\u00f3 variantes para el&#8230;<\/p>\n","protected":false},"author":3,"featured_media":13242,"comment_status":"closed","ping_status":"closed","sticky":false,"template":"","format":"standard","meta":{"footnotes":""},"categories":[21],"tags":[],"class_list":["post-13241","post","type-post","status-publish","format-standard","has-post-thumbnail","hentry","category-deportes"],"featured_image_urls":{"full":["https:\/\/fmamiga909.com.ar\/wp-content\/uploads\/2024\/02\/wp-header-logo-168.png",1200,675,false],"thumbnail":["https:\/\/fmamiga909.com.ar\/wp-content\/uploads\/2024\/02\/wp-header-logo-168-150x150.png",150,150,true],"medium":["https:\/\/fmamiga909.com.ar\/wp-content\/uploads\/2024\/02\/wp-header-logo-168-300x169.png",300,169,true],"medium_large":["https:\/\/fmamiga909.com.ar\/wp-content\/uploads\/2024\/02\/wp-header-logo-168.png",1200,675,false],"large":["https:\/\/fmamiga909.com.ar\/wp-content\/uploads\/2024\/02\/wp-header-logo-168-1024x576.png",640,360,true],"1536x1536":["https:\/\/fmamiga909.com.ar\/wp-content\/uploads\/2024\/02\/wp-header-logo-168.png",1200,675,false],"2048x2048":["https:\/\/fmamiga909.com.ar\/wp-content\/uploads\/2024\/02\/wp-header-logo-168.png",1200,675,false],"newsium-slider-full":["https:\/\/fmamiga909.com.ar\/wp-content\/uploads\/2024\/02\/wp-header-logo-168.png",1200,675,false],"newsium-featured":["https:\/\/fmamiga909.com.ar\/wp-content\/uploads\/2024\/02\/wp-header-logo-168-1024x576.png",1024,576,true],"newsium-medium":["https:\/\/fmamiga909.com.ar\/wp-content\/uploads\/2024\/02\/wp-header-logo-168-720x475.png",720,475,true]},"author_info":{"display_name":"Fredy Giuliano","author_link":"https:\/\/fmamiga909.com.ar\/?author=3"},"category_info":"<a href=\"https:\/\/fmamiga909.com.ar\/?cat=21\" rel=\"category\">Deportes<\/a>","tag_info":"Deportes","comment_count":"0","_links":{"self":[{"href":"https:\/\/fmamiga909.com.ar\/index.php?rest_route=\/wp\/v2\/posts\/13241","targetHints":{"allow":["GET"]}}],"collection":[{"href":"https:\/\/fmamiga909.com.ar\/index.php?rest_route=\/wp\/v2\/posts"}],"about":[{"href":"https:\/\/fmamiga909.com.ar\/index.php?rest_route=\/wp\/v2\/types\/post"}],"author":[{"embeddable":true,"href":"https:\/\/fmamiga909.com.ar\/index.php?rest_route=\/wp\/v2\/users\/3"}],"replies":[{"embeddable":true,"href":"https:\/\/fmamiga909.com.ar\/index.php?rest_route=%2Fwp%2Fv2%2Fcomments&post=13241"}],"version-history":[{"count":0,"href":"https:\/\/fmamiga909.com.ar\/index.php?rest_route=\/wp\/v2\/posts\/13241\/revisions"}],"wp:featuredmedia":[{"embeddable":true,"href":"https:\/\/fmamiga909.com.ar\/index.php?rest_route=\/wp\/v2\/media\/13242"}],"wp:attachment":[{"href":"https:\/\/fmamiga909.com.ar\/index.php?rest_route=%2Fwp%2Fv2%2Fmedia&parent=13241"}],"wp:term":[{"taxonomy":"category","embeddable":true,"href":"https:\/\/fmamiga909.com.ar\/index.php?rest_route=%2Fwp%2Fv2%2Fcategories&post=13241"},{"taxonomy":"post_tag","embeddable":true,"href":"https:\/\/fmamiga909.com.ar\/index.php?rest_route=%2Fwp%2Fv2%2Ftags&post=13241"}],"curies":[{"name":"wp","href":"https:\/\/api.w.org\/{rel}","templated":true}]}}