{"id":13247,"date":"2024-02-23T07:42:54","date_gmt":"2024-02-23T07:42:54","guid":{"rendered":"https:\/\/fmamiga909.com.ar\/?p=13247"},"modified":"2024-02-23T07:42:54","modified_gmt":"2024-02-23T07:42:54","slug":"martinez-esconde-las-cartas-en-la-previa-al-superclasico","status":"publish","type":"post","link":"https:\/\/fmamiga909.com.ar\/?p=13247","title":{"rendered":"Mart\u00ednez esconde las cartas en la previa al Supercl\u00e1sico"},"content":{"rendered":"<div>\n<figure class=\"mb-3\"><img decoding=\"async\" src=\"https:\/\/www.telam.com.ar\/thumbs\/bluesteel\/advf\/imagenes\/2024\/02\/65d778c0e2360_1200.jpg\" class=\" lazy \" width=\"100%\" height=\"100%\" alt=\"Foto BocaJrsOficial\"\/><figcaption> Foto: @BocaJrsOficial. <\/figcaption><\/figure>\n<p> El entrenador de Boca, Diego Mart\u00ednez, prob\u00f3 este jueves con diferentes equipos de cara al supercl\u00e1sico ante River, por la s\u00e9ptima fecha de la Copa de la Liga Profesional de F\u00fatbol (LPF). aunque no revel\u00f3 cu\u00e1l ser\u00e1 la formaci\u00f3n que elegir\u00e1 para jugar el domingo.<\/p>\n<p>El ex director t\u00e9cnico de Tigre y Hurac\u00e1n tendr\u00e1 un examen de alto voltaje en su visita al estadio M\u00e1s Monumental, en medio de un comienzo irregular y con muchos altibajos en el rendimiento, por lo que decidi\u00f3 jugar al misterio en los entrenamientos previos.<\/p>\n<p>Es por eso que no extra\u00f1\u00f3 cuando mezcl\u00f3 titulares con suplentes a lo largo de la pr\u00e1ctica de este jueves en el Boca Predio para no dejar en claro qui\u00e9nes ser\u00e1n los jugadores que saldr\u00e1n desde las 17 del domingo a la cancha.<\/p>\n<p>Uno de los equipos presentados fue con Sergio Romero; Luis Adv\u00edncula, Cristian Lema, Nicol\u00e1s Figal, Lautaro Blanco; Lucas Blondel, Jorman Campuzano, Ezequiel Bullaude, Kevin Zen\u00f3n; Luca Langoni y Dar\u00edo Benedetto.<\/p>\n<p>En el otro lado estuvieron Javier Garc\u00eda; Marcelo Weigandt, Aaron Anselmino, Nicol\u00e1s Valentini, Marcelo Saracchi; Jabes Saralegui, Cristian Medina, Ezequiel Fern\u00e1ndez, Frank Fabra; Miguel Merentiel y Edinson Cavani.<\/p>\n<blockquote class=\"twitter-tweet\">\n<p lang=\"es\" dir=\"ltr\">Puente para los cumplea\u00f1eros de Febrero \ud83d\ude04\ud83d\udc99\ud83d\udc9b\ud83d\udc99 <a href=\"https:\/\/t.co\/y3VUP2ri5i\">pic.twitter.com\/y3VUP2ri5i<\/a><\/p>\n<p>\u2014 Boca Juniors (@BocaJrsOficial) <a href=\"https:\/\/twitter.com\/BocaJrsOficial\/status\/1760664682656870881?ref_src=twsrc%5Etfw\">February 22, 2024<\/a><\/p><\/blockquote>\n<p> A pesar de esta mixtura, se desprende que la defensa ser\u00e1 la del primer equipo -saldr\u00eda Saracchi e ingresar\u00eda Blanco en relaci\u00f3n a Lan\u00fas-, y la delantera la del segundo, con algunas dudas en el mediocampo ya que el juvenil Jabes Saralegui tuvo una gran pr\u00e1ctica y gan\u00f3 mucho espacio en la consideraci\u00f3n del entrenador. Lo positivo fue la reaparici\u00f3n de Lema, quien no se hab\u00eda entrenado ayer por una sobrecarga muscular.<\/p>\n<p>Por otra parte, tanto Marcos Rojo como Guillermo Fern\u00e1ndez, dos referentes del plantel, quedaron descartados para el supercl\u00e1sico a pesar de que Mart\u00ednez confiaba en contar con el defensor.<\/p>\n<p>\u00abEntendimos con el cuerpo m\u00e9dico, y seguimos las instrucciones de su recuperaci\u00f3n. Quiz\u00e1s no era lo mejor que Marcos pueda estar para este partido. As\u00ed que aprovech\u00f3 para entrenar, para elevar las cargas y exigirlo, y se sinti\u00f3 muy bien\u00bb, explic\u00f3 el entrenador xeneize post derrota en el Sur con Lan\u00fas.<\/p>\n<p>Sin embargo, los hechos contradijeron el deseo del director t\u00e9cnico porque Rojo nunca lleg\u00f3 al punto m\u00e1ximo de exigencia y quedar\u00e1 afuera de los convocados.<\/p>\n<p>Ser\u00e1 el tercer Boca-River consecutivo que el marcador central se perder\u00e1 por inconvenientes f\u00edsicos, ya que en la Liga Profesional y Copa de la Liga pasada tampoco estuvo presente.<\/p>\n<p>Por otro lado, \u00b4Pol\u00b4 Fern\u00e1ndez, que sufri\u00f3 un esguince alto en su tobillo derecho ante Central C\u00f3rdoba en La Bombonera, no logr\u00f3 superar los plazos l\u00f3gicos de recuperaci\u00f3n y, tampoco estar\u00e1 en la cita supercl\u00e1sica del domingo.<\/p>\n<p>Boca comenz\u00f3 el campeonato con dos triunfos (2-0 a Tigre y Central C\u00f3rdoba de Santiago del Estero), tres empates (0-0 con Platense y Defensa y Justicia; 1-1 ante Sarmiento de Jun\u00edn) y una derrota (2-1 con Lan\u00fas). El supercl\u00e1sico ser\u00e1 una prueba vital para las aspiraciones en la clasificaci\u00f3n a los cuartos de final de la Copa de la Liga -ya se qued\u00f3 afuera en la edici\u00f3n del a\u00f1o pasado.<\/p>\n<blockquote class=\"twitter-tweet\">\n<p lang=\"es\" dir=\"ltr\">Puente para los cumplea\u00f1eros de Febrero \ud83d\ude04\ud83d\udc99\ud83d\udc9b\ud83d\udc99 <a href=\"https:\/\/t.co\/y3VUP2ri5i\">pic.twitter.com\/y3VUP2ri5i<\/a><\/p>\n<p>\u2014 Boca Juniors (@BocaJrsOficial) <a href=\"https:\/\/twitter.com\/BocaJrsOficial\/status\/1760664682656870881?ref_src=twsrc%5Etfw\">February 22, 2024<\/a><\/p><\/blockquote><\/div>\n<p><script async src=\"\/\/platform.twitter.com\/widgets.js\" charset=\"utf-8\"><\/script><script async defer crossorigin=\"anonymous\" src=\"https:\/\/connect.facebook.net\/es_LA\/sdk.js#xfbml=1&#038;version=v12.0\" nonce=\"SBlHQzIF\"><\/script><br \/><a href=\"https:\/\/www.telam.com.ar\/notas\/202402\/655971-diego-martinez-equipo-boca-superclasico.html\">source<\/a><\/p>\n","protected":false},"excerpt":{"rendered":"<p>Foto: @BocaJrsOficial. El entrenador de Boca, Diego Mart\u00ednez, prob\u00f3 este jueves con diferentes equipos de&#8230;<\/p>\n","protected":false},"author":3,"featured_media":13248,"comment_status":"closed","ping_status":"closed","sticky":false,"template":"","format":"standard","meta":{"footnotes":""},"categories":[21],"tags":[],"class_list":["post-13247","post","type-post","status-publish","format-standard","has-post-thumbnail","hentry","category-deportes"],"featured_image_urls":{"full":["https:\/\/fmamiga909.com.ar\/wp-content\/uploads\/2024\/02\/wp-header-logo-171.png",1200,675,false],"thumbnail":["https:\/\/fmamiga909.com.ar\/wp-content\/uploads\/2024\/02\/wp-header-logo-171-150x150.png",150,150,true],"medium":["https:\/\/fmamiga909.com.ar\/wp-content\/uploads\/2024\/02\/wp-header-logo-171-300x169.png",300,169,true],"medium_large":["https:\/\/fmamiga909.com.ar\/wp-content\/uploads\/2024\/02\/wp-header-logo-171.png",1200,675,false],"large":["https:\/\/fmamiga909.com.ar\/wp-content\/uploads\/2024\/02\/wp-header-logo-171-1024x576.png",640,360,true],"1536x1536":["https:\/\/fmamiga909.com.ar\/wp-content\/uploads\/2024\/02\/wp-header-logo-171.png",1200,675,false],"2048x2048":["https:\/\/fmamiga909.com.ar\/wp-content\/uploads\/2024\/02\/wp-header-logo-171.png",1200,675,false],"newsium-slider-full":["https:\/\/fmamiga909.com.ar\/wp-content\/uploads\/2024\/02\/wp-header-logo-171.png",1200,675,false],"newsium-featured":["https:\/\/fmamiga909.com.ar\/wp-content\/uploads\/2024\/02\/wp-header-logo-171-1024x576.png",1024,576,true],"newsium-medium":["https:\/\/fmamiga909.com.ar\/wp-content\/uploads\/2024\/02\/wp-header-logo-171-720x475.png",720,475,true]},"author_info":{"display_name":"Fredy Giuliano","author_link":"https:\/\/fmamiga909.com.ar\/?author=3"},"category_info":"<a href=\"https:\/\/fmamiga909.com.ar\/?cat=21\" rel=\"category\">Deportes<\/a>","tag_info":"Deportes","comment_count":"0","_links":{"self":[{"href":"https:\/\/fmamiga909.com.ar\/index.php?rest_route=\/wp\/v2\/posts\/13247","targetHints":{"allow":["GET"]}}],"collection":[{"href":"https:\/\/fmamiga909.com.ar\/index.php?rest_route=\/wp\/v2\/posts"}],"about":[{"href":"https:\/\/fmamiga909.com.ar\/index.php?rest_route=\/wp\/v2\/types\/post"}],"author":[{"embeddable":true,"href":"https:\/\/fmamiga909.com.ar\/index.php?rest_route=\/wp\/v2\/users\/3"}],"replies":[{"embeddable":true,"href":"https:\/\/fmamiga909.com.ar\/index.php?rest_route=%2Fwp%2Fv2%2Fcomments&post=13247"}],"version-history":[{"count":0,"href":"https:\/\/fmamiga909.com.ar\/index.php?rest_route=\/wp\/v2\/posts\/13247\/revisions"}],"wp:featuredmedia":[{"embeddable":true,"href":"https:\/\/fmamiga909.com.ar\/index.php?rest_route=\/wp\/v2\/media\/13248"}],"wp:attachment":[{"href":"https:\/\/fmamiga909.com.ar\/index.php?rest_route=%2Fwp%2Fv2%2Fmedia&parent=13247"}],"wp:term":[{"taxonomy":"category","embeddable":true,"href":"https:\/\/fmamiga909.com.ar\/index.php?rest_route=%2Fwp%2Fv2%2Fcategories&post=13247"},{"taxonomy":"post_tag","embeddable":true,"href":"https:\/\/fmamiga909.com.ar\/index.php?rest_route=%2Fwp%2Fv2%2Ftags&post=13247"}],"curies":[{"name":"wp","href":"https:\/\/api.w.org\/{rel}","templated":true}]}}