{"id":13249,"date":"2024-02-23T09:48:41","date_gmt":"2024-02-23T09:48:41","guid":{"rendered":"https:\/\/fmamiga909.com.ar\/?p=13249"},"modified":"2024-02-23T09:48:41","modified_gmt":"2024-02-23T09:48:41","slug":"el-tc-inaugura-una-nueva-era-en-el-calafate","status":"publish","type":"post","link":"https:\/\/fmamiga909.com.ar\/?p=13249","title":{"rendered":"El TC inaugura una nueva era en El Calafate"},"content":{"rendered":"<div>\n<figure class=\"mb-3\"><img decoding=\"async\" src=\"https:\/\/www.telam.com.ar\/thumbs\/bluesteel\/advf\/imagenes\/2024\/02\/65d763f4b855d_1200.jpg\" class=\" lazy \" width=\"100%\" height=\"100%\" alt=\"Autodromo de El Calafate Foto Xactcargentina\"\/><figcaption> Autodromo de El Calafate. \/ Foto: X@actcargentina. <\/figcaption><\/figure>\n<p><strong>El Turismo Carretera<\/strong> (TC) no s\u00f3lo <strong>pondr\u00e1 en marcha este fin de semana el campeonato n\u00famero 87<\/strong> de su historia sino tambi\u00e9n inaugurar\u00e1 una suerte de nueva era entre sus marcas, con nuevos modelos de carrocer\u00eda que le dar\u00e1n un particular atractivo.<\/p>\n<p>Cuarenta y dos pilotos participar\u00e1n este domingo de <strong>la competencia inicial del certamen, que se llevar\u00e1 a cabo en <\/strong>el aut\u00f3dromo Enrique Freile, de <strong>El Calafate, provincia de Santa Cruz.<\/strong><\/p>\n<p><strong>El campe\u00f3n vigente<\/strong>, el paranaense<strong> Mariano Werner<\/strong>, ser\u00e1 uno de los protagonistas de las innovaciones t\u00e9cnicas y<strong> exhibir\u00e1 el<\/strong> <strong>Ford Mustang<\/strong> con el que competir\u00e1 en toda<strong> la temporada 2024.<\/strong><\/p>\n<p>El entrerriano comandar\u00e1 una nueva unidad del DTA Racing, con motorizaci\u00f3n de \u2018Rody\u2019 Agud y un armado que termin\u00f3 de concretarse en el Fadel Memo Corse. Otros dos pilotos que lucir\u00e1n Ford Mustang en esta prueba inicial del torneo son el necochense Juan Bautista De Benedictis (DTA Racing) y Nicol\u00e1s Trosset (Uranga Racing).<\/p>\n<p>La marca Chevrolet tambi\u00e9n presentar\u00e1 nuevos modelos Camaro en algunos de sus representantes. As\u00ed el marplatense Christian Ledesma utilizar\u00e1 una flamante unidad del Pradecon Racing; el escobarense Marcos Quijada tripular\u00e1 un autom\u00f3vil del UR Racing y el cordob\u00e9s Ricardo Risatti estar\u00e1 al frente de un veh\u00edculo del LRD Perfomance.<\/p>\n<p>El bonaerense de Tres Algarrobos, Juan Mart\u00edn Trucco, ser\u00e1 el encargado de llevar el nuevo modelo Challenger al tradicional Dodge, con una unidad del conjunto Di Meglio Competici\u00f3n.<\/p>\n<blockquote class=\"twitter-tweet\">\n<p lang=\"es\" dir=\"ltr\">Cuenta regresiva para <br \/>el <a href=\"https:\/\/twitter.com\/hashtag\/TCenElCalafate?src=hash&amp;ref_src=twsrc%5Etfw\">#TCenElCalafate<\/a> \u23f3\ud83c\udfc1<\/p>\n<p>No te pierdas el inicio de la temporada 2024 del Turismo Carretera y el TC Pista \ud83d\ude4c\ud83c\udffc <\/p>\n<p>Adquir\u00ed tu anticipada ingresando al link: <a href=\"https:\/\/t.co\/2qTZcNitxJ\">https:\/\/t.co\/2qTZcNitxJ<\/a> \ud83c\udfab <a href=\"https:\/\/t.co\/SoPHMgW7AC\">pic.twitter.com\/SoPHMgW7AC<\/a><\/p>\n<p>\u2014 Turismo Carretera ACTC (@actcargentina) <a href=\"https:\/\/twitter.com\/actcargentina\/status\/1758161390508892319?ref_src=twsrc%5Etfw\">February 15, 2024<\/a><\/p><\/blockquote>\n<p> Por su lado, el bonaerense Andr\u00e9s Jakos competir\u00e1 con un Toyota Camry Nueva Generaci\u00f3n, recientemente finalizado por el Dole Coiro Racing.<\/p>\n<p>Y las nuevas unidades del Torino estar\u00e1n pilotadas por el sanjuanino Tob\u00edas Mart\u00ednez, \u00faltimo campe\u00f3n del TC Pista que intervendr\u00e1 con un autom\u00f3vil del Trotta Competici\u00f3n, lo mismo que el bonaerense Gast\u00f3n Ferrante, quien correr\u00e1 con un veh\u00edculo del AyP Competici\u00f3n.<\/p>\n<p>Tambi\u00e9n concursar\u00e1n con los modelos tradicionales, provisoriamente, el mendocino Juli\u00e1n Santero (Ford); subcampe\u00f3n de la pasada temporada; el bonaerense Germ\u00e1n Todino (Ford); los uruguayos Mauricio Lambiris (Ford) y Marcos Landa (Torino); el balcarce\u00f1o Santiago Mangoni (Chevrolet); el bonaerense de San Miguel, Otto Fritzler (Dodge).<\/p>\n<p>El santafesino Facundo Ardusso (Chevrolet); el rionegrino Jos\u00e9 Manuel Urcera (Ford); el loberense Jonatan Castellano (Dodge); el platense Gast\u00f3n Mazzacane (Chevrolet); los arrecife\u00f1os Valent\u00edn Aguirre y Norberto Fontana (ambos con Chevrolet), entre otros.<\/p>\n<p>En tanto, el tandilense Leonel Pern\u00eda, el bonaerense Mat\u00edas Rossi y el juninense Gabriel Ponce de Le\u00f3n, entre otros, no formar\u00e1n parte de la programaci\u00f3n de El Calafate. Mientras que los dos primeros no tendr\u00edan previsto participar de la m\u00e1s popular categor\u00eda automovil\u00edstica en este 2024, el tres veces campe\u00f3n de TC 2000 anunci\u00f3 que no concurri\u00f3 a la carrera inaugural \u201cpor una cuesti\u00f3n presupuestaria\u201d.<\/p>\n<p><figure class=\"mb-3\"><img decoding=\"async\" src=\"https:\/\/www.telam.com.ar\/thumbs\/bluesteel\/advf\/imagenes\/2024\/02\/65d763f4a254d_1200.jpg\" class=\" lazy \" width=\"100%\" height=\"100%\" alt=\" Foto Xactcargentina\"\/><figcaption> Foto: X@actcargentina. <\/figcaption><\/figure>\n<p>La fecha en el aut\u00f3dromo santacruce\u00f1o tendr\u00e1 -al menos- diez representantes menos que en la edici\u00f3n 2023, cuando la victoria qued\u00f3 en manos del mendocino Santero (Ford), en abril pasado y por la cuarta competencia del torneo.<\/p>\n<p>A partir este viernes se desarrollar\u00e1n las dos primeras tandas de entrenamiento al trazado de 3.677 metros de extensi\u00f3n. Ser\u00e1n a las 13.05 y 15.00, respectivamente.<\/p>\n<p>El s\u00e1bado habr\u00e1 otras tres sesiones de ensayos, a las 9.20, 11.10 y 13.10, mientras que la prueba de clasificaci\u00f3n est\u00e1 estipulada para las 16.05.<\/p>\n<p><strong>La final del domingo<\/strong>, <strong>comenzar\u00e1 a las 12.55<\/strong>, luego de concretarse las tres series: a las 10.05, 10.30 y 10.55. <\/p>\n<\/div>\n<p><script async src=\"\/\/platform.twitter.com\/widgets.js\" charset=\"utf-8\"><\/script><script async defer crossorigin=\"anonymous\" src=\"https:\/\/connect.facebook.net\/es_LA\/sdk.js#xfbml=1&#038;version=v12.0\" nonce=\"SBlHQzIF\"><\/script><br \/><a href=\"https:\/\/www.telam.com.ar\/notas\/202402\/655956-automovismo-turismo-carretera-inicia-competencia-calafate-santa-cruz.html\">source<\/a><\/p>\n","protected":false},"excerpt":{"rendered":"<p>Autodromo de El Calafate. \/ Foto: X@actcargentina. El Turismo Carretera (TC) no s\u00f3lo pondr\u00e1 en&#8230;<\/p>\n","protected":false},"author":3,"featured_media":13250,"comment_status":"closed","ping_status":"closed","sticky":false,"template":"","format":"standard","meta":{"footnotes":""},"categories":[21],"tags":[],"class_list":["post-13249","post","type-post","status-publish","format-standard","has-post-thumbnail","hentry","category-deportes"],"featured_image_urls":{"full":["https:\/\/fmamiga909.com.ar\/wp-content\/uploads\/2024\/02\/wp-header-logo-172.png",1200,675,false],"thumbnail":["https:\/\/fmamiga909.com.ar\/wp-content\/uploads\/2024\/02\/wp-header-logo-172-150x150.png",150,150,true],"medium":["https:\/\/fmamiga909.com.ar\/wp-content\/uploads\/2024\/02\/wp-header-logo-172-300x169.png",300,169,true],"medium_large":["https:\/\/fmamiga909.com.ar\/wp-content\/uploads\/2024\/02\/wp-header-logo-172.png",1200,675,false],"large":["https:\/\/fmamiga909.com.ar\/wp-content\/uploads\/2024\/02\/wp-header-logo-172-1024x576.png",640,360,true],"1536x1536":["https:\/\/fmamiga909.com.ar\/wp-content\/uploads\/2024\/02\/wp-header-logo-172.png",1200,675,false],"2048x2048":["https:\/\/fmamiga909.com.ar\/wp-content\/uploads\/2024\/02\/wp-header-logo-172.png",1200,675,false],"newsium-slider-full":["https:\/\/fmamiga909.com.ar\/wp-content\/uploads\/2024\/02\/wp-header-logo-172.png",1200,675,false],"newsium-featured":["https:\/\/fmamiga909.com.ar\/wp-content\/uploads\/2024\/02\/wp-header-logo-172-1024x576.png",1024,576,true],"newsium-medium":["https:\/\/fmamiga909.com.ar\/wp-content\/uploads\/2024\/02\/wp-header-logo-172-720x475.png",720,475,true]},"author_info":{"display_name":"Fredy Giuliano","author_link":"https:\/\/fmamiga909.com.ar\/?author=3"},"category_info":"<a href=\"https:\/\/fmamiga909.com.ar\/?cat=21\" rel=\"category\">Deportes<\/a>","tag_info":"Deportes","comment_count":"0","_links":{"self":[{"href":"https:\/\/fmamiga909.com.ar\/index.php?rest_route=\/wp\/v2\/posts\/13249","targetHints":{"allow":["GET"]}}],"collection":[{"href":"https:\/\/fmamiga909.com.ar\/index.php?rest_route=\/wp\/v2\/posts"}],"about":[{"href":"https:\/\/fmamiga909.com.ar\/index.php?rest_route=\/wp\/v2\/types\/post"}],"author":[{"embeddable":true,"href":"https:\/\/fmamiga909.com.ar\/index.php?rest_route=\/wp\/v2\/users\/3"}],"replies":[{"embeddable":true,"href":"https:\/\/fmamiga909.com.ar\/index.php?rest_route=%2Fwp%2Fv2%2Fcomments&post=13249"}],"version-history":[{"count":0,"href":"https:\/\/fmamiga909.com.ar\/index.php?rest_route=\/wp\/v2\/posts\/13249\/revisions"}],"wp:featuredmedia":[{"embeddable":true,"href":"https:\/\/fmamiga909.com.ar\/index.php?rest_route=\/wp\/v2\/media\/13250"}],"wp:attachment":[{"href":"https:\/\/fmamiga909.com.ar\/index.php?rest_route=%2Fwp%2Fv2%2Fmedia&parent=13249"}],"wp:term":[{"taxonomy":"category","embeddable":true,"href":"https:\/\/fmamiga909.com.ar\/index.php?rest_route=%2Fwp%2Fv2%2Fcategories&post=13249"},{"taxonomy":"post_tag","embeddable":true,"href":"https:\/\/fmamiga909.com.ar\/index.php?rest_route=%2Fwp%2Fv2%2Ftags&post=13249"}],"curies":[{"name":"wp","href":"https:\/\/api.w.org\/{rel}","templated":true}]}}