{"id":13263,"date":"2024-02-23T10:56:00","date_gmt":"2024-02-23T10:56:00","guid":{"rendered":"https:\/\/fmamiga909.com.ar\/?p=13263"},"modified":"2024-02-23T10:56:02","modified_gmt":"2024-02-23T10:56:02","slug":"las-clases-no-empiezan-en-santa-fe","status":"publish","type":"post","link":"https:\/\/fmamiga909.com.ar\/?p=13263","title":{"rendered":"Las clases no empiezan en Santa Fe"},"content":{"rendered":"\n<p>Los docentes santafesinos votaron este jueves c\u00f3mo se llevar\u00e1n adelante las medidas de fuerza en rechazo a la oferta salarial de la Provincia. Todas dan comienzo el lunes 26 de febrero, que coincide con el paro nacional lanzado por Ctera.<\/p>\n\n\n\n<p><strong>Amsaf\u00e9<\/strong>\u00a0se sumar\u00e1 este lunes 26 de febrero al\u00a0<a rel=\"noreferrer noopener\" href=\"https:\/\/www.airedesantafe.com.ar\/politica\/tras-la-convocatoria-del-gobierno-ctera-anuncio-un-paro-nacional-docente-movilizacion-n574401\" target=\"_blank\">paro nacional docente lanzado por\u00a0<strong>Ctera<\/strong><\/a>\u00a0y, de esta manera, quedar\u00e1 postergado el inicio de clases en la provincia de Santa Fe.<\/p>\n\n\n\n<p>Adem\u00e1s, las medidas de fuerza se extender\u00e1n en el territorio provincial debido a que los&nbsp;<a href=\"https:\/\/www.airedesantafe.com.ar\/paritaria-docente-a1\" target=\"_blank\" rel=\"noreferrer noopener\">docentes santafesinos<\/a>&nbsp;votaron este jueves las mociones que se conocieron en las asambleas departamentales y que&nbsp;<a href=\"https:\/\/www.airedesantafe.com.ar\/politica\/paritaria-docente-santa-fe-la-mayoria-las-mociones-amsafe-proponen-paro-n573898\" target=\"_blank\" rel=\"noreferrer noopener\">rechazan la oferta salarial del gobierno<\/a>.<\/p>\n\n\n\n<p>De esta manera, la decisi\u00f3n de c\u00f3mo ser\u00e1n y cu\u00e1nto durar\u00e1n los paros de maestros p\u00fablicos en Santa Fe ser\u00e1 anunciada este viernes por la ma\u00f1ana en la asamblea provincial, con conferencia de prensa citada para las 12 del mediod\u00eda.<\/p>\n\n\n\n<h2 class=\"wp-block-heading\">Las mociones de Amsaf\u00e9 La Capital<\/h2>\n\n\n\n<p>Hasta las 20 de este jueves, los docentes de La Capital eligieron entre cuatro medidas que coinciden en el rechazo al ofrecimiento econ\u00f3mico del gobierno y aplazan el inicio del ciclo lectivo.<\/p>\n\n\n\n<p>Esas medidas, en tanto, se diferencian en la cantidad de d\u00edas sin actividades en las aulas.<\/p>\n\n\n\n<ul class=\"wp-block-list\">\n<li>La&nbsp;<strong>primera opci\u00f3n&nbsp;<\/strong>propone un \u00abparo de 48 horas, durante el lunes 26 y el martes 27, y otro m\u00e1s la siguiente semana, si es que no existe nueva convocatoria por parte del Ejectuivo\u00bb.<\/li>\n\n\n\n<li>Otra&nbsp;<strong>moci\u00f3n&nbsp;<\/strong>habla de \u00abparo de 72 horas las primeras tres semanas\u00bb, tomando como punto de partida el 26 de febrero pr\u00f3ximo. Adem\u00e1s, se incluye \u00abmovilizaci\u00f3n, ollas populares y abrazos a la escuela\u00bb.<\/li>\n\n\n\n<li>La&nbsp;<strong>tercera posibilidad<\/strong>, que se someti\u00f3 a votaci\u00f3n de los docentes, indica \u00abparo por tiempo indeterminado a partir del lunes 26 de febrero y actividades abiertas a la poblaci\u00f3n\u00bb.<\/li>\n<\/ul>\n\n\n\n<h2 class=\"wp-block-heading\">Las mociones de Amsaf\u00e9 en Rosario<\/h2>\n\n\n\n<ul class=\"wp-block-list\">\n<li>Moci\u00f3n 1: paro de 72 horas (26, 27 y 28 de febrero), paro de 72 horas (5 y 6 de marzo y 8 de marzo) y paro de 48 horas (12 y 13 de marzo).<\/li>\n\n\n\n<li>Moci\u00f3n 2: paro de 48 horas (26 y 27 de febrero) y 48 horas (5 y 6 de marzo) con adhesi\u00f3n al 8M.<\/li>\n\n\n\n<li>Moci\u00f3n 3: paro de 48 (26 y 27 de febrero), de 48 horas (6 y 7 de marzo), y de 48 horas (13 y 14 de marzo) con adhesi\u00f3n al 8M.<\/li>\n\n\n\n<li>Moci\u00f3n 4: paro activo en las escuelas por tiempo indeterminado.<\/li>\n\n\n\n<li>Moci\u00f3n 5: paro de 48 horas (26 y 27 de febrero).<\/li>\n<\/ul>\n\n\n\n<h2 class=\"wp-block-heading\">Paritaria docente en Santa Fe: la oferta salarial del gobierno<\/h2>\n\n\n\n<p>Durante la cuarta reuni\u00f3n de paritaria docente, el gobierno present\u00f3 una oferta formal para los docentes que implica un aumento salarial del 7% para marzo.<\/p>\n\n\n\n<p>En detalle, el incremento que se ofreci\u00f3 en esta cuarta reuni\u00f3n paritaria es completar un 43,4% de aumento a los docentes para los primeros meses de 2024, constituido por:<\/p>\n\n\n\n<ul class=\"wp-block-list\">\n<li>14% de incremento que se pag\u00f3 en el mes de febrero correspondiente a enero.<\/li>\n\n\n\n<li>22,4% que se liquidar\u00e1 en las pr\u00f3ximas semanas por planilla complementaria.<\/li>\n\n\n\n<li>7% m\u00e1s, que se pagar\u00e1 con el salario de marzo, en los primeros d\u00edas de abril.<\/li>\n<\/ul>\n\n\n\n<h2 class=\"wp-block-heading\">Ctera anunci\u00f3 un paro nacional docente para el lunes<\/h2>\n\n\n\n<p>La&nbsp;<strong>Confederaci\u00f3n de Trabajadores de la Educaci\u00f3n (<a href=\"https:\/\/www.airedesantafe.com.ar\/ctera-a9888\" target=\"_blank\" rel=\"noreferrer noopener\">Ctera<\/a>)<\/strong>&nbsp;anunci\u00f3 este jueves un paro nacional docente para el lunes. Ser\u00e1 con movilizaci\u00f3n en todas las provincias y en reclamo de una paritaria nacional, adem\u00e1s del rechazo a la eliminaci\u00f3n del Fondo Nacional de Incentivo Docente.<\/p>\n\n\n\n<p>La decisi\u00f3n se tom\u00f3 en un congreso extraordinario, luego de que el Gobierno nacional convocara a tratar paritarias reci\u00e9n el pr\u00f3ximo martes, cuando estaba previsto que el lunes empezaran las clases en diez jurisdicciones.<\/p>\n\n\n\n<p>La medida gremial ser\u00e1 por 24 horas y se da a conocer luego de que los otros cuatro gremios nacionales (UDA, CEA, AMET y SADOP, nucleados en la CGT) suspendieran el cese de actividades que hab\u00edan anunciado.<\/p>\n\n\n\n<h2 class=\"wp-block-heading\">Jos\u00e9 Goity destac\u00f3 que el salario inicial docente superar\u00e1 los $400.000 si los gremios aceptan la propuesta<\/h2>\n\n\n\n<p>El ministro de Educaci\u00f3n de Santa Fe,&nbsp;<strong>Jos\u00e9 Goity<\/strong>, sostuvo en&nbsp;<strong>AIRE&nbsp;<\/strong>que el salario b\u00e1sico docente superar\u00e1 los 400.000 pesos si los gremios aceptan.<\/p>\n\n\n\n<p>\u00abSi comparamos el salario de diciembre contra el sueldo de marzo, de aceptarse esta propuesta efectivamente, el salario m\u00ednimo inicial estar\u00eda en 411.000 pesos para un maestro de grado con un turno. Esos son los n\u00fameros de los que estamos hablando, lo cual desmiente ciertas cuestiones de p\u00e9rdida nominal de salario\u00bb, explic\u00f3 el funcionario provincial en di\u00e1logo exclusivo con&nbsp;<strong>Luis Mino<\/strong>&nbsp;en el programa \u00abAhora Vengo\u00bb.<\/p>\n\n\n\n<p>Y agreg\u00f3: \u00abDurante 2024, los salarios de los docentes se incrementaron ya un 14%, se va a ampliar a 36,4% con el 22,4% con el sueldo de febrero pagado en marzo y si se acepta la propuesta se va a incorporar un 7% m\u00e1s para cerrar un trimestre con un 43,4% de aumento. Se trata de un porcentaje significativo y que est\u00e1 por encima de muchos acuerdos paritarios del conjunto de trabajadores del pa\u00eds\u00bb.<\/p>\n\n\n\n<p>Con esta propuesta salarial, el gobierno provincial plantea cerrar el primer trimestre de 2024, ya que, para marzo, est\u00e1 prevista una cl\u00e1usula de revisi\u00f3n.<\/p>\n\n\n\n<p>\u00abNosotros estamos planteando cerrar un trimestre que no es lo \u00f3ptimo ni para el gobierno ni para los trabajadores, porque lo ideal, ser\u00eda tener previsibilidad. Quedamos abiertos a negociaciones permanentes, que no creo que sea bueno, pero es la posibilidad que hay\u00bb, explic\u00f3.<\/p>\n\n\n\n<p>Finalmente, habl\u00f3 sobre la posibilidad concreta de que los gremios docentes realicen un paro que imposibilite el inicio de las clases previsto para el pr\u00f3ximo 26 de febrero en Santa Fe.<\/p>\n\n\n\n<p>\u00abEn este momento necesitamos ver la salida y la salida es entre todos, con los chicos en la escuela. Vamos a seguir charlando, creo que vamos a llegar a un acuerdo. Vamos a seguir charlando, vamos a seguir discutiendo y vamos a hacer todos los esfuerzos para llegar a un acuerdo. Lamentablemente, es probable que ese acuerdo, est\u00e9 mediado por paro, que no es lo ideal y no es lo que queremos\u00bb, concluy\u00f3.<\/p>\n\n\n\n<p>airesantafe.com.ar<\/p>\n","protected":false},"excerpt":{"rendered":"<p>Los docentes santafesinos votaron este jueves c\u00f3mo se llevar\u00e1n adelante las medidas de fuerza en&#8230;<\/p>\n","protected":false},"author":3,"featured_media":13264,"comment_status":"closed","ping_status":"closed","sticky":false,"template":"","format":"standard","meta":{"footnotes":""},"categories":[20,3],"tags":[],"class_list":["post-13263","post","type-post","status-publish","format-standard","has-post-thumbnail","hentry","category-entrevistas","category-noticias"],"featured_image_urls":{"full":["https:\/\/fmamiga909.com.ar\/wp-content\/uploads\/2024\/02\/escc.jpg",279,180,false],"thumbnail":["https:\/\/fmamiga909.com.ar\/wp-content\/uploads\/2024\/02\/escc-150x150.jpg",150,150,true],"medium":["https:\/\/fmamiga909.com.ar\/wp-content\/uploads\/2024\/02\/escc.jpg",279,180,false],"medium_large":["https:\/\/fmamiga909.com.ar\/wp-content\/uploads\/2024\/02\/escc.jpg",279,180,false],"large":["https:\/\/fmamiga909.com.ar\/wp-content\/uploads\/2024\/02\/escc.jpg",279,180,false],"1536x1536":["https:\/\/fmamiga909.com.ar\/wp-content\/uploads\/2024\/02\/escc.jpg",279,180,false],"2048x2048":["https:\/\/fmamiga909.com.ar\/wp-content\/uploads\/2024\/02\/escc.jpg",279,180,false],"newsium-slider-full":["https:\/\/fmamiga909.com.ar\/wp-content\/uploads\/2024\/02\/escc.jpg",279,180,false],"newsium-featured":["https:\/\/fmamiga909.com.ar\/wp-content\/uploads\/2024\/02\/escc.jpg",279,180,false],"newsium-medium":["https:\/\/fmamiga909.com.ar\/wp-content\/uploads\/2024\/02\/escc.jpg",279,180,false]},"author_info":{"display_name":"Fredy Giuliano","author_link":"https:\/\/fmamiga909.com.ar\/?author=3"},"category_info":"<a href=\"https:\/\/fmamiga909.com.ar\/?cat=20\" rel=\"category\">Entrevistas<\/a> <a href=\"https:\/\/fmamiga909.com.ar\/?cat=3\" rel=\"category\">Noticias<\/a>","tag_info":"Noticias","comment_count":"0","_links":{"self":[{"href":"https:\/\/fmamiga909.com.ar\/index.php?rest_route=\/wp\/v2\/posts\/13263","targetHints":{"allow":["GET"]}}],"collection":[{"href":"https:\/\/fmamiga909.com.ar\/index.php?rest_route=\/wp\/v2\/posts"}],"about":[{"href":"https:\/\/fmamiga909.com.ar\/index.php?rest_route=\/wp\/v2\/types\/post"}],"author":[{"embeddable":true,"href":"https:\/\/fmamiga909.com.ar\/index.php?rest_route=\/wp\/v2\/users\/3"}],"replies":[{"embeddable":true,"href":"https:\/\/fmamiga909.com.ar\/index.php?rest_route=%2Fwp%2Fv2%2Fcomments&post=13263"}],"version-history":[{"count":1,"href":"https:\/\/fmamiga909.com.ar\/index.php?rest_route=\/wp\/v2\/posts\/13263\/revisions"}],"predecessor-version":[{"id":13265,"href":"https:\/\/fmamiga909.com.ar\/index.php?rest_route=\/wp\/v2\/posts\/13263\/revisions\/13265"}],"wp:featuredmedia":[{"embeddable":true,"href":"https:\/\/fmamiga909.com.ar\/index.php?rest_route=\/wp\/v2\/media\/13264"}],"wp:attachment":[{"href":"https:\/\/fmamiga909.com.ar\/index.php?rest_route=%2Fwp%2Fv2%2Fmedia&parent=13263"}],"wp:term":[{"taxonomy":"category","embeddable":true,"href":"https:\/\/fmamiga909.com.ar\/index.php?rest_route=%2Fwp%2Fv2%2Fcategories&post=13263"},{"taxonomy":"post_tag","embeddable":true,"href":"https:\/\/fmamiga909.com.ar\/index.php?rest_route=%2Fwp%2Fv2%2Ftags&post=13263"}],"curies":[{"name":"wp","href":"https:\/\/api.w.org\/{rel}","templated":true}]}}