{"id":13276,"date":"2024-02-24T00:03:10","date_gmt":"2024-02-24T00:03:10","guid":{"rendered":"https:\/\/fmamiga909.com.ar\/?p=13276"},"modified":"2024-02-24T00:03:10","modified_gmt":"2024-02-24T00:03:10","slug":"demichelis-espera-por-borja-para-definir-el-equipo-para-el-superclasico","status":"publish","type":"post","link":"https:\/\/fmamiga909.com.ar\/?p=13276","title":{"rendered":"Demichelis espera por Borja para definir el equipo para el Supercl\u00e1sico"},"content":{"rendered":"<div>\n<figure class=\"mb-3\"><img decoding=\"async\" src=\"https:\/\/www.telam.com.ar\/thumbs\/bluesteel\/advf\/imagenes\/2024\/02\/65cf334a433d7_1200.jpg\" class=\" lazy \" width=\"100%\" height=\"100%\" alt=\"Foto archivo\"\/><figcaption> Foto: archivo. <\/figcaption><\/figure>\n<p> El entrenador de River Plate, <strong>Mart\u00edn Demichelis<\/strong>, esperar\u00e1 por el delantero <strong>Miguel Borja <\/strong>hasta el entrenamiento de este s\u00e1bado para definir el equipo que jugar\u00e1 el domingo ante Boca en el Monumental M\u00e1s por la Copa de la Liga Profesional de F\u00fatbol (LPF).<\/p>\n<p>El colombiano Borja volvi\u00f3 a trabajar de manera liviana pero se mantiene el optimismo para que pueda estar entre los concentrados que se van a conocer reci\u00e9n el s\u00e1bado por la tarde a pesar que <strong>sufri\u00f3 un peque\u00f1o desgarro en el aductor izquierdo<\/strong> hace apenas una decena de d\u00edas, en el partido que River empat\u00f3 con Atl\u00e9tico Tucum\u00e1n (0-0).<\/p>\n<p>No obstante, las dudas de Demichelis tambi\u00e9n existen en otros puestos del equipo y hasta analiza un posible cambio de sistema t\u00e1ctico (si no juega el colombiano) con el ingreso de un volante ofensivo, Claudio Echeverri u otro punta, Pablo Solari.<\/p>\n<p>Adem\u00e1s sigue sin resolverse el tema del volante central ya que el DT ensay\u00f3 con Rodrigo Villagra que no jug\u00f3 a\u00fan de titular y sum\u00f3 unos pocos minutos de suplente o Nicol\u00e1s Fonseca que viene siendo parte del 11 pero con rendimientos irregulares.<\/p>\n<blockquote class=\"twitter-tweet\">\n<p lang=\"es\" dir=\"ltr\">D\u00eda terminado en Ezeiza. \u26bd\ufe0f\ud83d\udcaa\ud83c\udffb<\/p>\n<p>\ud83d\udd1c \ud835\udc7a\ud835\udc96\ud835\udc91\ud835\udc86\ud835\udc93\ud835\udc84\ud835\udc8d\ud835\udc82\u0301\ud835\udc94\ud835\udc8a\ud835\udc84\ud835\udc90. <a href=\"https:\/\/t.co\/EaZ0NZqX8q\">pic.twitter.com\/EaZ0NZqX8q<\/a><\/p>\n<p>\u2014 River Plate (@RiverPlate) <a href=\"https:\/\/twitter.com\/RiverPlate\/status\/1760746116314976422?ref_src=twsrc%5Etfw\">February 22, 2024<\/a><\/p><\/blockquote>\n<p> Las otras posibilidades son la de <strong>Mat\u00edas Kranevitter<\/strong> que no jug\u00f3 en el a\u00f1o por un desgarro y reci\u00e9n estuvo a la par del resto en la semana o Agust\u00edn Palavecino que ya hizo dupla con Rodrigo Aliendro pero sin jugar bien.<\/p>\n<p>Por otro lado, en los \u00faltimos trabajos, Demichelis incluy\u00f3 en algunos pasajes de las tareas t\u00e1cticas a Agust\u00edn Sant \u2018anna por Andr\u00e9s Herrera pero el cambio es m\u00e1s una circunstancia de partido especial que un cambio en el equipo inicial.<\/p>\n<p>As\u00ed, en el caso de no contar con Borja, el equipo de River ser\u00eda con: Franco Armani; Andr\u00e9s Herrera, Leandro Gonz\u00e1lez Pirez, Paulo D\u00edaz y Enzo D\u00edaz; Rodrigo Aliendro y Nicol\u00e1s Fonseca o Rodrigo Villagra; Esequiel Barco, Ignacio \u00abNacho\u00bb Fern\u00e1ndez y Claudio Echeverri o Pablo Solari; Facundo Colidio.<\/p>\n<p>Por otro lado, no estar\u00e1 en condiciones de ser convocados Manuel Lanzini que se recupera de un desgarro sufrido hace m\u00e1s de un mes en el \u00faltimo amistoso de pretemporada y se estima que la semana pr\u00f3xima podr\u00e1 tener el alta m\u00e9dica.<\/p>\n<p>Con este panorama el equipo entren\u00f3 en el River Camp y ma\u00f1ana se repetir\u00e1 la rutina con posterior concentraci\u00f3n del equipo en el M\u00e1s Monumental donde el domingo por la fecha 7 de la Copa de la Liga recibir\u00e1 a Boca desde las 17 horas.<\/p>\n<p><iframe loading=\"lazy\" src=\"https:\/\/estdeportes.telam.com.ar\/html\/v3\/minapp\/modules\/futbol\/preview\/preview.html?channel=deportes.futbol.copalpf.2643438.preview&amp;lang=es_LA\" width=\"100%\" height=\"1025\" scrolling=\"auto\" style=\"width: 1px; min-width: 100%; *width: 100%;\" class=\"\"><\/iframe> <\/p>\n<\/div>\n<p><script async src=\"\/\/platform.twitter.com\/widgets.js\" charset=\"utf-8\"><\/script><script async defer crossorigin=\"anonymous\" src=\"https:\/\/connect.facebook.net\/es_LA\/sdk.js#xfbml=1&#038;version=v12.0\" nonce=\"SBlHQzIF\"><\/script><br \/><a href=\"https:\/\/www.telam.com.ar\/notas\/202402\/656102-river-martin-demichelis-miguel-borja-equipo-superclasico.html\">source<\/a><\/p>\n","protected":false},"excerpt":{"rendered":"<p>Foto: archivo. El entrenador de River Plate, Mart\u00edn Demichelis, esperar\u00e1 por el delantero Miguel Borja&#8230;<\/p>\n","protected":false},"author":3,"featured_media":13277,"comment_status":"closed","ping_status":"closed","sticky":false,"template":"","format":"standard","meta":{"footnotes":""},"categories":[21],"tags":[],"class_list":["post-13276","post","type-post","status-publish","format-standard","has-post-thumbnail","hentry","category-deportes"],"featured_image_urls":{"full":["https:\/\/fmamiga909.com.ar\/wp-content\/uploads\/2024\/02\/wp-header-logo-178.png",1200,674,false],"thumbnail":["https:\/\/fmamiga909.com.ar\/wp-content\/uploads\/2024\/02\/wp-header-logo-178-150x150.png",150,150,true],"medium":["https:\/\/fmamiga909.com.ar\/wp-content\/uploads\/2024\/02\/wp-header-logo-178-300x169.png",300,169,true],"medium_large":["https:\/\/fmamiga909.com.ar\/wp-content\/uploads\/2024\/02\/wp-header-logo-178.png",1200,674,false],"large":["https:\/\/fmamiga909.com.ar\/wp-content\/uploads\/2024\/02\/wp-header-logo-178-1024x575.png",640,359,true],"1536x1536":["https:\/\/fmamiga909.com.ar\/wp-content\/uploads\/2024\/02\/wp-header-logo-178.png",1200,674,false],"2048x2048":["https:\/\/fmamiga909.com.ar\/wp-content\/uploads\/2024\/02\/wp-header-logo-178.png",1200,674,false],"newsium-slider-full":["https:\/\/fmamiga909.com.ar\/wp-content\/uploads\/2024\/02\/wp-header-logo-178.png",1200,674,false],"newsium-featured":["https:\/\/fmamiga909.com.ar\/wp-content\/uploads\/2024\/02\/wp-header-logo-178-1024x575.png",1024,575,true],"newsium-medium":["https:\/\/fmamiga909.com.ar\/wp-content\/uploads\/2024\/02\/wp-header-logo-178-720x475.png",720,475,true]},"author_info":{"display_name":"Fredy Giuliano","author_link":"https:\/\/fmamiga909.com.ar\/?author=3"},"category_info":"<a href=\"https:\/\/fmamiga909.com.ar\/?cat=21\" rel=\"category\">Deportes<\/a>","tag_info":"Deportes","comment_count":"0","_links":{"self":[{"href":"https:\/\/fmamiga909.com.ar\/index.php?rest_route=\/wp\/v2\/posts\/13276","targetHints":{"allow":["GET"]}}],"collection":[{"href":"https:\/\/fmamiga909.com.ar\/index.php?rest_route=\/wp\/v2\/posts"}],"about":[{"href":"https:\/\/fmamiga909.com.ar\/index.php?rest_route=\/wp\/v2\/types\/post"}],"author":[{"embeddable":true,"href":"https:\/\/fmamiga909.com.ar\/index.php?rest_route=\/wp\/v2\/users\/3"}],"replies":[{"embeddable":true,"href":"https:\/\/fmamiga909.com.ar\/index.php?rest_route=%2Fwp%2Fv2%2Fcomments&post=13276"}],"version-history":[{"count":0,"href":"https:\/\/fmamiga909.com.ar\/index.php?rest_route=\/wp\/v2\/posts\/13276\/revisions"}],"wp:featuredmedia":[{"embeddable":true,"href":"https:\/\/fmamiga909.com.ar\/index.php?rest_route=\/wp\/v2\/media\/13277"}],"wp:attachment":[{"href":"https:\/\/fmamiga909.com.ar\/index.php?rest_route=%2Fwp%2Fv2%2Fmedia&parent=13276"}],"wp:term":[{"taxonomy":"category","embeddable":true,"href":"https:\/\/fmamiga909.com.ar\/index.php?rest_route=%2Fwp%2Fv2%2Fcategories&post=13276"},{"taxonomy":"post_tag","embeddable":true,"href":"https:\/\/fmamiga909.com.ar\/index.php?rest_route=%2Fwp%2Fv2%2Ftags&post=13276"}],"curies":[{"name":"wp","href":"https:\/\/api.w.org\/{rel}","templated":true}]}}