{"id":13309,"date":"2024-02-27T16:14:12","date_gmt":"2024-02-27T16:14:12","guid":{"rendered":"https:\/\/fmamiga909.com.ar\/?p=13309"},"modified":"2024-02-27T16:14:12","modified_gmt":"2024-02-27T16:14:12","slug":"central-vencio-en-el-coloso-a-newells-y-se-quedo-con-el-clasico-rosarino","status":"publish","type":"post","link":"https:\/\/fmamiga909.com.ar\/?p=13309","title":{"rendered":"Central venci\u00f3 en el Coloso a Newell&#039;s y se qued\u00f3 con el cl\u00e1sico rosarino"},"content":{"rendered":"<div>\n<figure class=\"mb-3\"><img decoding=\"async\" src=\"https:\/\/www.telam.com.ar\/thumbs\/bluesteel\/advf\/imagenes\/2024\/02\/65dbe6adf1fd2_1200.jpg\" class=\" lazy \" width=\"100%\" height=\"100%\" alt=\"Foto Sebastin Granata \"\/><figcaption> Foto Sebasti\u00e1n Granata. <\/figcaption><\/figure>\n<p>Rosario Central, el campe\u00f3n vigente de la Copa de la Liga, venci\u00f3 este domingo 1-0 a Newell&#8217;s como visitante, en un cl\u00e1sico rosarino jugado en el estadio Coloso Bielsa del Parque Independencia de Rosario, por la s\u00e9ptima fecha de la Copa de la Liga Profesional.<\/p>\n<p>El gol -un golazo- fue convertido por el volante ofensivo \u00abcanalla\u00bb Ignacio Malcorra, el mismo que hab\u00eda convertido el tanto de la victoria en el cl\u00e1sico anterior, tambi\u00e9n 1-0, en el Gigante de Arroyito, de tiro libre en aquella ocasi\u00f3n.<\/p>\n<p><strong>Newell&#8217;s jug\u00f3 mejor en el primer tiempo porque recuper\u00f3 r\u00e1pido la pelota en el medio<\/strong> con el t\u00e1ndem Juli\u00e1n Fern\u00e1ndez y Rodrigo Fern\u00e1ndez y fue vertical en sus ataques por los costados, en especial con Martino y Aguirre por la izquierda.<\/p>\n<p><strong>Con este libreto el local dispuso de cuatro llegadas claras<\/strong>, como un gol anulado a Francisco Gonz\u00e1lez por posici\u00f3n adelantada a los 17 minutos, luego de un tiro libre mal tirado por Jonatan G\u00f3mez, que deriv\u00f3 en un contraataque de May a Ram\u00edrez, un remate del delantero y una salvada a medias de Broun.<\/p>\n<p>A los 31 minutos \u00c1ngelo Martino, sobrino del t\u00e9cnico Gustavo Alfaro, asisti\u00f3 a Gonz\u00e1lez por la izquierda y el delantero pate\u00f3 cerca del \u00e1ngulo superior derecho.<\/p>\n<p><figure class=\"mb-3\"><img decoding=\"async\" src=\"https:\/\/www.telam.com.ar\/thumbs\/bluesteel\/advf\/imagenes\/2024\/02\/65dbd6b7ccf42_1200.jpg\" class=\" lazy \" width=\"100%\" height=\"100%\" alt=\"Foto Sebastin Granata \"\/><figcaption> Foto Sebasti\u00e1n Granata. <\/figcaption><\/figure>\n<\/p>\n<p>En el mismo minuto \u00abPanchito\u00bb Gonz\u00e1lez mand\u00f3 un buen centro desde la izquierda que Ram\u00edrez cabece\u00f3 solo, cerca del travesa\u00f1o.<\/p>\n<p>A los 37 minutos Newell&#8217;s tuvo su jugada m\u00e1s clara en una diagonal de Aguirre por la izquierda, quien le peg\u00f3 de derecha, pero Broun salv\u00f3 al c\u00f3rner en gran forma, en el primer palo, abajo.<\/p>\n<p>Central, que sufri\u00f3 el primer tiempo porque no encontr\u00f3 la pelota, tuvo su primera llegada clara a los 37 minutos en un buen tiro libre de Malcorra desde la izquierda que Mallo cabece\u00f3 solo, pero la martill\u00f3 demasiado y la pelota cay\u00f3 mansa en las manos de Macagno, cuando s\u00f3lo deb\u00eda acertarle al arco.<\/p>\n<p>La visita hab\u00eda tenido una buena aproximaci\u00f3n en el comienzo, a los cuatro minutos, cuando Campaz ubic\u00f3 a Malcorra por la derecha y su centro fuerte no fue alcanzado por Mallo, solo por el segundo palo.<\/p>\n<p>Newell&#8217;s volvi\u00f3 a llegar a los 45 minutos con un buen centro de Martino a Gonz\u00e1lez por la derecha, quien la cachete\u00f3 de zurda, pero Broun se qued\u00f3 con la pelota.<\/p>\n<p>En un partido muy trabado y con infracciones por doquier, Mastr\u00e1ngelo tuvo un arbitraje localista, como cuando no sancion\u00f3 una clara falta de Martino a Malcorra a los 37 minutos y, adem\u00e1s, aplic\u00f3 una doble vara en la sanci\u00f3n de las faltas y de las amonestaciones.<\/p>\n<p>El complemento tuvo otro desarrollo porque Central se par\u00f3 mejor en su campo, presion\u00f3 y recuper\u00f3 m\u00e1s la pelota con \u00abCaramelo\u00bb Mart\u00ednez y Jonatan G\u00f3mez y le sum\u00f3 juego con Malcorra, Campaz y Cervera.<\/p>\n<p>Newell&#8217;s continu\u00f3 con su b\u00fasqueda ofensiva con centros, pero no volvi\u00f3 a llegar con peligro hasta que <strong>a los 11 minutos Central construy\u00f3 la gran jugada de la victoria: Campaz gambete\u00f3 por la izquierda del \u00e1rea, ubic\u00f3 atr\u00e1s a Jonatan G\u00f3mez y el volante que volvi\u00f3 a su club la abri\u00f3 justa para Malcorra, por la derecha. El 10 encar\u00f3 al marcador, enganch\u00f3 y la cruz\u00f3 de zurda para clavarla abajo, en el segundo palo<\/strong>, en gol de antolog\u00eda que enmudeci\u00f3 al Coloso Bielsa.<\/p>\n<p><figure class=\"mb-3\"><img decoding=\"async\" src=\"https:\/\/www.telam.com.ar\/thumbs\/bluesteel\/advf\/imagenes\/2024\/02\/65dbd6b83c2eb_1200.jpg\" class=\" lazy \" width=\"100%\" height=\"100%\" alt=\"Foto Sebastin Granata \"\/><figcaption> Foto Sebasti\u00e1n Granata. <\/figcaption><\/figure>\n<\/p>\n<p>Entonces Newell&#8217;s busc\u00f3 con desbordes de M\u00e9ndez, Gonz\u00e1lez y Aguirre, con centros a Ram\u00edrez y con remates de afuera, que no hicieron m\u00e1s que agigantar las figuras de Broun, Mallo, Quintana, S\u00e1ndez y \u00abCaramelo\u00bb Mart\u00ednez.<\/p>\n<p>Newell&#8217;s tuvo su llegada m\u00e1s clara a los 32 minutos cuando Aguirre enganch\u00f3 por la izquierda y remat\u00f3 de derecha, Broun contuvo a medias, el rebote le cay\u00f3 a Glavinovich y \u00abFatura\u00bb le puso el pecho y volvi\u00f3 a salvar en gran forma su arco.<\/p>\n<p>Malcorra casi lo liquida a los 45 minutos cuando qued\u00f3 solo frente al arco, pero su zurdazo se desvi\u00f3 en Vel\u00e1zquez, cuando lo ten\u00eda a Lovera solo por la derecha.<\/p>\n<p><strong>As\u00ed, Central cort\u00f3 una racha adversa sin ganar afuera desde la \u00faltima fecha del torneo anterior, cuando venci\u00f3 2-1 a Arsenal<\/strong>, que con Russo signific\u00f3 su tercera victoria fuera de casa y, adem\u00e1s, ratific\u00f3 la notable supremac\u00eda sobre el cl\u00e1sico rival, al que lleva una diferencia de 18 partidos ganados.<\/p>\n<p><strong>Y Miguel \u00c1ngel Russo ratific\u00f3 su sorprendente racha invicta en el cl\u00e1sico rosarino<\/strong>, donde dirigi\u00f3 a Central 12 partidos, con siete victorias y cinco empates.<br \/><iframe loading=\"lazy\" src=\"https:\/\/estdeportes.telam.com.ar\/html\/v3\/minapp\/modules\/futbol\/gamecast\/gamecast.html?channel=deportes.futbol.copalpf.2643435&amp;lang=es_LA&amp;page=gamecast&amp;hidePagesMenu=true\" width=\"100%\" height=\"1150\" scrolling=\"auto\" style=\"width: 1px; min-width: 100%; *width: 100%;\" class=\"\"><\/iframe><\/p>\n<\/div>\n<p><script async defer crossorigin=\"anonymous\" src=\"https:\/\/connect.facebook.net\/es_LA\/sdk.js#xfbml=1&#038;version=v12.0\" nonce=\"SBlHQzIF\"><\/script><br \/><a href=\"https:\/\/www.telam.com.ar\/notas\/202402\/656206-newells-rosario-central-copa-de-la-liga-marcelo-larriera-miguel-angel-russo-copa-de-la-liga-clasico-rosarino.html\">source<\/a><\/p>\n","protected":false},"excerpt":{"rendered":"<p>Foto Sebasti\u00e1n Granata. Rosario Central, el campe\u00f3n vigente de la Copa de la Liga, venci\u00f3&#8230;<\/p>\n","protected":false},"author":3,"featured_media":13310,"comment_status":"closed","ping_status":"closed","sticky":false,"template":"","format":"standard","meta":{"footnotes":""},"categories":[21],"tags":[],"class_list":["post-13309","post","type-post","status-publish","format-standard","has-post-thumbnail","hentry","category-deportes"],"featured_image_urls":{"full":["https:\/\/fmamiga909.com.ar\/wp-content\/uploads\/2024\/02\/wp-header-logo-194.png",1200,675,false],"thumbnail":["https:\/\/fmamiga909.com.ar\/wp-content\/uploads\/2024\/02\/wp-header-logo-194-150x150.png",150,150,true],"medium":["https:\/\/fmamiga909.com.ar\/wp-content\/uploads\/2024\/02\/wp-header-logo-194-300x169.png",300,169,true],"medium_large":["https:\/\/fmamiga909.com.ar\/wp-content\/uploads\/2024\/02\/wp-header-logo-194.png",1200,675,false],"large":["https:\/\/fmamiga909.com.ar\/wp-content\/uploads\/2024\/02\/wp-header-logo-194-1024x576.png",640,360,true],"1536x1536":["https:\/\/fmamiga909.com.ar\/wp-content\/uploads\/2024\/02\/wp-header-logo-194.png",1200,675,false],"2048x2048":["https:\/\/fmamiga909.com.ar\/wp-content\/uploads\/2024\/02\/wp-header-logo-194.png",1200,675,false],"newsium-slider-full":["https:\/\/fmamiga909.com.ar\/wp-content\/uploads\/2024\/02\/wp-header-logo-194.png",1200,675,false],"newsium-featured":["https:\/\/fmamiga909.com.ar\/wp-content\/uploads\/2024\/02\/wp-header-logo-194-1024x576.png",1024,576,true],"newsium-medium":["https:\/\/fmamiga909.com.ar\/wp-content\/uploads\/2024\/02\/wp-header-logo-194-720x475.png",720,475,true]},"author_info":{"display_name":"Fredy Giuliano","author_link":"https:\/\/fmamiga909.com.ar\/?author=3"},"category_info":"<a href=\"https:\/\/fmamiga909.com.ar\/?cat=21\" rel=\"category\">Deportes<\/a>","tag_info":"Deportes","comment_count":"0","_links":{"self":[{"href":"https:\/\/fmamiga909.com.ar\/index.php?rest_route=\/wp\/v2\/posts\/13309","targetHints":{"allow":["GET"]}}],"collection":[{"href":"https:\/\/fmamiga909.com.ar\/index.php?rest_route=\/wp\/v2\/posts"}],"about":[{"href":"https:\/\/fmamiga909.com.ar\/index.php?rest_route=\/wp\/v2\/types\/post"}],"author":[{"embeddable":true,"href":"https:\/\/fmamiga909.com.ar\/index.php?rest_route=\/wp\/v2\/users\/3"}],"replies":[{"embeddable":true,"href":"https:\/\/fmamiga909.com.ar\/index.php?rest_route=%2Fwp%2Fv2%2Fcomments&post=13309"}],"version-history":[{"count":0,"href":"https:\/\/fmamiga909.com.ar\/index.php?rest_route=\/wp\/v2\/posts\/13309\/revisions"}],"wp:featuredmedia":[{"embeddable":true,"href":"https:\/\/fmamiga909.com.ar\/index.php?rest_route=\/wp\/v2\/media\/13310"}],"wp:attachment":[{"href":"https:\/\/fmamiga909.com.ar\/index.php?rest_route=%2Fwp%2Fv2%2Fmedia&parent=13309"}],"wp:term":[{"taxonomy":"category","embeddable":true,"href":"https:\/\/fmamiga909.com.ar\/index.php?rest_route=%2Fwp%2Fv2%2Fcategories&post=13309"},{"taxonomy":"post_tag","embeddable":true,"href":"https:\/\/fmamiga909.com.ar\/index.php?rest_route=%2Fwp%2Fv2%2Ftags&post=13309"}],"curies":[{"name":"wp","href":"https:\/\/api.w.org\/{rel}","templated":true}]}}