{"id":13337,"date":"2024-02-29T07:09:56","date_gmt":"2024-02-29T07:09:56","guid":{"rendered":"https:\/\/fmamiga909.com.ar\/?p=13337"},"modified":"2024-02-29T07:09:56","modified_gmt":"2024-02-29T07:09:56","slug":"lema-con-una-molestia-pone-en-jaque-el-plan-de-diego-martinez-para-recibir-a-belgrano","status":"publish","type":"post","link":"https:\/\/fmamiga909.com.ar\/?p=13337","title":{"rendered":"Lema, con una molestia, pone en jaque el plan de Diego Mart\u00ednez para recibir a Belgrano"},"content":{"rendered":"<div>\n<figure class=\"mb-3\"><img decoding=\"async\" src=\"https:\/\/www.telam.com.ar\/thumbs\/bluesteel\/advf\/imagenes\/2024\/02\/65dba6b03cda9_1200.jpg\" class=\" lazy \" width=\"100%\" height=\"100%\" alt=\"Foto Fernando Gens \"\/><figcaption> Foto Fernando Gens. <\/figcaption><\/figure>\n<p> El defensor central de Boca Cristian Lema continu\u00f3 este mi\u00e9rcoles entrenando de manera diferenciada y pone en dudas el plan del entrenador, Diego Mart\u00ednez, de mantener los mismos nombres contra Belgrano de C\u00f3rdoba, este domingo como local, por la octava fecha de la Copa de la Liga Profesional de F\u00fatbol (LPF).<\/p>\n<p>Lema tiene dos problemas f\u00edsicos marcados, que no se comunicaron de manera oficial pero trascendieron post empate en el Supercl\u00e1sico con River (1-1) en el Monumental. Es que el exfutbolista de Lan\u00fas arrastra una dolencia en su tobillo derecho y adem\u00e1s una sobrecarga muscular con la agenda pesada del inicio de temporada -jugaron siete partidos en 45 d\u00edas-.<\/p>\n<p>Sin dudas, <strong>la potencial ausencia de Lema es un problema de gravedad para Mart\u00ednez, que encontr\u00f3 en este jugador al reemplazante ideal del lesionado Marcos Rojo<\/strong>. De hecho, Lema mostr\u00f3 un gran nivel en todos los partidos y tambi\u00e9n mucha personalidad, siendo figura en casi todos los encuentros con su capacidad a\u00e9rea y de anticipaci\u00f3n.<\/p>\n<p><strong>Boca podr\u00eda perder uno de sus baluartes<\/strong> en una campa\u00f1a marcada por la irregularidad y la falta de juego que demanda su historia y el plantel con el que cuenta.<\/p>\n<p>Los escasos 10 puntos en la zona B lo ponen en la obligaci\u00f3n de ganar en su pr\u00f3xima presentaci\u00f3n frente a su gente para no perderle pisada a Newell&#8217;s Old Boys de Rosario (12), Defensa y Justicia (12), Racing Club (13) y Lan\u00fas (13) en la pelea por clasificarse a los cuartos de final.<\/p>\n<p><strong>Mart\u00ednez determin\u00f3 que esperar\u00e1 hasta \u00faltimo momento por Lema, a\u00fan sin reemplazante claro a la vista, el que mayores chances tiene es Nicol\u00e1s Valentini,<\/strong> quien regres\u00f3 del Preol\u00edmpico Sub-23 de Venezuela.<\/p>\n<p>La raz\u00f3n que m\u00e1s sopesa sobre darle descanso al experimentado futbolista es la seguidilla posterior en la Copa de la Liga: el primero el domingo ante Belgrano, luego el mi\u00e9rcoles en Santa Fe ante Uni\u00f3n y el siguiente fin de semana de local ante Racing Club.<\/p>\n<p>Boca tiene apenas 10 puntos en la Copa de la Liga y est\u00e1 noveno, lejos del l\u00edder Godoy Cruz (19) y con partidos importantes por delante en las siete fechas que restan para terminar la fase de grupos, ya que solo cuatro equipos avanzar\u00e1n a los cuartos de final.<\/p>\n<p>Por otro lado, <strong>Dar\u00edo Benedetto, algo relegado por su bajo nivel en los \u00faltimos tiempos, se retir\u00f3 de la pr\u00e1ctica por un malestar f\u00edsico<\/strong> y de acuerdo a su evoluci\u00f3n se determinar\u00e1 si estar\u00e1 o no disponible.<\/p>\n<p><figure class=\"mb-3\"><img decoding=\"async\" src=\"https:\/\/www.telam.com.ar\/thumbs\/bluesteel\/advf\/imagenes\/2022\/07\/62e05135ef135_1200.jpg\" class=\" lazy \" width=\"100%\" height=\"100%\" alt=\"Foto archivo Osvaldo Fantn \"\/><figcaption> Foto archivo: Osvaldo Fant\u00f3n. <\/figcaption><\/figure>\n<\/p>\n<p><strong>Benedetto, de 33 a\u00f1os, se retir\u00f3 del predio que Boca posee en Ezeiza antes de terminar la pr\u00e1ctica<\/strong> y no se inform\u00f3 si la molestia revest\u00eda gravedad.<\/p>\n<p>El \u00abPipa\u00bb corre de atr\u00e1s en la pelea por el puesto de Edinson Cavani, al que todav\u00eda el gol lo esquiva, y as\u00ed lo dej\u00f3 en claro el DT en conferencia de prensa.<\/p>\n<p>\u00abEs un futbolista incre\u00edble, no est\u00e1 convirtiendo, pero ya va a convertir. Tiene muy claro el rumbo y estoy encantado de trabajar con \u00e9l\u00bb, afirm\u00f3 el DT pos Supercl\u00e1sico.<\/p>\n<p><strong>En tanto, los colombianos Frank Fabra y Jorman Campuzano<\/strong>, ambos ausentes ayer en el regreso a los entrenamientos luego del empate en el Supercl\u00e1sico, debido a sendos cuadros gripales, <strong>entrenaron con normalidad durante esta jornada.<\/strong><\/p>\n<p>Fabra y Campuzano, ambos suplentes en el Supercl\u00e1sico que finaliz\u00f3 empatado 1 a 1 en el estadio M\u00e1s Monumental de River, ser\u00e1n tenidos en cuenta por Mart\u00ednez aunque se presume que no para el equipo titular.<\/p>\n<p>En tanto, <strong>los que tampoco tomaron parte del ensayo junto al grupo fueron los lesionados Marcos Rojo y Guillermo \u00abPol\u00bb Fern\u00e1ndez.<\/strong><\/p>\n<p>En el caso de Rojo, no super\u00f3 a\u00fan un desgarro que le impidi\u00f3 jugar en lo que va del a\u00f1o, mientras que \u00abPol\u00bb padece un esguince en el tobillo derecho y tiene para unos d\u00edas m\u00e1s todav\u00eda.<\/p>\n<p>Un probable equipo ser\u00eda Sergio Romero; Luis Adv\u00edncula, Cristian Lema o Nicol\u00e1s Valentini, Nicol\u00e1s Figal y Lautaro Blanco; Jabes Saralegui, Cristian Medina, Ezequiel Fern\u00e1ndez y Kevin Zen\u00f3n; Miguel Merentiel y Edinson Cavani.<\/p>\n<p>Todav\u00eda quedar\u00e1n tres entrenamientos para determinar si estos nombres saltar\u00e1n al campo de juego de La Bombonera este domingo, a las 19.15, contra Belgrano de C\u00f3rdoba, con arbitraje de Nazareno Arasa. <\/p>\n<\/div>\n<p><script async defer crossorigin=\"anonymous\" src=\"https:\/\/connect.facebook.net\/es_LA\/sdk.js#xfbml=1&#038;version=v12.0\" nonce=\"SBlHQzIF\"><\/script><br \/><a href=\"https:\/\/www.telam.com.ar\/notas\/202402\/656536-futbol-boca-entrenamiento-benedetto-retiro-lesion.html\">source<\/a><\/p>\n","protected":false},"excerpt":{"rendered":"<p>Foto Fernando Gens. El defensor central de Boca Cristian Lema continu\u00f3 este mi\u00e9rcoles entrenando de&#8230;<\/p>\n","protected":false},"author":3,"featured_media":13338,"comment_status":"closed","ping_status":"closed","sticky":false,"template":"","format":"standard","meta":{"footnotes":""},"categories":[21],"tags":[],"class_list":["post-13337","post","type-post","status-publish","format-standard","has-post-thumbnail","hentry","category-deportes"],"featured_image_urls":{"full":["https:\/\/fmamiga909.com.ar\/wp-content\/uploads\/2024\/02\/wp-header-logo-207.png",1200,675,false],"thumbnail":["https:\/\/fmamiga909.com.ar\/wp-content\/uploads\/2024\/02\/wp-header-logo-207-150x150.png",150,150,true],"medium":["https:\/\/fmamiga909.com.ar\/wp-content\/uploads\/2024\/02\/wp-header-logo-207-300x169.png",300,169,true],"medium_large":["https:\/\/fmamiga909.com.ar\/wp-content\/uploads\/2024\/02\/wp-header-logo-207.png",1200,675,false],"large":["https:\/\/fmamiga909.com.ar\/wp-content\/uploads\/2024\/02\/wp-header-logo-207-1024x576.png",640,360,true],"1536x1536":["https:\/\/fmamiga909.com.ar\/wp-content\/uploads\/2024\/02\/wp-header-logo-207.png",1200,675,false],"2048x2048":["https:\/\/fmamiga909.com.ar\/wp-content\/uploads\/2024\/02\/wp-header-logo-207.png",1200,675,false],"newsium-slider-full":["https:\/\/fmamiga909.com.ar\/wp-content\/uploads\/2024\/02\/wp-header-logo-207.png",1200,675,false],"newsium-featured":["https:\/\/fmamiga909.com.ar\/wp-content\/uploads\/2024\/02\/wp-header-logo-207-1024x576.png",1024,576,true],"newsium-medium":["https:\/\/fmamiga909.com.ar\/wp-content\/uploads\/2024\/02\/wp-header-logo-207-720x475.png",720,475,true]},"author_info":{"display_name":"Fredy Giuliano","author_link":"https:\/\/fmamiga909.com.ar\/?author=3"},"category_info":"<a href=\"https:\/\/fmamiga909.com.ar\/?cat=21\" rel=\"category\">Deportes<\/a>","tag_info":"Deportes","comment_count":"0","_links":{"self":[{"href":"https:\/\/fmamiga909.com.ar\/index.php?rest_route=\/wp\/v2\/posts\/13337","targetHints":{"allow":["GET"]}}],"collection":[{"href":"https:\/\/fmamiga909.com.ar\/index.php?rest_route=\/wp\/v2\/posts"}],"about":[{"href":"https:\/\/fmamiga909.com.ar\/index.php?rest_route=\/wp\/v2\/types\/post"}],"author":[{"embeddable":true,"href":"https:\/\/fmamiga909.com.ar\/index.php?rest_route=\/wp\/v2\/users\/3"}],"replies":[{"embeddable":true,"href":"https:\/\/fmamiga909.com.ar\/index.php?rest_route=%2Fwp%2Fv2%2Fcomments&post=13337"}],"version-history":[{"count":0,"href":"https:\/\/fmamiga909.com.ar\/index.php?rest_route=\/wp\/v2\/posts\/13337\/revisions"}],"wp:featuredmedia":[{"embeddable":true,"href":"https:\/\/fmamiga909.com.ar\/index.php?rest_route=\/wp\/v2\/media\/13338"}],"wp:attachment":[{"href":"https:\/\/fmamiga909.com.ar\/index.php?rest_route=%2Fwp%2Fv2%2Fmedia&parent=13337"}],"wp:term":[{"taxonomy":"category","embeddable":true,"href":"https:\/\/fmamiga909.com.ar\/index.php?rest_route=%2Fwp%2Fv2%2Fcategories&post=13337"},{"taxonomy":"post_tag","embeddable":true,"href":"https:\/\/fmamiga909.com.ar\/index.php?rest_route=%2Fwp%2Fv2%2Ftags&post=13337"}],"curies":[{"name":"wp","href":"https:\/\/api.w.org\/{rel}","templated":true}]}}