{"id":13497,"date":"2024-04-26T21:59:32","date_gmt":"2024-04-26T21:59:32","guid":{"rendered":"https:\/\/fmamiga909.com.ar\/?p=13497"},"modified":"2024-04-26T21:59:34","modified_gmt":"2024-04-26T21:59:34","slug":"el-gobernador-maximiliano-pullaro-en-arrufo","status":"publish","type":"post","link":"https:\/\/fmamiga909.com.ar\/?p=13497","title":{"rendered":"El Gobernador Maximiliano Pullaro en Arrufo"},"content":{"rendered":"\n<p><strong><u>En Arruf\u00f3 el Gdor. Pullaro junto al Senador Michig y el Pte. Comunal Piumatti inauguraron 13 Viviendas<\/u><\/strong><\/p>\n\n\n\n<p>Este martes, continuando con la recorrida departamental, el Gobernador Maximiliano Pullaro acompa\u00f1ado del Senador Felipe Michlig y comitiva provincial visitaron la localidad de Arruf\u00f3 en donde encabezaron un acto junto al Pte. Comunal Cristian Piumatti en las instalaciones del Multiespacio Cultural local.<\/p>\n\n\n\n<p>Durante el desarrollo de las actividades tambi\u00e9n se destac\u00f3 la presencia de ministro de Desarrollo Productivo Gustavo Puccini, los diputados Marcelo Gonz\u00e1lez y Sof\u00eda Masutti, el Dir. Pcial de Viviendas y Urbanismo, Lucas Crivelli, el subsecretario de Articulaci\u00f3n Territorial del H\u00e1bitat, Rams\u00e9s Medina, los intendentes de Suardi y Ceres; los presidentes comunales de las localidades de Colonia Rosa, Villa Trinidad, Arruf\u00f3, Hersilia, Ceres y Mois\u00e9s Ville; entre otras autoridades provinciales, municipales y comunales.<\/p>\n\n\n\n<p>Finalizado el acto charlamos con el gobernador y esto decia:<\/p>\n\n\n\n<figure class=\"wp-block-embed is-type-video is-provider-youtube wp-block-embed-youtube wp-embed-aspect-16-9 wp-has-aspect-ratio\"><div class=\"wp-block-embed__wrapper\">\n<iframe loading=\"lazy\" title=\"Gobernador PULLARO\" width=\"640\" height=\"360\" src=\"https:\/\/www.youtube.com\/embed\/vhhYMmN7LxA?feature=oembed\" frameborder=\"0\" allow=\"accelerometer; autoplay; clipboard-write; encrypted-media; gyroscope; picture-in-picture; web-share\" referrerpolicy=\"strict-origin-when-cross-origin\" allowfullscreen><\/iframe>\n<\/div><\/figure>\n","protected":false},"excerpt":{"rendered":"<p>En Arruf\u00f3 el Gdor. Pullaro junto al Senador Michig y el Pte. Comunal Piumatti inauguraron&#8230;<\/p>\n","protected":false},"author":3,"featured_media":13499,"comment_status":"closed","ping_status":"closed","sticky":false,"template":"","format":"standard","meta":{"footnotes":""},"categories":[20,3],"tags":[],"class_list":["post-13497","post","type-post","status-publish","format-standard","has-post-thumbnail","hentry","category-entrevistas","category-noticias"],"featured_image_urls":{"full":["https:\/\/fmamiga909.com.ar\/wp-content\/uploads\/2024\/04\/pullaro-arrufo-1.jpg",1200,720,false],"thumbnail":["https:\/\/fmamiga909.com.ar\/wp-content\/uploads\/2024\/04\/pullaro-arrufo-1-150x150.jpg",150,150,true],"medium":["https:\/\/fmamiga909.com.ar\/wp-content\/uploads\/2024\/04\/pullaro-arrufo-1-300x180.jpg",300,180,true],"medium_large":["https:\/\/fmamiga909.com.ar\/wp-content\/uploads\/2024\/04\/pullaro-arrufo-1.jpg",1200,720,false],"large":["https:\/\/fmamiga909.com.ar\/wp-content\/uploads\/2024\/04\/pullaro-arrufo-1-1024x614.jpg",640,384,true],"1536x1536":["https:\/\/fmamiga909.com.ar\/wp-content\/uploads\/2024\/04\/pullaro-arrufo-1.jpg",1200,720,false],"2048x2048":["https:\/\/fmamiga909.com.ar\/wp-content\/uploads\/2024\/04\/pullaro-arrufo-1.jpg",1200,720,false],"newsium-slider-full":["https:\/\/fmamiga909.com.ar\/wp-content\/uploads\/2024\/04\/pullaro-arrufo-1.jpg",1200,720,false],"newsium-featured":["https:\/\/fmamiga909.com.ar\/wp-content\/uploads\/2024\/04\/pullaro-arrufo-1-1024x614.jpg",1024,614,true],"newsium-medium":["https:\/\/fmamiga909.com.ar\/wp-content\/uploads\/2024\/04\/pullaro-arrufo-1-720x475.jpg",720,475,true]},"author_info":{"display_name":"Fredy Giuliano","author_link":"https:\/\/fmamiga909.com.ar\/?author=3"},"category_info":"<a href=\"https:\/\/fmamiga909.com.ar\/?cat=20\" rel=\"category\">Entrevistas<\/a> <a href=\"https:\/\/fmamiga909.com.ar\/?cat=3\" rel=\"category\">Noticias<\/a>","tag_info":"Noticias","comment_count":"0","_links":{"self":[{"href":"https:\/\/fmamiga909.com.ar\/index.php?rest_route=\/wp\/v2\/posts\/13497","targetHints":{"allow":["GET"]}}],"collection":[{"href":"https:\/\/fmamiga909.com.ar\/index.php?rest_route=\/wp\/v2\/posts"}],"about":[{"href":"https:\/\/fmamiga909.com.ar\/index.php?rest_route=\/wp\/v2\/types\/post"}],"author":[{"embeddable":true,"href":"https:\/\/fmamiga909.com.ar\/index.php?rest_route=\/wp\/v2\/users\/3"}],"replies":[{"embeddable":true,"href":"https:\/\/fmamiga909.com.ar\/index.php?rest_route=%2Fwp%2Fv2%2Fcomments&post=13497"}],"version-history":[{"count":1,"href":"https:\/\/fmamiga909.com.ar\/index.php?rest_route=\/wp\/v2\/posts\/13497\/revisions"}],"predecessor-version":[{"id":13500,"href":"https:\/\/fmamiga909.com.ar\/index.php?rest_route=\/wp\/v2\/posts\/13497\/revisions\/13500"}],"wp:featuredmedia":[{"embeddable":true,"href":"https:\/\/fmamiga909.com.ar\/index.php?rest_route=\/wp\/v2\/media\/13499"}],"wp:attachment":[{"href":"https:\/\/fmamiga909.com.ar\/index.php?rest_route=%2Fwp%2Fv2%2Fmedia&parent=13497"}],"wp:term":[{"taxonomy":"category","embeddable":true,"href":"https:\/\/fmamiga909.com.ar\/index.php?rest_route=%2Fwp%2Fv2%2Fcategories&post=13497"},{"taxonomy":"post_tag","embeddable":true,"href":"https:\/\/fmamiga909.com.ar\/index.php?rest_route=%2Fwp%2Fv2%2Ftags&post=13497"}],"curies":[{"name":"wp","href":"https:\/\/api.w.org\/{rel}","templated":true}]}}