{"id":13520,"date":"2024-05-13T20:21:26","date_gmt":"2024-05-13T20:21:26","guid":{"rendered":"https:\/\/fmamiga909.com.ar\/?p=13520"},"modified":"2024-05-13T20:21:27","modified_gmt":"2024-05-13T20:21:27","slug":"motociclistas-y-ciclistas-el-sabado-18-reciben-la-bendicion-de-maria-auxiliadora-en-colonia-vignaud","status":"publish","type":"post","link":"https:\/\/fmamiga909.com.ar\/?p=13520","title":{"rendered":"Motociclistas y ciclistas el s\u00e1bado 18 reciben la bendici\u00f3n de Mar\u00eda Auxiliadora en Colonia Vignaud"},"content":{"rendered":"\n<p>Una nueva edici\u00f3n del encuentro de moteros y ciclistas se lleva a cabo este s\u00e1bado en el marco de la 81\u00b0 Peregrinaci\u00f3n al Santuario de Mar\u00eda Auxiliadora en Colonia Vignaud<\/p>\n\n\n\n<p>Este s\u00e1bado 18, a las 15, habr\u00e1 una concentraci\u00f3n de ciclistas y motociclistas frente a la Bas\u00edlica Sagrado Coraz\u00f3n de Jes\u00fas en Colonia Vignaud, donde recibir\u00e1n la bendici\u00f3n sacerdotal, dando inicio a las actividades programadas para la 81\u00b0 Peregrinaci\u00f3n al Santuario de Mar\u00eda Auxiliadora en Colonia Vignaud que tiene lugar este s\u00e1bado 18 y domingo 19 de mayo.<\/p>\n\n\n\n<p>El encuentro de fieles proseguir\u00e1 a las 17 con la celebraci\u00f3n de la primera misa dedicada a los motociclistas, ciclistas, vendedores y participantes de la organizaci\u00f3n y a las 19 se celebra la misa en la que participaran los jinetes de las agrupaciones gauchas que desde la ma\u00f1ana estar\u00e1n llegando al Parque Don Bosco.<\/p>\n\n\n\n<p>La actividad central se desarrolla el domingo 19 de mayo con la celebraci\u00f3n de la misa de aurora a las 4, para luego celebrar misas a las 6 y a las 8. En esta edici\u00f3n la misa de las 5,30 y las 11 no se celebran se concentran en las misas de las 6 y 8.<\/p>\n\n\n\n<p>A las 9,45 frente a la Bas\u00edlica Sagrado de Coraz\u00f3n de Jes\u00fas ser\u00e1 recibido por las autoridades el nuncio apost\u00f3lico en Argentina Monse\u00f1or Adamczyk Miroslaw quien llegar\u00e1 acompa\u00f1ado por el obispo diocesano Sergio Buenanueva, para desde ah\u00ed ingresar a la parroquia para a las 10 concelebrar la misa acompa\u00f1ada por el Coro de la Catedral de San Francisco.<\/p>\n\n\n\n<p>A las 11 encabezada por la imagen de Mar\u00eda Auxiliadora que es transportada en carruajes de \u00e9poca escoltada por m\u00e1s de 800 jinetes pertenecientes a agrupaciones gauchas de poblaciones de las provincias de C\u00f3rdoba, Santa Fe y Santiago del Estero desde la explanada de la Bas\u00edlica se realiza la procesi\u00f3n hasta el monumento a Mar\u00eda Auxiliadora patrona del agro argentino enclavado en el Parque Don Bosco donde se llevar\u00e1 a cabo el acto oficial con el representante del Papa en Argentina, Monse\u00f1or Adamczyk Miroslaw, quien adem\u00e1s impartir\u00e1 la bendici\u00f3n a las agrupaciones gauchas y todos los peregrinos.<\/p>\n\n\n\n<p>A las 13 tendr\u00e1 lugar el almuerzo, a las 14 al rezo del santo rosario, a las 14,30, 16, 17,30 y 19 celebrar las misas de la tarde con el acompa\u00f1amiento de coros de distintas parroquias de la regi\u00f3n.&#8211;<br>Has recibido este mensaje porque est\u00e1s suscrito al grupo \u00abPrensa\u00bb de Grupos de Google.<br>Para cancelar la suscripci\u00f3n a este grupo y dejar de recibir sus mensajes, env\u00eda un correo electr\u00f3nico a\u00a0<a href=\"mailto:informacionprensa+unsubscribe@googlegroups.com\">informacionprensa+unsubscribe@googlegroups.com<\/a>. <\/p>\n\n\n\n<figure class=\"wp-block-gallery has-nested-images columns-default is-cropped wp-block-gallery-1 is-layout-flex wp-block-gallery-is-layout-flex\">\n<figure class=\"wp-block-image size-large\"><img loading=\"lazy\" decoding=\"async\" width=\"1024\" height=\"678\" data-id=\"13526\" src=\"https:\/\/fmamiga909.com.ar\/wp-content\/uploads\/2024\/05\/Encuentro-ciclistas-y-motociclistas-1-1024x678.jpg\" alt=\"\" class=\"wp-image-13526\" srcset=\"https:\/\/fmamiga909.com.ar\/wp-content\/uploads\/2024\/05\/Encuentro-ciclistas-y-motociclistas-1-1024x678.jpg 1024w, https:\/\/fmamiga909.com.ar\/wp-content\/uploads\/2024\/05\/Encuentro-ciclistas-y-motociclistas-1-300x199.jpg 300w, https:\/\/fmamiga909.com.ar\/wp-content\/uploads\/2024\/05\/Encuentro-ciclistas-y-motociclistas-1.jpg 1183w\" sizes=\"auto, (max-width: 1024px) 100vw, 1024px\" \/><\/figure>\n\n\n\n<figure class=\"wp-block-image size-large\"><img loading=\"lazy\" decoding=\"async\" width=\"600\" height=\"600\" data-id=\"13524\" src=\"https:\/\/fmamiga909.com.ar\/wp-content\/uploads\/2024\/05\/Encuentro-Motos-y-Bicicletas-1.jpg\" alt=\"\" class=\"wp-image-13524\" srcset=\"https:\/\/fmamiga909.com.ar\/wp-content\/uploads\/2024\/05\/Encuentro-Motos-y-Bicicletas-1.jpg 600w, https:\/\/fmamiga909.com.ar\/wp-content\/uploads\/2024\/05\/Encuentro-Motos-y-Bicicletas-1-300x300.jpg 300w, https:\/\/fmamiga909.com.ar\/wp-content\/uploads\/2024\/05\/Encuentro-Motos-y-Bicicletas-1-150x150.jpg 150w\" sizes=\"auto, (max-width: 600px) 100vw, 600px\" \/><\/figure>\n\n\n\n<figure class=\"wp-block-image size-large\"><img loading=\"lazy\" decoding=\"async\" width=\"1024\" height=\"678\" data-id=\"13525\" src=\"https:\/\/fmamiga909.com.ar\/wp-content\/uploads\/2024\/05\/Procesion-1-1024x678.jpg\" alt=\"\" class=\"wp-image-13525\" srcset=\"https:\/\/fmamiga909.com.ar\/wp-content\/uploads\/2024\/05\/Procesion-1-1024x678.jpg 1024w, https:\/\/fmamiga909.com.ar\/wp-content\/uploads\/2024\/05\/Procesion-1-300x199.jpg 300w, https:\/\/fmamiga909.com.ar\/wp-content\/uploads\/2024\/05\/Procesion-1.jpg 1183w\" sizes=\"auto, (max-width: 1024px) 100vw, 1024px\" \/><\/figure>\n<\/figure>\n","protected":false},"excerpt":{"rendered":"<p>Una nueva edici\u00f3n del encuentro de moteros y ciclistas se lleva a cabo este s\u00e1bado&#8230;<\/p>\n","protected":false},"author":3,"featured_media":13522,"comment_status":"closed","ping_status":"closed","sticky":false,"template":"","format":"standard","meta":{"footnotes":""},"categories":[20,3],"tags":[],"class_list":["post-13520","post","type-post","status-publish","format-standard","has-post-thumbnail","hentry","category-entrevistas","category-noticias"],"featured_image_urls":{"full":["https:\/\/fmamiga909.com.ar\/wp-content\/uploads\/2024\/05\/Encuentro-ciclistas-y-motociclistas.jpg",1183,783,false],"thumbnail":["https:\/\/fmamiga909.com.ar\/wp-content\/uploads\/2024\/05\/Encuentro-ciclistas-y-motociclistas-150x150.jpg",150,150,true],"medium":["https:\/\/fmamiga909.com.ar\/wp-content\/uploads\/2024\/05\/Encuentro-ciclistas-y-motociclistas-300x199.jpg",300,199,true],"medium_large":["https:\/\/fmamiga909.com.ar\/wp-content\/uploads\/2024\/05\/Encuentro-ciclistas-y-motociclistas.jpg",1183,783,false],"large":["https:\/\/fmamiga909.com.ar\/wp-content\/uploads\/2024\/05\/Encuentro-ciclistas-y-motociclistas-1024x678.jpg",640,424,true],"1536x1536":["https:\/\/fmamiga909.com.ar\/wp-content\/uploads\/2024\/05\/Encuentro-ciclistas-y-motociclistas.jpg",1183,783,false],"2048x2048":["https:\/\/fmamiga909.com.ar\/wp-content\/uploads\/2024\/05\/Encuentro-ciclistas-y-motociclistas.jpg",1183,783,false],"newsium-slider-full":["https:\/\/fmamiga909.com.ar\/wp-content\/uploads\/2024\/05\/Encuentro-ciclistas-y-motociclistas.jpg",1183,783,false],"newsium-featured":["https:\/\/fmamiga909.com.ar\/wp-content\/uploads\/2024\/05\/Encuentro-ciclistas-y-motociclistas-1024x678.jpg",1024,678,true],"newsium-medium":["https:\/\/fmamiga909.com.ar\/wp-content\/uploads\/2024\/05\/Encuentro-ciclistas-y-motociclistas-720x475.jpg",720,475,true]},"author_info":{"display_name":"Fredy Giuliano","author_link":"https:\/\/fmamiga909.com.ar\/?author=3"},"category_info":"<a href=\"https:\/\/fmamiga909.com.ar\/?cat=20\" rel=\"category\">Entrevistas<\/a> <a href=\"https:\/\/fmamiga909.com.ar\/?cat=3\" rel=\"category\">Noticias<\/a>","tag_info":"Noticias","comment_count":"0","_links":{"self":[{"href":"https:\/\/fmamiga909.com.ar\/index.php?rest_route=\/wp\/v2\/posts\/13520","targetHints":{"allow":["GET"]}}],"collection":[{"href":"https:\/\/fmamiga909.com.ar\/index.php?rest_route=\/wp\/v2\/posts"}],"about":[{"href":"https:\/\/fmamiga909.com.ar\/index.php?rest_route=\/wp\/v2\/types\/post"}],"author":[{"embeddable":true,"href":"https:\/\/fmamiga909.com.ar\/index.php?rest_route=\/wp\/v2\/users\/3"}],"replies":[{"embeddable":true,"href":"https:\/\/fmamiga909.com.ar\/index.php?rest_route=%2Fwp%2Fv2%2Fcomments&post=13520"}],"version-history":[{"count":1,"href":"https:\/\/fmamiga909.com.ar\/index.php?rest_route=\/wp\/v2\/posts\/13520\/revisions"}],"predecessor-version":[{"id":13527,"href":"https:\/\/fmamiga909.com.ar\/index.php?rest_route=\/wp\/v2\/posts\/13520\/revisions\/13527"}],"wp:featuredmedia":[{"embeddable":true,"href":"https:\/\/fmamiga909.com.ar\/index.php?rest_route=\/wp\/v2\/media\/13522"}],"wp:attachment":[{"href":"https:\/\/fmamiga909.com.ar\/index.php?rest_route=%2Fwp%2Fv2%2Fmedia&parent=13520"}],"wp:term":[{"taxonomy":"category","embeddable":true,"href":"https:\/\/fmamiga909.com.ar\/index.php?rest_route=%2Fwp%2Fv2%2Fcategories&post=13520"},{"taxonomy":"post_tag","embeddable":true,"href":"https:\/\/fmamiga909.com.ar\/index.php?rest_route=%2Fwp%2Fv2%2Ftags&post=13520"}],"curies":[{"name":"wp","href":"https:\/\/api.w.org\/{rel}","templated":true}]}}