{"id":13672,"date":"2024-07-03T22:49:36","date_gmt":"2024-07-03T22:49:36","guid":{"rendered":"https:\/\/fmamiga909.com.ar\/?p=13672"},"modified":"2024-07-03T22:49:38","modified_gmt":"2024-07-03T22:49:38","slug":"siempre-es-lindo-venir-a-hersilia","status":"publish","type":"post","link":"https:\/\/fmamiga909.com.ar\/?p=13672","title":{"rendered":"\u00abSiempre es lindo venir a Hersilia\u00bb"},"content":{"rendered":"\n<p>El Gobernador Maximiliano Pullaro visit\u00f3 nuestra localidad con motivo de los 132\u00b0 aniversario de su fundaci\u00f3n, luego de haber dejado inaugurado el trayecto de \u00abLa Esperanza\u00bb a trav\u00e9s del plan \u00abCaminos de la Producci\u00f3n\u00bb , particip\u00f3 de los actos protocolares en la inauguraci\u00f3n y puesta en valor del Reloj P\u00fablico y trabajos de pavimentaci\u00f3n.<\/p>\n\n\n\n<p>Antes de subir al helic\u00f3ptero que lo trasladar\u00eda nuevamente a la ciudad de Santa Fe, el mandatario visit\u00f3 el Club de los Abuelos donde recorri\u00f3 las obras que se realizaron con los fondos que el mismo envi\u00f3 a la instituci\u00f3n, luego de ver los destrozos ocasionados por el fuerte temporal que azoto a nuestra localidad a findes del a\u00f1o pasado.<\/p>\n\n\n\n<p>Fue recibido por integrantes del grupo de trabajo del Club de Abuelos quienes lo agasajaron a El, al Senador Felipe Michlig, al Ministro Puccini y al Diputado Marcelo Gonzales, con pastelitos realizados por ellos mismos, Caf\u00e9 y Gaseosas. <\/p>\n\n\n\n<p>En un momento pudimos entrevistarlo y nos dijo lo siguiente:<\/p>\n\n\n\n<figure class=\"wp-block-embed is-type-video is-provider-youtube wp-block-embed-youtube wp-embed-aspect-16-9 wp-has-aspect-ratio\"><div class=\"wp-block-embed__wrapper\">\n<iframe loading=\"lazy\" title=\"Club Abuelos\" width=\"640\" height=\"360\" src=\"https:\/\/www.youtube.com\/embed\/-r5iE0FXVYY?feature=oembed\" frameborder=\"0\" allow=\"accelerometer; autoplay; clipboard-write; encrypted-media; gyroscope; picture-in-picture; web-share\" referrerpolicy=\"strict-origin-when-cross-origin\" allowfullscreen><\/iframe>\n<\/div><\/figure>\n\n\n\n<p><\/p>\n","protected":false},"excerpt":{"rendered":"<p>El Gobernador Maximiliano Pullaro visit\u00f3 nuestra localidad con motivo de los 132\u00b0 aniversario de su&#8230;<\/p>\n","protected":false},"author":3,"featured_media":13673,"comment_status":"closed","ping_status":"closed","sticky":false,"template":"","format":"standard","meta":{"footnotes":""},"categories":[20,3],"tags":[],"class_list":["post-13672","post","type-post","status-publish","format-standard","has-post-thumbnail","hentry","category-entrevistas","category-noticias"],"featured_image_urls":{"full":["https:\/\/fmamiga909.com.ar\/wp-content\/uploads\/2024\/07\/pullaro-fredy.jpeg",1600,1066,false],"thumbnail":["https:\/\/fmamiga909.com.ar\/wp-content\/uploads\/2024\/07\/pullaro-fredy-150x150.jpeg",150,150,true],"medium":["https:\/\/fmamiga909.com.ar\/wp-content\/uploads\/2024\/07\/pullaro-fredy-300x200.jpeg",300,200,true],"medium_large":["https:\/\/fmamiga909.com.ar\/wp-content\/uploads\/2024\/07\/pullaro-fredy.jpeg",1600,1066,false],"large":["https:\/\/fmamiga909.com.ar\/wp-content\/uploads\/2024\/07\/pullaro-fredy-1024x682.jpeg",640,426,true],"1536x1536":["https:\/\/fmamiga909.com.ar\/wp-content\/uploads\/2024\/07\/pullaro-fredy-1536x1023.jpeg",1536,1023,true],"2048x2048":["https:\/\/fmamiga909.com.ar\/wp-content\/uploads\/2024\/07\/pullaro-fredy.jpeg",1600,1066,false],"newsium-slider-full":["https:\/\/fmamiga909.com.ar\/wp-content\/uploads\/2024\/07\/pullaro-fredy-1280x845.jpeg",1280,845,true],"newsium-featured":["https:\/\/fmamiga909.com.ar\/wp-content\/uploads\/2024\/07\/pullaro-fredy-1024x682.jpeg",1024,682,true],"newsium-medium":["https:\/\/fmamiga909.com.ar\/wp-content\/uploads\/2024\/07\/pullaro-fredy-720x475.jpeg",720,475,true]},"author_info":{"display_name":"Fredy Giuliano","author_link":"https:\/\/fmamiga909.com.ar\/?author=3"},"category_info":"<a href=\"https:\/\/fmamiga909.com.ar\/?cat=20\" rel=\"category\">Entrevistas<\/a> <a href=\"https:\/\/fmamiga909.com.ar\/?cat=3\" rel=\"category\">Noticias<\/a>","tag_info":"Noticias","comment_count":"0","_links":{"self":[{"href":"https:\/\/fmamiga909.com.ar\/index.php?rest_route=\/wp\/v2\/posts\/13672","targetHints":{"allow":["GET"]}}],"collection":[{"href":"https:\/\/fmamiga909.com.ar\/index.php?rest_route=\/wp\/v2\/posts"}],"about":[{"href":"https:\/\/fmamiga909.com.ar\/index.php?rest_route=\/wp\/v2\/types\/post"}],"author":[{"embeddable":true,"href":"https:\/\/fmamiga909.com.ar\/index.php?rest_route=\/wp\/v2\/users\/3"}],"replies":[{"embeddable":true,"href":"https:\/\/fmamiga909.com.ar\/index.php?rest_route=%2Fwp%2Fv2%2Fcomments&post=13672"}],"version-history":[{"count":1,"href":"https:\/\/fmamiga909.com.ar\/index.php?rest_route=\/wp\/v2\/posts\/13672\/revisions"}],"predecessor-version":[{"id":13674,"href":"https:\/\/fmamiga909.com.ar\/index.php?rest_route=\/wp\/v2\/posts\/13672\/revisions\/13674"}],"wp:featuredmedia":[{"embeddable":true,"href":"https:\/\/fmamiga909.com.ar\/index.php?rest_route=\/wp\/v2\/media\/13673"}],"wp:attachment":[{"href":"https:\/\/fmamiga909.com.ar\/index.php?rest_route=%2Fwp%2Fv2%2Fmedia&parent=13672"}],"wp:term":[{"taxonomy":"category","embeddable":true,"href":"https:\/\/fmamiga909.com.ar\/index.php?rest_route=%2Fwp%2Fv2%2Fcategories&post=13672"},{"taxonomy":"post_tag","embeddable":true,"href":"https:\/\/fmamiga909.com.ar\/index.php?rest_route=%2Fwp%2Fv2%2Ftags&post=13672"}],"curies":[{"name":"wp","href":"https:\/\/api.w.org\/{rel}","templated":true}]}}