{"id":13863,"date":"2024-07-31T04:28:42","date_gmt":"2024-07-31T04:28:42","guid":{"rendered":"https:\/\/fmamiga909.com.ar\/?p=13863"},"modified":"2024-07-31T04:28:42","modified_gmt":"2024-07-31T04:28:42","slug":"enzo-fernandez-se-reincorporo-al-chelsea-disculpas-y-donacion","status":"publish","type":"post","link":"https:\/\/fmamiga909.com.ar\/?p=13863","title":{"rendered":"Enzo Fern\u00e1ndez se reincorpor\u00f3 al Chelsea: disculpas y donaci\u00f3n"},"content":{"rendered":"<div>\n<p><b>Enzo Fern\u00e1ndez se reincorpor\u00f3 este martes al Chelsea de Inglaterra <\/b>tras consagrarse campe\u00f3n de la Copa Am\u00e9rica y despu\u00e9s de la <b>pol\u00e9mica por los c\u00e1nticos racistas <\/b>de los jugadores de la Selecci\u00f3n durante los festejos, episodio que lo dej\u00f3 como receptor casi exclusivo de las cr\u00edticas por aparecer en primer plano en el video.<\/p>\n<p>El exRiver y Defensa y Justicia se uni\u00f3 a la pretemporada que el equipo londinense est\u00e1 llevando a cabo en Atlanta, Estados Unidos, y<b> les ofreci\u00f3 sus disculpas personalmente a todos sus compa\u00f1eros<\/b>, actitud que fue tomada positivamente.<\/p>\n<p>Vale recordar que varios de sus compa\u00f1eros del Chelsea, franceses sobre todo, apuntaron p\u00fablicamente contra el volante campe\u00f3n del mundo.<\/p>\n<p> Adem\u00e1s, Enzo realizar\u00e1 una <b>donaci\u00f3n significativa a una organizaci\u00f3n ben\u00e9fica que lucha contra la discriminaci\u00f3n<\/b>, mientras que el Chelsea se sum\u00f3 a esta iniciativa y tambi\u00e9n donar\u00e1 una suma similar a la del futbolista, cifra que no trascendi\u00f3.<\/p>\n<p> A pesar de que tanto el plantel del Chelsea como el jugador consideran esta situaci\u00f3n como un asunto cerrado,<b> resta saber qu\u00e9 decide la Premier League tras su investigaci\u00f3n por el episodio<\/b>, en la que se especul\u00f3 que puede haber una sanci\u00f3n de hasta 12 fechas.<\/p>\n<\/div>\n<p><a href=\"https:\/\/www.pagina12.com.ar\/756364-enzo-fernandez-se-reincorporo-al-chelsea-disculpas-y-donacio\">source<\/a><\/p>\n","protected":false},"excerpt":{"rendered":"<p>Enzo Fern\u00e1ndez se reincorpor\u00f3 este martes al Chelsea de Inglaterra tras consagrarse campe\u00f3n de la&#8230;<\/p>\n","protected":false},"author":3,"featured_media":13864,"comment_status":"closed","ping_status":"closed","sticky":false,"template":"","format":"standard","meta":{"footnotes":""},"categories":[21],"tags":[],"class_list":["post-13863","post","type-post","status-publish","format-standard","has-post-thumbnail","hentry","category-deportes"],"featured_image_urls":{"full":["https:\/\/fmamiga909.com.ar\/wp-content\/uploads\/2024\/07\/wp-header-logo-64.png",960,540,false],"thumbnail":["https:\/\/fmamiga909.com.ar\/wp-content\/uploads\/2024\/07\/wp-header-logo-64-150x150.png",150,150,true],"medium":["https:\/\/fmamiga909.com.ar\/wp-content\/uploads\/2024\/07\/wp-header-logo-64-300x169.png",300,169,true],"medium_large":["https:\/\/fmamiga909.com.ar\/wp-content\/uploads\/2024\/07\/wp-header-logo-64.png",960,540,false],"large":["https:\/\/fmamiga909.com.ar\/wp-content\/uploads\/2024\/07\/wp-header-logo-64.png",640,360,false],"1536x1536":["https:\/\/fmamiga909.com.ar\/wp-content\/uploads\/2024\/07\/wp-header-logo-64.png",960,540,false],"2048x2048":["https:\/\/fmamiga909.com.ar\/wp-content\/uploads\/2024\/07\/wp-header-logo-64.png",960,540,false],"newsium-slider-full":["https:\/\/fmamiga909.com.ar\/wp-content\/uploads\/2024\/07\/wp-header-logo-64.png",960,540,false],"newsium-featured":["https:\/\/fmamiga909.com.ar\/wp-content\/uploads\/2024\/07\/wp-header-logo-64.png",960,540,false],"newsium-medium":["https:\/\/fmamiga909.com.ar\/wp-content\/uploads\/2024\/07\/wp-header-logo-64-720x475.png",720,475,true]},"author_info":{"display_name":"Fredy Giuliano","author_link":"https:\/\/fmamiga909.com.ar\/?author=3"},"category_info":"<a href=\"https:\/\/fmamiga909.com.ar\/?cat=21\" rel=\"category\">Deportes<\/a>","tag_info":"Deportes","comment_count":"0","_links":{"self":[{"href":"https:\/\/fmamiga909.com.ar\/index.php?rest_route=\/wp\/v2\/posts\/13863","targetHints":{"allow":["GET"]}}],"collection":[{"href":"https:\/\/fmamiga909.com.ar\/index.php?rest_route=\/wp\/v2\/posts"}],"about":[{"href":"https:\/\/fmamiga909.com.ar\/index.php?rest_route=\/wp\/v2\/types\/post"}],"author":[{"embeddable":true,"href":"https:\/\/fmamiga909.com.ar\/index.php?rest_route=\/wp\/v2\/users\/3"}],"replies":[{"embeddable":true,"href":"https:\/\/fmamiga909.com.ar\/index.php?rest_route=%2Fwp%2Fv2%2Fcomments&post=13863"}],"version-history":[{"count":0,"href":"https:\/\/fmamiga909.com.ar\/index.php?rest_route=\/wp\/v2\/posts\/13863\/revisions"}],"wp:featuredmedia":[{"embeddable":true,"href":"https:\/\/fmamiga909.com.ar\/index.php?rest_route=\/wp\/v2\/media\/13864"}],"wp:attachment":[{"href":"https:\/\/fmamiga909.com.ar\/index.php?rest_route=%2Fwp%2Fv2%2Fmedia&parent=13863"}],"wp:term":[{"taxonomy":"category","embeddable":true,"href":"https:\/\/fmamiga909.com.ar\/index.php?rest_route=%2Fwp%2Fv2%2Fcategories&post=13863"},{"taxonomy":"post_tag","embeddable":true,"href":"https:\/\/fmamiga909.com.ar\/index.php?rest_route=%2Fwp%2Fv2%2Ftags&post=13863"}],"curies":[{"name":"wp","href":"https:\/\/api.w.org\/{rel}","templated":true}]}}