{"id":13865,"date":"2024-07-31T04:31:54","date_gmt":"2024-07-31T04:31:54","guid":{"rendered":"https:\/\/fmamiga909.com.ar\/?p=13865"},"modified":"2024-07-31T04:31:54","modified_gmt":"2024-07-31T04:31:54","slug":"juegos-olimpicos-simone-biles-volvio-a-lo-grande","status":"publish","type":"post","link":"https:\/\/fmamiga909.com.ar\/?p=13865","title":{"rendered":"Juegos Ol\u00edmpicos: Simone Biles volvi\u00f3 a lo grande"},"content":{"rendered":"<div>\n<p><b>La estadounidense Simone Biles volvi\u00f3 y a lo grande. <\/b>La gimnasta, una de las estrellas de estos <b>Juegos Ol\u00edmpicos, condujo este martes a las suyas hacia el oro en la prueba por equipos<\/b>, la misma que la vio abandonar en plena competencia de Tokio 2021.<\/p>\n<p>En aquella ocasi\u00f3n, Biles anunci\u00f3 que no participar\u00eda de la final por problemas de <b>salud mental<\/b>, con lo que Estados Unidos termin\u00f3 llev\u00e1ndose la plata por detr\u00e1s de las rusas. Simone se baj\u00f3 luego de otras cuatro competencias individuales en Tokio, sumando apenas un bronce en barra de equilibrio cuando ven\u00eda de conquistar <b>cuatro oros y un bronce en R\u00edo 2016<\/b>.<\/p>\n<div class=\"iframely-embed medium-embedded-content\" data-html=\"Jmx0O2Jsb2NrcXVvdGUgY2xhc3M9InR3aXR0ZXItdHdlZXQiIGRhdGEtZG50PSJ0cnVlIiBhbGlnbj0iY2VudGVyIiZndDsmbHQ7cCBsYW5nPSJlbiIgZGlyPSJsdHIiJmd0O0luIGEgbGVhZ3VlIG9mIGhlciBvd24g8J+QkCAmbHQ7YSBocmVmPSJodHRwczovL3R3aXR0ZXIuY29tL1NpbW9uZV9CaWxlcz9yZWZfc3JjPXR3c3JjJTVFdGZ3IiZndDtAU2ltb25lX0JpbGVzJmx0Oy9hJmd0OyBpcyB0aGUgbW9zdCBkZWNvcmF0ZWQgVS5TLiBPbHltcGljIGd5bW5hc3QgaW4gaGlzdG9yeSEgJmx0O2EgaHJlZj0iaHR0cHM6Ly90d2l0dGVyLmNvbS9oYXNodGFnL1BhcmlzT2x5bXBpY3M\/c3JjPWhhc2gmYW1wO2FtcDtyZWZfc3JjPXR3c3JjJTVFdGZ3IiZndDsjUGFyaXNPbHltcGljcyZsdDsvYSZndDsgJmx0O2EgaHJlZj0iaHR0cHM6Ly90LmNvL1d3T0pkQ3k2MFMiJmd0O3BpYy50d2l0dGVyLmNvbS9Xd09KZEN5NjBTJmx0Oy9hJmd0OyZsdDsvcCZndDsmYW1wO21kYXNoOyBUZWFtIFVTQSAoQFRlYW1VU0EpICZsdDthIGhyZWY9Imh0dHBzOi8vdHdpdHRlci5jb20vVGVhbVVTQS9zdGF0dXMvMTgxODM1NDI2NDA4MDg5MTkzNT9yZWZfc3JjPXR3c3JjJTVFdGZ3IiZndDtKdWx5IDMwLCAyMDI0Jmx0Oy9hJmd0OyZsdDsvYmxvY2txdW90ZSZndDsKJmx0O3NjcmlwdCBhc3luYyBzcmM9Imh0dHBzOi8vcGxhdGZvcm0udHdpdHRlci5jb20vd2lkZ2V0cy5qcyIgY2hhcnNldD0idXRmLTgiJmd0OyZsdDsvc2NyaXB0Jmd0OwoKJmx0O2RpdiBjbGFzcz0ibWVkaXVtLWluc2VydC1lbWJlZHMtbWV0YSImZ3Q7Jmx0O3NjcmlwdCB0eXBlPSJ0ZXh0L2pzb24iJmd0O3sidXJsIjoiaHR0cHM6Ly90d2l0dGVyLmNvbS9UZWFtVVNBL3N0YXR1cy8xODE4MzU0MjY0MDgwODkxOTM1IiwidHlwZSI6InJpY2giLCJ2ZXJzaW9uIjoiMS4wIiwidGl0bGUiOiJUZWFtIFVTQSBvbiBUd2l0dGVyIC8gWCIsImF1dGhvciI6IlRlYW0gVVNBIiwiYXV0aG9yX3VybCI6Imh0dHBzOi8vdHdpdHRlci5jb20vVGVhbVVTQSIsInByb3ZpZGVyX25hbWUiOiJUd2l0dGVyIiwiZGVzY3JpcHRpb24iOiJJbiBhIGxlYWd1ZSBvZiBoZXIgb3duIPCfkJAgQFNpbW9uZV9CaWxlcyBpcyB0aGUgbW9zdCBkZWNvcmF0ZWQgVS5TLiBPbHltcGljIGd5bW5hc3QgaW4gaGlzdG9yeSEgI1BhcmlzT2x5bXBpY3MgcGljLnR3aXR0ZXIuY29tL1d3T0pkQ3k2MFPigJQgVGVhbSBVU0EgKEBUZWFtVVNBKSBKdWx5IDMwLCAyMDI0XG5cblxuIiwiY2FjaGVfYWdlIjo4NjQwMCwib3B0aW9ucyI6eyJfaGlkZV9tZWRpYSI6eyJsYWJlbCI6IkhpZGUgcGhvdG9zLCB2aWRlb3MsIGFuZCBjYXJkcyIsInZhbHVlIjpmYWxzZX0sIl90aGVtZSI6eyJ2YWx1ZSI6IiIsInZhbHVlcyI6eyJkYXJrIjoiVXNlIGRhcmsgdGhlbWUifX0sIl9tYXh3aWR0aCI6eyJ2YWx1ZSI6IiIsImxhYmVsIjoiQWRqdXN0IHdpZHRoIiwicGxhY2Vob2xkZXIiOiIyMjAtNTUwLCBpbiBweCJ9fX0mbHQ7L3NjcmlwdCZndDsmbHQ7L2RpdiZndDs=\">\n<a data-iframely-url=\"\" href=\"https:\/\/twitter.com\/TeamUSA\/status\/1818354264080891935\">https:\/\/twitter.com\/TeamUSA\/status\/1818354264080891935<\/a>\n<\/div>\n<p>Pero en Par\u00eds todo fue diferente. La crack de 27 a\u00f1os, quien ven\u00eda de sufrir una lesi\u00f3n menor el domingo en pleno calentamiento, respondi\u00f3 a lo grande junto a Sunisa Lee, Jade Carey, Jordan Chiles y Hezly Rivera para quedarse por el oro por delante de<b> Italia (plata) y Brasil (bronce), que volvi\u00f3 a hacer historia en gimnasia art\u00edstica de la mano de la excepcional Rebeca Andrade<\/b>, oro y plata en Tokio.<\/p>\n<p>En el estadio estuvieron celebridades del deporte yanqui como <b>Michael Phelps y Serena Williams<\/b>, en tanto que tampoco quiso perderse la actuaci\u00f3n de Biles el presidente de la FIFA,<b> Gianni Infantino<\/b>.<\/p>\n<p><b>Biles ir\u00e1 por otras cinco medallas el 3, 4 y 5 de agosto<\/b> en las finales de aparatos individuales y la competencia general.<\/p>\n<\/div>\n<p><script async src=\"\/\/platform.twitter.com\/widgets.js\" charset=\"utf-8\"><\/script><br \/><a href=\"https:\/\/www.pagina12.com.ar\/756393-juegos-olimpicos-simone-biles-volvio-a-lo-grande\">source<\/a><\/p>\n","protected":false},"excerpt":{"rendered":"<p>La estadounidense Simone Biles volvi\u00f3 y a lo grande. La gimnasta, una de las estrellas&#8230;<\/p>\n","protected":false},"author":3,"featured_media":13866,"comment_status":"closed","ping_status":"closed","sticky":false,"template":"","format":"standard","meta":{"footnotes":""},"categories":[21],"tags":[],"class_list":["post-13865","post","type-post","status-publish","format-standard","has-post-thumbnail","hentry","category-deportes"],"featured_image_urls":{"full":["https:\/\/fmamiga909.com.ar\/wp-content\/uploads\/2024\/07\/wp-header-logo-65.png",960,540,false],"thumbnail":["https:\/\/fmamiga909.com.ar\/wp-content\/uploads\/2024\/07\/wp-header-logo-65-150x150.png",150,150,true],"medium":["https:\/\/fmamiga909.com.ar\/wp-content\/uploads\/2024\/07\/wp-header-logo-65-300x169.png",300,169,true],"medium_large":["https:\/\/fmamiga909.com.ar\/wp-content\/uploads\/2024\/07\/wp-header-logo-65.png",960,540,false],"large":["https:\/\/fmamiga909.com.ar\/wp-content\/uploads\/2024\/07\/wp-header-logo-65.png",640,360,false],"1536x1536":["https:\/\/fmamiga909.com.ar\/wp-content\/uploads\/2024\/07\/wp-header-logo-65.png",960,540,false],"2048x2048":["https:\/\/fmamiga909.com.ar\/wp-content\/uploads\/2024\/07\/wp-header-logo-65.png",960,540,false],"newsium-slider-full":["https:\/\/fmamiga909.com.ar\/wp-content\/uploads\/2024\/07\/wp-header-logo-65.png",960,540,false],"newsium-featured":["https:\/\/fmamiga909.com.ar\/wp-content\/uploads\/2024\/07\/wp-header-logo-65.png",960,540,false],"newsium-medium":["https:\/\/fmamiga909.com.ar\/wp-content\/uploads\/2024\/07\/wp-header-logo-65-720x475.png",720,475,true]},"author_info":{"display_name":"Fredy Giuliano","author_link":"https:\/\/fmamiga909.com.ar\/?author=3"},"category_info":"<a href=\"https:\/\/fmamiga909.com.ar\/?cat=21\" rel=\"category\">Deportes<\/a>","tag_info":"Deportes","comment_count":"0","_links":{"self":[{"href":"https:\/\/fmamiga909.com.ar\/index.php?rest_route=\/wp\/v2\/posts\/13865","targetHints":{"allow":["GET"]}}],"collection":[{"href":"https:\/\/fmamiga909.com.ar\/index.php?rest_route=\/wp\/v2\/posts"}],"about":[{"href":"https:\/\/fmamiga909.com.ar\/index.php?rest_route=\/wp\/v2\/types\/post"}],"author":[{"embeddable":true,"href":"https:\/\/fmamiga909.com.ar\/index.php?rest_route=\/wp\/v2\/users\/3"}],"replies":[{"embeddable":true,"href":"https:\/\/fmamiga909.com.ar\/index.php?rest_route=%2Fwp%2Fv2%2Fcomments&post=13865"}],"version-history":[{"count":0,"href":"https:\/\/fmamiga909.com.ar\/index.php?rest_route=\/wp\/v2\/posts\/13865\/revisions"}],"wp:featuredmedia":[{"embeddable":true,"href":"https:\/\/fmamiga909.com.ar\/index.php?rest_route=\/wp\/v2\/media\/13866"}],"wp:attachment":[{"href":"https:\/\/fmamiga909.com.ar\/index.php?rest_route=%2Fwp%2Fv2%2Fmedia&parent=13865"}],"wp:term":[{"taxonomy":"category","embeddable":true,"href":"https:\/\/fmamiga909.com.ar\/index.php?rest_route=%2Fwp%2Fv2%2Fcategories&post=13865"},{"taxonomy":"post_tag","embeddable":true,"href":"https:\/\/fmamiga909.com.ar\/index.php?rest_route=%2Fwp%2Fv2%2Ftags&post=13865"}],"curies":[{"name":"wp","href":"https:\/\/api.w.org\/{rel}","templated":true}]}}